{"id":17094,"date":"2020-01-24T21:49:18","date_gmt":"2020-01-24T21:49:18","guid":{"rendered":"https:\/\/jorgezanoni.com.br\/2019\/?p=17094"},"modified":"2020-01-25T15:02:16","modified_gmt":"2020-01-25T15:02:16","slug":"morre-patricia-cardoso-guerra-garcia-presidente-do-gravocap-de-pauliceia","status":"publish","type":"post","link":"https:\/\/jorgezanoni.com.br\/2019\/morre-patricia-cardoso-guerra-garcia-presidente-do-gravocap-de-pauliceia\/","title":{"rendered":"Morre Patr\u00edcia Cardoso Guerra Garcia Presidente do GRAVOCAP de Paulic\u00e9ia"},"content":{"rendered":"<p style=\"text-align: justify;\">TRISTEZA EM PAULIC\u00c9IA- Faleceu no in\u00edcio desta tarde, Patr\u00edcia Cardoso Guerra Garcia, Presidente da Gravocap (Grupo de Apoio Volunt\u00e1rio no Combate ao C\u00e2ncer) de Paulic\u00e9ia. Patr\u00edcia lutava contra o c\u00e2ncer j\u00e1 h\u00e1 alguns anos. Falecimento ocorreu em Ja\u00fa.<\/p>\n<p style=\"text-align: justify;\"><img loading=\"lazy\" decoding=\"async\" class=\"alignnone size-full wp-image-17150\" src=\"https:\/\/jorgezanoni.com.br\/2019\/wp-content\/uploads\/2020\/01\/Patricia.jpg\" alt=\"\" width=\"1280\" height=\"640\" srcset=\"https:\/\/jorgezanoni.com.br\/2019\/wp-content\/uploads\/2020\/01\/Patricia.jpg 1280w, https:\/\/jorgezanoni.com.br\/2019\/wp-content\/uploads\/2020\/01\/Patricia-300x150.jpg 300w, https:\/\/jorgezanoni.com.br\/2019\/wp-content\/uploads\/2020\/01\/Patricia-768x384.jpg 768w, https:\/\/jorgezanoni.com.br\/2019\/wp-content\/uploads\/2020\/01\/Patricia-1024x512.jpg 1024w, https:\/\/jorgezanoni.com.br\/2019\/wp-content\/uploads\/2020\/01\/Patricia-696x348.jpg 696w, https:\/\/jorgezanoni.com.br\/2019\/wp-content\/uploads\/2020\/01\/Patricia-1068x534.jpg 1068w, https:\/\/jorgezanoni.com.br\/2019\/wp-content\/uploads\/2020\/01\/Patricia-840x420.jpg 840w\" sizes=\"auto, (max-width: 1280px) 100vw, 1280px\" \/><\/p>\n<p>Fonte: Panorama Not\u00edcias<\/p>\n","protected":false},"excerpt":{"rendered":"<p>TRISTEZA EM PAULIC\u00c9IA- Faleceu no in\u00edcio desta tarde, Patr\u00edcia Cardoso Guerra Garcia, Presidente da Gravocap (Grupo de Apoio Volunt\u00e1rio no Combate ao C\u00e2ncer) de Paulic\u00e9ia. Patr\u00edcia lutava contra o c\u00e2ncer j\u00e1 h\u00e1 alguns anos. Falecimento ocorreu em Ja\u00fa. Fonte: Panorama Not\u00edcias<\/p>\n","protected":false},"author":1,"featured_media":17095,"comment_status":"closed","ping_status":"open","sticky":false,"template":"","format":"standard","meta":{"footnotes":""},"categories":[178],"tags":[],"class_list":["post-17094","post","type-post","status-publish","format-standard","has-post-thumbnail","hentry","category-notadefalecimento"],"_links":{"self":[{"href":"https:\/\/jorgezanoni.com.br\/2019\/wp-json\/wp\/v2\/posts\/17094","targetHints":{"allow":["GET"]}}],"collection":[{"href":"https:\/\/jorgezanoni.com.br\/2019\/wp-json\/wp\/v2\/posts"}],"about":[{"href":"https:\/\/jorgezanoni.com.br\/2019\/wp-json\/wp\/v2\/types\/post"}],"author":[{"embeddable":true,"href":"https:\/\/jorgezanoni.com.br\/2019\/wp-json\/wp\/v2\/users\/1"}],"replies":[{"embeddable":true,"href":"https:\/\/jorgezanoni.com.br\/2019\/wp-json\/wp\/v2\/comments?post=17094"}],"version-history":[{"count":0,"href":"https:\/\/jorgezanoni.com.br\/2019\/wp-json\/wp\/v2\/posts\/17094\/revisions"}],"wp:featuredmedia":[{"embeddable":true,"href":"https:\/\/jorgezanoni.com.br\/2019\/wp-json\/wp\/v2\/media\/17095"}],"wp:attachment":[{"href":"https:\/\/jorgezanoni.com.br\/2019\/wp-json\/wp\/v2\/media?parent=17094"}],"wp:term":[{"taxonomy":"category","embeddable":true,"href":"https:\/\/jorgezanoni.com.br\/2019\/wp-json\/wp\/v2\/categories?post=17094"},{"taxonomy":"post_tag","embeddable":true,"href":"https:\/\/jorgezanoni.com.br\/2019\/wp-json\/wp\/v2\/tags?post=17094"}],"curies":[{"name":"wp","href":"https:\/\/api.w.org\/{rel}","templated":true}]}}