{"id":17089,"date":"2020-01-24T21:37:22","date_gmt":"2020-01-24T21:37:22","guid":{"rendered":"https:\/\/jorgezanoni.com.br\/2019\/?p=17089"},"modified":"2020-01-24T21:37:22","modified_gmt":"2020-01-24T21:37:22","slug":"morre-uma-lenda-do-esporte-adamantinense-antonio-libarino-bassan","status":"publish","type":"post","link":"https:\/\/jorgezanoni.com.br\/2019\/morre-uma-lenda-do-esporte-adamantinense-antonio-libarino-bassan\/","title":{"rendered":"Morre uma lenda do esporte adamantinense, Ant\u00f4nio Libarino Bassan"},"content":{"rendered":"<p><strong><em>Ex jogador do Guarani de Adamantina e v\u00e1rias outras grandes equipes<\/em> da \u00e9poca.<\/strong><\/p>\n<p><img loading=\"lazy\" decoding=\"async\" class=\"alignnone size-full wp-image-17090\" src=\"https:\/\/jorgezanoni.com.br\/2019\/wp-content\/uploads\/2020\/01\/bassan.jpg\" alt=\"\" width=\"1280\" height=\"720\" srcset=\"https:\/\/jorgezanoni.com.br\/2019\/wp-content\/uploads\/2020\/01\/bassan.jpg 1280w, https:\/\/jorgezanoni.com.br\/2019\/wp-content\/uploads\/2020\/01\/bassan-300x169.jpg 300w, https:\/\/jorgezanoni.com.br\/2019\/wp-content\/uploads\/2020\/01\/bassan-768x432.jpg 768w, https:\/\/jorgezanoni.com.br\/2019\/wp-content\/uploads\/2020\/01\/bassan-1024x576.jpg 1024w, https:\/\/jorgezanoni.com.br\/2019\/wp-content\/uploads\/2020\/01\/bassan-696x392.jpg 696w, https:\/\/jorgezanoni.com.br\/2019\/wp-content\/uploads\/2020\/01\/bassan-1068x601.jpg 1068w, https:\/\/jorgezanoni.com.br\/2019\/wp-content\/uploads\/2020\/01\/bassan-747x420.jpg 747w\" sizes=\"auto, (max-width: 1280px) 100vw, 1280px\" \/> <img loading=\"lazy\" decoding=\"async\" class=\"alignnone size-full wp-image-17092\" src=\"https:\/\/jorgezanoni.com.br\/2019\/wp-content\/uploads\/2020\/01\/bassan2.jpg\" alt=\"\" width=\"200\" height=\"200\" srcset=\"https:\/\/jorgezanoni.com.br\/2019\/wp-content\/uploads\/2020\/01\/bassan2.jpg 200w, https:\/\/jorgezanoni.com.br\/2019\/wp-content\/uploads\/2020\/01\/bassan2-150x150.jpg 150w\" sizes=\"auto, (max-width: 200px) 100vw, 200px\" \/><\/p>\n<p style=\"text-align: justify;\">Uma parte do futebol de Adamantina e regi\u00e3o deixa a vida para entrar para a hist\u00f3ria. Morre Ant\u00f4nio Libarino Bassan aos 78 anos. Bassan, como era conhecido por todos e deixa um imenso legado que construiu como esportista e como pessoa.<\/p>\n<p style=\"text-align: justify;\">Bassan foi desde cedo um grande atleta, se dedicando muito ao esporte que sempre amou, o futebol, atuando gloriosamente pelo Guarani de Adamantina e outras equipes de destaque na \u00e9poca e nas \u00faltimas d\u00e9cadas tamb\u00e9m atuou no antigo Futebol de Sal\u00e3o, hoje Futsal, como treinador, em uma \u00e9poca em que esse esporte conquistou t\u00edtulos importantes para Adamantina, entre eles o Campeonato Paulista da S\u00e9rie Prata, em uma final \u00e9pica contra o rio Branco de Americana.<\/p>\n<p style=\"text-align: justify;\">Bassan vinha enfrentando s\u00e9rios problemas de sa\u00fade e nos deixou na tarde desta sexta-feira, deixando esposa, filhos e netos. Era cidad\u00e3o adamantinense.<\/p>\n<p style=\"text-align: justify;\">Adamantina est\u00e1 de luto e nos unimos aos seus amigos e enviamos as nossas condol\u00eancias aos familiares.<\/p>\n<p style=\"text-align: justify;\">A qualquer momento novas informa\u00e7\u00f5es.<\/p>\n<p style=\"text-align: justify;\">Da reda\u00e7\u00e3o \u2013 Informa\u00e7\u00f5es passadas pelos familiares.<\/p>\n<p style=\"text-align: justify;\">Fonte: radiolifefm.com.br<\/p>\n<p style=\"text-align: justify;\">\n","protected":false},"excerpt":{"rendered":"<p>Ex jogador do Guarani de Adamantina e v\u00e1rias outras grandes equipes da \u00e9poca. Uma parte do futebol de Adamantina e regi\u00e3o deixa a vida para entrar para a hist\u00f3ria. Morre Ant\u00f4nio Libarino Bassan aos 78 anos. Bassan, como era conhecido por todos e deixa um imenso legado que construiu como esportista e como pessoa. Bassan [&hellip;]<\/p>\n","protected":false},"author":1,"featured_media":17091,"comment_status":"closed","ping_status":"open","sticky":false,"template":"","format":"standard","meta":{"footnotes":""},"categories":[111,178,110],"tags":[],"class_list":["post-17089","post","type-post","status-publish","format-standard","has-post-thumbnail","hentry","category-esporteecultura","category-notadefalecimento","category-noticiasdestaque"],"_links":{"self":[{"href":"https:\/\/jorgezanoni.com.br\/2019\/wp-json\/wp\/v2\/posts\/17089","targetHints":{"allow":["GET"]}}],"collection":[{"href":"https:\/\/jorgezanoni.com.br\/2019\/wp-json\/wp\/v2\/posts"}],"about":[{"href":"https:\/\/jorgezanoni.com.br\/2019\/wp-json\/wp\/v2\/types\/post"}],"author":[{"embeddable":true,"href":"https:\/\/jorgezanoni.com.br\/2019\/wp-json\/wp\/v2\/users\/1"}],"replies":[{"embeddable":true,"href":"https:\/\/jorgezanoni.com.br\/2019\/wp-json\/wp\/v2\/comments?post=17089"}],"version-history":[{"count":0,"href":"https:\/\/jorgezanoni.com.br\/2019\/wp-json\/wp\/v2\/posts\/17089\/revisions"}],"wp:featuredmedia":[{"embeddable":true,"href":"https:\/\/jorgezanoni.com.br\/2019\/wp-json\/wp\/v2\/media\/17091"}],"wp:attachment":[{"href":"https:\/\/jorgezanoni.com.br\/2019\/wp-json\/wp\/v2\/media?parent=17089"}],"wp:term":[{"taxonomy":"category","embeddable":true,"href":"https:\/\/jorgezanoni.com.br\/2019\/wp-json\/wp\/v2\/categories?post=17089"},{"taxonomy":"post_tag","embeddable":true,"href":"https:\/\/jorgezanoni.com.br\/2019\/wp-json\/wp\/v2\/tags?post=17089"}],"curies":[{"name":"wp","href":"https:\/\/api.w.org\/{rel}","templated":true}]}}