{"id":17078,"date":"2020-01-24T18:38:58","date_gmt":"2020-01-24T18:38:58","guid":{"rendered":"https:\/\/jorgezanoni.com.br\/2019\/?p=17078"},"modified":"2020-01-24T18:38:58","modified_gmt":"2020-01-24T18:38:58","slug":"reclamacao-da-populacao-mais-um-ponto-de-lixo-no-jardim-brasilandia","status":"publish","type":"post","link":"https:\/\/jorgezanoni.com.br\/2019\/reclamacao-da-populacao-mais-um-ponto-de-lixo-no-jardim-brasilandia\/","title":{"rendered":"Reclama\u00e7\u00e3o da Popula\u00e7\u00e3o: Mais um ponto de lixo no jardim Brasil\u00e2ndia"},"content":{"rendered":"<p style=\"text-align: justify;\">Esse local j\u00e1 foi motivo de diversas reportagem do Site JZ, inclusive com v\u00eddeos. Ainda nesta semana um canal de Tv tamb\u00e9m exibiu uma mat\u00e9ria, mas nada \u00e9 feito para amenizar o problema.<\/p>\n<p style=\"text-align: justify;\">A Administra\u00e7\u00e3o at\u00e9 que de vez em quando aparece com um caminh\u00e3o e uma p\u00e1 carregadeira e d\u00e1 uma &#8220;garibada&#8221; no local, por\u00e9m pessoas que n\u00e3o respeitam quem mora pr\u00f3ximo, acabam jogando materiais de tudo quanto \u00e9 coisa e o monte aumenta a cada dia.<\/p>\n<p style=\"text-align: justify;\"><img loading=\"lazy\" decoding=\"async\" class=\"alignnone size-full wp-image-17079\" src=\"https:\/\/jorgezanoni.com.br\/2019\/wp-content\/uploads\/2020\/01\/lixo-1.jpg\" alt=\"\" width=\"1032\" height=\"581\" srcset=\"https:\/\/jorgezanoni.com.br\/2019\/wp-content\/uploads\/2020\/01\/lixo-1.jpg 1032w, https:\/\/jorgezanoni.com.br\/2019\/wp-content\/uploads\/2020\/01\/lixo-1-300x169.jpg 300w, https:\/\/jorgezanoni.com.br\/2019\/wp-content\/uploads\/2020\/01\/lixo-1-768x432.jpg 768w, https:\/\/jorgezanoni.com.br\/2019\/wp-content\/uploads\/2020\/01\/lixo-1-1024x576.jpg 1024w, https:\/\/jorgezanoni.com.br\/2019\/wp-content\/uploads\/2020\/01\/lixo-1-696x392.jpg 696w, https:\/\/jorgezanoni.com.br\/2019\/wp-content\/uploads\/2020\/01\/lixo-1-746x420.jpg 746w\" sizes=\"auto, (max-width: 1032px) 100vw, 1032px\" \/> <img loading=\"lazy\" decoding=\"async\" class=\"alignnone size-full wp-image-17081\" src=\"https:\/\/jorgezanoni.com.br\/2019\/wp-content\/uploads\/2020\/01\/lixo2.jpg\" alt=\"\" width=\"1032\" height=\"581\" srcset=\"https:\/\/jorgezanoni.com.br\/2019\/wp-content\/uploads\/2020\/01\/lixo2.jpg 1032w, https:\/\/jorgezanoni.com.br\/2019\/wp-content\/uploads\/2020\/01\/lixo2-300x169.jpg 300w, https:\/\/jorgezanoni.com.br\/2019\/wp-content\/uploads\/2020\/01\/lixo2-768x432.jpg 768w, https:\/\/jorgezanoni.com.br\/2019\/wp-content\/uploads\/2020\/01\/lixo2-1024x576.jpg 1024w, https:\/\/jorgezanoni.com.br\/2019\/wp-content\/uploads\/2020\/01\/lixo2-696x392.jpg 696w, https:\/\/jorgezanoni.com.br\/2019\/wp-content\/uploads\/2020\/01\/lixo2-746x420.jpg 746w\" sizes=\"auto, (max-width: 1032px) 100vw, 1032px\" \/><\/p>\n<p style=\"text-align: justify;\">Uma moradora das imedia\u00e7\u00f5es tem at\u00e9 grava\u00e7\u00e3o em \u00e1udio de um vereador que foi taxativo: &#8220;Aqui n\u00e3o tem jeito, n\u00e3o consigo fazer nada&#8221;, disse.<\/p>\n<p style=\"text-align: justify;\">Estamos falando do lix\u00e3o na esquina das ruas Alu\u00edsio de Azevedo esquina com a Maria Aparecida da Silva Felix. Na realidade \u00e9 no bairro Nossa Senhora Aparecida, mas pertence ao jardim Brasil\u00e2ndia.<\/p>\n<p style=\"text-align: justify;\">Quem se habilita a tomar uma provid\u00eancia efetiva?<\/p>\n<p style=\"text-align: justify;\">Jorge Zanoni<\/p>\n<p style=\"text-align: justify;\">Fotos de Internauta<\/p>\n","protected":false},"excerpt":{"rendered":"<p>Esse local j\u00e1 foi motivo de diversas reportagem do Site JZ, inclusive com v\u00eddeos. Ainda nesta semana um canal de Tv tamb\u00e9m exibiu uma mat\u00e9ria, mas nada \u00e9 feito para amenizar o problema. A Administra\u00e7\u00e3o at\u00e9 que de vez em quando aparece com um caminh\u00e3o e uma p\u00e1 carregadeira e d\u00e1 uma &#8220;garibada&#8221; no local, [&hellip;]<\/p>\n","protected":false},"author":1,"featured_media":17080,"comment_status":"closed","ping_status":"open","sticky":false,"template":"","format":"standard","meta":{"footnotes":""},"categories":[179,184,110],"tags":[],"class_list":["post-17078","post","type-post","status-publish","format-standard","has-post-thumbnail","hentry","category-cidadeseregiao","category-dracena","category-noticiasdestaque"],"_links":{"self":[{"href":"https:\/\/jorgezanoni.com.br\/2019\/wp-json\/wp\/v2\/posts\/17078","targetHints":{"allow":["GET"]}}],"collection":[{"href":"https:\/\/jorgezanoni.com.br\/2019\/wp-json\/wp\/v2\/posts"}],"about":[{"href":"https:\/\/jorgezanoni.com.br\/2019\/wp-json\/wp\/v2\/types\/post"}],"author":[{"embeddable":true,"href":"https:\/\/jorgezanoni.com.br\/2019\/wp-json\/wp\/v2\/users\/1"}],"replies":[{"embeddable":true,"href":"https:\/\/jorgezanoni.com.br\/2019\/wp-json\/wp\/v2\/comments?post=17078"}],"version-history":[{"count":0,"href":"https:\/\/jorgezanoni.com.br\/2019\/wp-json\/wp\/v2\/posts\/17078\/revisions"}],"wp:featuredmedia":[{"embeddable":true,"href":"https:\/\/jorgezanoni.com.br\/2019\/wp-json\/wp\/v2\/media\/17080"}],"wp:attachment":[{"href":"https:\/\/jorgezanoni.com.br\/2019\/wp-json\/wp\/v2\/media?parent=17078"}],"wp:term":[{"taxonomy":"category","embeddable":true,"href":"https:\/\/jorgezanoni.com.br\/2019\/wp-json\/wp\/v2\/categories?post=17078"},{"taxonomy":"post_tag","embeddable":true,"href":"https:\/\/jorgezanoni.com.br\/2019\/wp-json\/wp\/v2\/tags?post=17078"}],"curies":[{"name":"wp","href":"https:\/\/api.w.org\/{rel}","templated":true}]}}