{"id":17070,"date":"2020-01-24T18:04:05","date_gmt":"2020-01-24T18:04:05","guid":{"rendered":"https:\/\/jorgezanoni.com.br\/2019\/?p=17070"},"modified":"2020-01-24T18:04:05","modified_gmt":"2020-01-24T18:04:05","slug":"policia-civil-cumpre-mandado-de-busca-e-apreensao-e-faz-flagrante-por-trafico-de-drogas-e-furto-em-dracena","status":"publish","type":"post","link":"https:\/\/jorgezanoni.com.br\/2019\/policia-civil-cumpre-mandado-de-busca-e-apreensao-e-faz-flagrante-por-trafico-de-drogas-e-furto-em-dracena\/","title":{"rendered":"Pol\u00edcia Civil cumpre mandado de busca e apreens\u00e3o e faz flagrante por tr\u00e1fico de drogas e furto em Dracena"},"content":{"rendered":"<p style=\"text-align: justify;\"><strong>Durante a\u00e7\u00e3o de vistoria judicial, na resid\u00eancia, foram localizados produtos aliment\u00edcios furtados.<\/strong><\/p>\n<p><img loading=\"lazy\" decoding=\"async\" class=\"alignnone size-full wp-image-17071\" src=\"https:\/\/jorgezanoni.com.br\/2019\/wp-content\/uploads\/2020\/01\/dra.jpg\" alt=\"\" width=\"1241\" height=\"650\" srcset=\"https:\/\/jorgezanoni.com.br\/2019\/wp-content\/uploads\/2020\/01\/dra.jpg 1241w, https:\/\/jorgezanoni.com.br\/2019\/wp-content\/uploads\/2020\/01\/dra-300x157.jpg 300w, https:\/\/jorgezanoni.com.br\/2019\/wp-content\/uploads\/2020\/01\/dra-768x402.jpg 768w, https:\/\/jorgezanoni.com.br\/2019\/wp-content\/uploads\/2020\/01\/dra-1024x536.jpg 1024w, https:\/\/jorgezanoni.com.br\/2019\/wp-content\/uploads\/2020\/01\/dra-696x365.jpg 696w, https:\/\/jorgezanoni.com.br\/2019\/wp-content\/uploads\/2020\/01\/dra-1068x559.jpg 1068w, https:\/\/jorgezanoni.com.br\/2019\/wp-content\/uploads\/2020\/01\/dra-802x420.jpg 802w\" sizes=\"auto, (max-width: 1241px) 100vw, 1241px\" \/><\/p>\n<p style=\"text-align: justify;\">A Pol\u00edcia Civil, por interm\u00e9dio das Unidades de Delegacias Especializadas &#8211; DIG\/DISE, prendeu, nesta sexta-feira (24), um indiv\u00edduo, de 39 anos, o qual \u00e9 suspeito pela pr\u00e1tica dos crimes de tr\u00e1fico de drogas e furto.<br \/>\nO setor de investiga\u00e7\u00e3o, das Unidades Especializadas, utilizando m\u00e9todos de investiga\u00e7\u00e3o policial havia feito levantamento sobre furtos ocorridos na cidade de Dracena e, da participa\u00e7\u00e3o do suspeito na mercancia il\u00edcita de drogas. Diante, dos eventuais ind\u00edcios de materialidade, foi representado junto ao Poder Judici\u00e1rio da Comarca de Dracena, com parecer favor\u00e1vel do Minist\u00e9rio P\u00fablico, um pedido de mandado de busca e apreens\u00e3o para resid\u00eancia do indiv\u00edduo.<br \/>\nDurante a\u00e7\u00e3o de busca na casa, no quarto do im\u00f3vel que era ocupado pelo suspeito, sobre pequeno m\u00f3vel que servia como mesinha, foi localizado um recipiente pl\u00e1stico contendo 14 inv\u00f3lucros de substancias semelhantes a pedra \u201cCrack\u201d.<br \/>\nEm prosseguimento, j\u00e1 em seguida, foi encontrado dentro de um guarda-roupas 15 pacotes de feij\u00e3o, de um quilo cada; e no interior de um freezer havia tamb\u00e9m tr\u00eas pacotes de carne mo\u00edda, sendo dois lacrados com aproximadamente 500 gramas de carne cada, e outro pacote com mesma esp\u00e9cie de carne j\u00e1 aberto. Os produtos aliment\u00edcios apreendidos pertenciam a cozinha de um projeto social da prefeitura municipal, que \u00e9 desenvolvido num clube social, no qual o suspeito informou ter furtado durante essa madrugada.<br \/>\nO indiv\u00edduo, que possu\u00eda v\u00e1rios antecedentes criminais por tr\u00e1fico de dragas e furtos, foi apresentado na sede da Unidades Especializadas onde foi ratificado a voz de pris\u00e3o em flagrante e, ap\u00f3s os tr\u00e2mites dos procedimentos de pol\u00edcia judiciaria, seria apresentado em Audi\u00eancia de Custodia, ficando \u00e0 disposi\u00e7\u00e3o da Justi\u00e7a.<br \/>\nA droga apreendida foi encaminhada ao Instituto de Criminal\u00edstica &#8211; IC, e os produtos aliment\u00edcios ser\u00e3o entregues a um representante legal da prefeitura de Dracena.<\/p>\n<p><img loading=\"lazy\" decoding=\"async\" class=\"alignnone size-full wp-image-17073\" src=\"https:\/\/jorgezanoni.com.br\/2019\/wp-content\/uploads\/2020\/01\/dra2.jpg\" alt=\"\" width=\"569\" height=\"747\" srcset=\"https:\/\/jorgezanoni.com.br\/2019\/wp-content\/uploads\/2020\/01\/dra2.jpg 569w, https:\/\/jorgezanoni.com.br\/2019\/wp-content\/uploads\/2020\/01\/dra2-229x300.jpg 229w, https:\/\/jorgezanoni.com.br\/2019\/wp-content\/uploads\/2020\/01\/dra2-320x420.jpg 320w\" sizes=\"auto, (max-width: 569px) 100vw, 569px\" \/><\/p>\n<p style=\"text-align: justify;\">Fonte: Com. Social Pol\u00edcia Civil<\/p>\n","protected":false},"excerpt":{"rendered":"<p>Durante a\u00e7\u00e3o de vistoria judicial, na resid\u00eancia, foram localizados produtos aliment\u00edcios furtados. A Pol\u00edcia Civil, por interm\u00e9dio das Unidades de Delegacias Especializadas &#8211; DIG\/DISE, prendeu, nesta sexta-feira (24), um indiv\u00edduo, de 39 anos, o qual \u00e9 suspeito pela pr\u00e1tica dos crimes de tr\u00e1fico de drogas e furto. O setor de investiga\u00e7\u00e3o, das Unidades Especializadas, utilizando [&hellip;]<\/p>\n","protected":false},"author":1,"featured_media":17072,"comment_status":"closed","ping_status":"open","sticky":false,"template":"","format":"standard","meta":{"footnotes":""},"categories":[2],"tags":[],"class_list":["post-17070","post","type-post","status-publish","format-standard","has-post-thumbnail","hentry","category-policial"],"_links":{"self":[{"href":"https:\/\/jorgezanoni.com.br\/2019\/wp-json\/wp\/v2\/posts\/17070","targetHints":{"allow":["GET"]}}],"collection":[{"href":"https:\/\/jorgezanoni.com.br\/2019\/wp-json\/wp\/v2\/posts"}],"about":[{"href":"https:\/\/jorgezanoni.com.br\/2019\/wp-json\/wp\/v2\/types\/post"}],"author":[{"embeddable":true,"href":"https:\/\/jorgezanoni.com.br\/2019\/wp-json\/wp\/v2\/users\/1"}],"replies":[{"embeddable":true,"href":"https:\/\/jorgezanoni.com.br\/2019\/wp-json\/wp\/v2\/comments?post=17070"}],"version-history":[{"count":0,"href":"https:\/\/jorgezanoni.com.br\/2019\/wp-json\/wp\/v2\/posts\/17070\/revisions"}],"wp:featuredmedia":[{"embeddable":true,"href":"https:\/\/jorgezanoni.com.br\/2019\/wp-json\/wp\/v2\/media\/17072"}],"wp:attachment":[{"href":"https:\/\/jorgezanoni.com.br\/2019\/wp-json\/wp\/v2\/media?parent=17070"}],"wp:term":[{"taxonomy":"category","embeddable":true,"href":"https:\/\/jorgezanoni.com.br\/2019\/wp-json\/wp\/v2\/categories?post=17070"},{"taxonomy":"post_tag","embeddable":true,"href":"https:\/\/jorgezanoni.com.br\/2019\/wp-json\/wp\/v2\/tags?post=17070"}],"curies":[{"name":"wp","href":"https:\/\/api.w.org\/{rel}","templated":true}]}}