{"id":17065,"date":"2020-01-24T17:53:12","date_gmt":"2020-01-24T17:53:12","guid":{"rendered":"https:\/\/jorgezanoni.com.br\/2019\/?p=17065"},"modified":"2020-01-24T17:53:12","modified_gmt":"2020-01-24T17:53:12","slug":"policia-civil-deflagra-operacao-partum-em-emilianopolis","status":"publish","type":"post","link":"https:\/\/jorgezanoni.com.br\/2019\/policia-civil-deflagra-operacao-partum-em-emilianopolis\/","title":{"rendered":"Pol\u00edcia Civil deflagra opera\u00e7\u00e3o Partum em Emilian\u00f3polis"},"content":{"rendered":"<p style=\"text-align: justify;\">POLICIA CIVIL DEFLAGRA OPERA\u00c7\u00c3O PARTUM EM EMILIAN\u00d3POLIS<\/p>\n<p><img loading=\"lazy\" decoding=\"async\" class=\"alignnone size-full wp-image-17066\" src=\"https:\/\/jorgezanoni.com.br\/2019\/wp-content\/uploads\/2020\/01\/emilia.jpg\" alt=\"\" width=\"1040\" height=\"780\" srcset=\"https:\/\/jorgezanoni.com.br\/2019\/wp-content\/uploads\/2020\/01\/emilia.jpg 1040w, https:\/\/jorgezanoni.com.br\/2019\/wp-content\/uploads\/2020\/01\/emilia-300x225.jpg 300w, https:\/\/jorgezanoni.com.br\/2019\/wp-content\/uploads\/2020\/01\/emilia-768x576.jpg 768w, https:\/\/jorgezanoni.com.br\/2019\/wp-content\/uploads\/2020\/01\/emilia-1024x768.jpg 1024w, https:\/\/jorgezanoni.com.br\/2019\/wp-content\/uploads\/2020\/01\/emilia-80x60.jpg 80w, https:\/\/jorgezanoni.com.br\/2019\/wp-content\/uploads\/2020\/01\/emilia-265x198.jpg 265w, https:\/\/jorgezanoni.com.br\/2019\/wp-content\/uploads\/2020\/01\/emilia-696x522.jpg 696w, https:\/\/jorgezanoni.com.br\/2019\/wp-content\/uploads\/2020\/01\/emilia-560x420.jpg 560w\" sizes=\"auto, (max-width: 1040px) 100vw, 1040px\" \/><\/p>\n<p style=\"text-align: justify;\">Na manh\u00e3 desta sexta-feira (24) a Pol\u00edcia Civil deflagrou em Emilian\u00f3polis a opera\u00e7\u00e3o \u201cPartum\u201d, que visa o combate e a preven\u00e7\u00e3o ao tr\u00e1fico de drogas no munic\u00edpio.<\/p>\n<p style=\"text-align: justify;\">A partir de \u201cden\u00fancia an\u00f4nima\u201d, o Setor de Investiga\u00e7\u00f5es Gerais da Delegacia de Pol\u00edcia de Emilian\u00f3polis passou a encetar dilig\u00eancias que culminaram na indica\u00e7\u00e3o de um indiv\u00edduo que poderia, direta ou indiretamente, estar envolvido com a distribui\u00e7\u00e3o e comercializa\u00e7\u00e3o ilegal de drogas.<\/p>\n<p style=\"text-align: justify;\">Com a deflagra\u00e7\u00e3o da opera\u00e7\u00e3o, 2 mandados de busca e apreens\u00e3o domiciliar expedidos pelo Poder Judici\u00e1rio foram cumpridos pela Pol\u00edcia Civil, que contou com o apoio operacional de integrantes da Pol\u00edcia Militar da cidade.<\/p>\n<p style=\"text-align: justify;\">Todo o material apreendido durante as dilig\u00eancias ser\u00e1 devidamente analisado pelo Setor de Intelig\u00eancia Policial, podendo surgir desdobramentos que culminem em novas fases da opera\u00e7\u00e3o.<\/p>\n<p style=\"text-align: justify;\">A Pol\u00edcia Civil orienta que por interm\u00e9dio dos fones 197 ou 181, a popula\u00e7\u00e3o pode ajudar comunicando a ocorr\u00eancia infra\u00e7\u00f5es penais e seus autores, sendo garantido o total sigilo da identidade do comunicante.<\/p>\n<p style=\"text-align: justify;\">A palavra PARTUM, que d\u00e1 o nome a opera\u00e7\u00e3o, \u00e9 derivada do latim que significa \u201centrega\u201d, fazendo alus\u00e3o aos atos de distribui\u00e7\u00e3o e entrega de drogas pela cidade.<\/p>\n<p style=\"text-align: justify;\">Fonte: Com. Social Pol\u00edcia Civil<\/p>\n","protected":false},"excerpt":{"rendered":"<p>POLICIA CIVIL DEFLAGRA OPERA\u00c7\u00c3O PARTUM EM EMILIAN\u00d3POLIS Na manh\u00e3 desta sexta-feira (24) a Pol\u00edcia Civil deflagrou em Emilian\u00f3polis a opera\u00e7\u00e3o \u201cPartum\u201d, que visa o combate e a preven\u00e7\u00e3o ao tr\u00e1fico de drogas no munic\u00edpio. A partir de \u201cden\u00fancia an\u00f4nima\u201d, o Setor de Investiga\u00e7\u00f5es Gerais da Delegacia de Pol\u00edcia de Emilian\u00f3polis passou a encetar dilig\u00eancias que [&hellip;]<\/p>\n","protected":false},"author":1,"featured_media":17068,"comment_status":"closed","ping_status":"open","sticky":false,"template":"","format":"standard","meta":{"footnotes":""},"categories":[2],"tags":[],"class_list":["post-17065","post","type-post","status-publish","format-standard","has-post-thumbnail","hentry","category-policial"],"_links":{"self":[{"href":"https:\/\/jorgezanoni.com.br\/2019\/wp-json\/wp\/v2\/posts\/17065","targetHints":{"allow":["GET"]}}],"collection":[{"href":"https:\/\/jorgezanoni.com.br\/2019\/wp-json\/wp\/v2\/posts"}],"about":[{"href":"https:\/\/jorgezanoni.com.br\/2019\/wp-json\/wp\/v2\/types\/post"}],"author":[{"embeddable":true,"href":"https:\/\/jorgezanoni.com.br\/2019\/wp-json\/wp\/v2\/users\/1"}],"replies":[{"embeddable":true,"href":"https:\/\/jorgezanoni.com.br\/2019\/wp-json\/wp\/v2\/comments?post=17065"}],"version-history":[{"count":0,"href":"https:\/\/jorgezanoni.com.br\/2019\/wp-json\/wp\/v2\/posts\/17065\/revisions"}],"wp:featuredmedia":[{"embeddable":true,"href":"https:\/\/jorgezanoni.com.br\/2019\/wp-json\/wp\/v2\/media\/17068"}],"wp:attachment":[{"href":"https:\/\/jorgezanoni.com.br\/2019\/wp-json\/wp\/v2\/media?parent=17065"}],"wp:term":[{"taxonomy":"category","embeddable":true,"href":"https:\/\/jorgezanoni.com.br\/2019\/wp-json\/wp\/v2\/categories?post=17065"},{"taxonomy":"post_tag","embeddable":true,"href":"https:\/\/jorgezanoni.com.br\/2019\/wp-json\/wp\/v2\/tags?post=17065"}],"curies":[{"name":"wp","href":"https:\/\/api.w.org\/{rel}","templated":true}]}}