{"id":17032,"date":"2020-01-24T02:58:11","date_gmt":"2020-01-24T02:58:11","guid":{"rendered":"https:\/\/jorgezanoni.com.br\/2019\/?p=17032"},"modified":"2020-01-24T02:59:06","modified_gmt":"2020-01-24T02:59:06","slug":"reclamacao-da-populacao-onibus-com-pacientes-da-saude-chove-mais-dentro-que-fora","status":"publish","type":"post","link":"https:\/\/jorgezanoni.com.br\/2019\/reclamacao-da-populacao-onibus-com-pacientes-da-saude-chove-mais-dentro-que-fora\/","title":{"rendered":"Reclama\u00e7\u00e3o da Popula\u00e7\u00e3o: \u00d4nibus com pacientes da sa\u00fade chove mais dentro que fora"},"content":{"rendered":"<div class=\"clearfix _o46 _3erg _29_7 direction_ltr text_align_ltr\">\n<div id=\"js_lv\" class=\"_3058 _ui9 _hh7 _6ybn _s1- _52mr _3oh-\" data-tooltip-content=\"17:02\" data-hover=\"tooltip\" data-tooltip-position=\"left\">\n<div style=\"text-align: justify;\" tabindex=\"0\" aria-label=\"Hoje passamos por uma situacao horrivel gravamos e nao queremos nomes divulgados muito menos o meu\">Recebemos reclama\u00e7\u00e3o de usu\u00e1rios do Micro \u00d4nibus da Sa\u00fade que no dia de hoje (23) viajaram a Presidente Prudente no per\u00edodo da manh\u00e3.<\/div>\n<div tabindex=\"0\" aria-label=\"Hoje passamos por uma situacao horrivel gravamos e nao queremos nomes divulgados muito menos o meu\"><\/div>\n<\/div>\n<div style=\"text-align: justify;\" tabindex=\"0\" aria-label=\"Hoje passamos por uma situacao horrivel gravamos e nao queremos nomes divulgados muito menos o meu\">Jorge Zanoni<\/div>\n<div tabindex=\"0\" aria-label=\"Hoje passamos por uma situacao horrivel gravamos e nao queremos nomes divulgados muito menos o meu\"><\/div>\n<div id=\"js_lv\" class=\"_3058 _ui9 _hh7 _6ybn _s1- _52mr _3oh-\" data-tooltip-content=\"17:02\" data-hover=\"tooltip\" data-tooltip-position=\"left\">\n<div style=\"text-align: justify;\" tabindex=\"0\" aria-label=\"Hoje passamos por uma situacao horrivel gravamos e nao queremos nomes divulgados muito menos o meu\">Veja o que disse uma paciente: &#8220;<span class=\"_3oh- _58nk\">Hoje passamos por uma situa\u00e7\u00e3o horr\u00edvel gravamos. <\/span>Vir para Prudente nessa situa\u00e7\u00e3o chovendo mais dentro do \u00f4nibus do que fora ningu\u00e9m merece. Isso \u00e9 desumano. Chegamos todos molhados. Humilha\u00e7\u00e3o a n\u00f3s pacientes crian\u00e7as e idosos&#8221;.<\/div>\n<div style=\"text-align: justify;\" tabindex=\"0\" aria-label=\"Hoje passamos por uma situacao horrivel gravamos e nao queremos nomes divulgados muito menos o meu\"><\/div>\n<\/div>\n<\/div>\n<div style=\"width: 640px;\" class=\"wp-video\"><video class=\"wp-video-shortcode\" id=\"video-17032-1\" width=\"640\" height=\"352\" preload=\"metadata\" controls=\"controls\"><source type=\"video\/mp4\" src=\"https:\/\/jorgezanoni.com.br\/2019\/wp-content\/uploads\/2020\/01\/WhatsApp-Video-2020-01-23-at-23.18.09.mp4?_=1\" \/><a href=\"https:\/\/jorgezanoni.com.br\/2019\/wp-content\/uploads\/2020\/01\/WhatsApp-Video-2020-01-23-at-23.18.09.mp4\">https:\/\/jorgezanoni.com.br\/2019\/wp-content\/uploads\/2020\/01\/WhatsApp-Video-2020-01-23-at-23.18.09.mp4<\/a><\/video><\/div>\n<div style=\"width: 640px;\" class=\"wp-video\"><video class=\"wp-video-shortcode\" id=\"video-17032-2\" width=\"640\" height=\"352\" preload=\"metadata\" controls=\"controls\"><source type=\"video\/mp4\" src=\"https:\/\/jorgezanoni.com.br\/2019\/wp-content\/uploads\/2020\/01\/WhatsApp-Video-2020-01-23-at-23.18.16.mp4?_=2\" \/><a href=\"https:\/\/jorgezanoni.com.br\/2019\/wp-content\/uploads\/2020\/01\/WhatsApp-Video-2020-01-23-at-23.18.16.mp4\">https:\/\/jorgezanoni.com.br\/2019\/wp-content\/uploads\/2020\/01\/WhatsApp-Video-2020-01-23-at-23.18.16.mp4<\/a><\/video><\/div>\n<p>V\u00eddeos de Internauta<\/p>\n","protected":false},"excerpt":{"rendered":"<p>Recebemos reclama\u00e7\u00e3o de usu\u00e1rios do Micro \u00d4nibus da Sa\u00fade que no dia de hoje (23) viajaram a Presidente Prudente no per\u00edodo da manh\u00e3. Jorge Zanoni Veja o que disse uma paciente: &#8220;Hoje passamos por uma situa\u00e7\u00e3o horr\u00edvel gravamos. Vir para Prudente nessa situa\u00e7\u00e3o chovendo mais dentro do \u00f4nibus do que fora ningu\u00e9m merece. Isso \u00e9 [&hellip;]<\/p>\n","protected":false},"author":1,"featured_media":17035,"comment_status":"closed","ping_status":"open","sticky":false,"template":"","format":"video","meta":{"footnotes":""},"categories":[110,169],"tags":[],"class_list":["post-17032","post","type-post","status-publish","format-video","has-post-thumbnail","hentry","category-noticiasdestaque","category-videos","post_format-post-format-video"],"_links":{"self":[{"href":"https:\/\/jorgezanoni.com.br\/2019\/wp-json\/wp\/v2\/posts\/17032","targetHints":{"allow":["GET"]}}],"collection":[{"href":"https:\/\/jorgezanoni.com.br\/2019\/wp-json\/wp\/v2\/posts"}],"about":[{"href":"https:\/\/jorgezanoni.com.br\/2019\/wp-json\/wp\/v2\/types\/post"}],"author":[{"embeddable":true,"href":"https:\/\/jorgezanoni.com.br\/2019\/wp-json\/wp\/v2\/users\/1"}],"replies":[{"embeddable":true,"href":"https:\/\/jorgezanoni.com.br\/2019\/wp-json\/wp\/v2\/comments?post=17032"}],"version-history":[{"count":0,"href":"https:\/\/jorgezanoni.com.br\/2019\/wp-json\/wp\/v2\/posts\/17032\/revisions"}],"wp:featuredmedia":[{"embeddable":true,"href":"https:\/\/jorgezanoni.com.br\/2019\/wp-json\/wp\/v2\/media\/17035"}],"wp:attachment":[{"href":"https:\/\/jorgezanoni.com.br\/2019\/wp-json\/wp\/v2\/media?parent=17032"}],"wp:term":[{"taxonomy":"category","embeddable":true,"href":"https:\/\/jorgezanoni.com.br\/2019\/wp-json\/wp\/v2\/categories?post=17032"},{"taxonomy":"post_tag","embeddable":true,"href":"https:\/\/jorgezanoni.com.br\/2019\/wp-json\/wp\/v2\/tags?post=17032"}],"curies":[{"name":"wp","href":"https:\/\/api.w.org\/{rel}","templated":true}]}}