{"id":16999,"date":"2020-01-23T13:13:57","date_gmt":"2020-01-23T13:13:57","guid":{"rendered":"https:\/\/jorgezanoni.com.br\/2019\/?p=16999"},"modified":"2020-01-23T13:13:57","modified_gmt":"2020-01-23T13:13:57","slug":"policia-civil-captura-em-dracena-procurado-da-justica-por-crime-de-roubo-em-atibaia","status":"publish","type":"post","link":"https:\/\/jorgezanoni.com.br\/2019\/policia-civil-captura-em-dracena-procurado-da-justica-por-crime-de-roubo-em-atibaia\/","title":{"rendered":"Pol\u00edcia Civil captura em Dracena, procurado da Justi\u00e7a por crime de roubo em Atibaia"},"content":{"rendered":"<p style=\"text-align: justify;\"><strong>O crime havia sido cometido no ano 2018 na cidade de Atibaia.<\/strong><\/p>\n<p style=\"text-align: justify;\">A Pol\u00edcia Civil, por interm\u00e9dio das Unidades de Delegacias Especializadas &#8211; DIG\/DISE, capturou e prendeu, na quarta-feira (22), um indiv\u00edduo, de 23 anos, que estava com um mandado de pris\u00e3o em aberto, expedido pela 1\u00aa Vara Criminal da Comarca de Atibaia, condenado a 4 anos em regime fechado, por crime de roubo.<br \/>\nA Pol\u00edcia Civil utilizando m\u00e9todos e t\u00e9cnicas de investiga\u00e7\u00e3o policial conseguiu identificar e prender o indiv\u00edduo em Dracena, segundo consta em pesquisa criminal ele seria morador do estado de Minas Gerais.<br \/>\nAp\u00f3s apresenta\u00e7\u00e3o do indiv\u00edduo, na sede da Unidades Especializadas, foram feitas as formalidades de necess\u00e1rias e, encaminhado para uma unidade prisional da regi\u00e3o, ficando \u00e0 disposi\u00e7\u00e3o da Justi\u00e7a.<\/p>\n<p style=\"text-align: justify;\">Fonte: Com. Social Pol\u00edcia Civil<\/p>\n","protected":false},"excerpt":{"rendered":"<p>O crime havia sido cometido no ano 2018 na cidade de Atibaia. A Pol\u00edcia Civil, por interm\u00e9dio das Unidades de Delegacias Especializadas &#8211; DIG\/DISE, capturou e prendeu, na quarta-feira (22), um indiv\u00edduo, de 23 anos, que estava com um mandado de pris\u00e3o em aberto, expedido pela 1\u00aa Vara Criminal da Comarca de Atibaia, condenado a [&hellip;]<\/p>\n","protected":false},"author":1,"featured_media":17000,"comment_status":"closed","ping_status":"open","sticky":false,"template":"","format":"standard","meta":{"footnotes":""},"categories":[110,2],"tags":[],"class_list":["post-16999","post","type-post","status-publish","format-standard","has-post-thumbnail","hentry","category-noticiasdestaque","category-policial"],"_links":{"self":[{"href":"https:\/\/jorgezanoni.com.br\/2019\/wp-json\/wp\/v2\/posts\/16999","targetHints":{"allow":["GET"]}}],"collection":[{"href":"https:\/\/jorgezanoni.com.br\/2019\/wp-json\/wp\/v2\/posts"}],"about":[{"href":"https:\/\/jorgezanoni.com.br\/2019\/wp-json\/wp\/v2\/types\/post"}],"author":[{"embeddable":true,"href":"https:\/\/jorgezanoni.com.br\/2019\/wp-json\/wp\/v2\/users\/1"}],"replies":[{"embeddable":true,"href":"https:\/\/jorgezanoni.com.br\/2019\/wp-json\/wp\/v2\/comments?post=16999"}],"version-history":[{"count":0,"href":"https:\/\/jorgezanoni.com.br\/2019\/wp-json\/wp\/v2\/posts\/16999\/revisions"}],"wp:featuredmedia":[{"embeddable":true,"href":"https:\/\/jorgezanoni.com.br\/2019\/wp-json\/wp\/v2\/media\/17000"}],"wp:attachment":[{"href":"https:\/\/jorgezanoni.com.br\/2019\/wp-json\/wp\/v2\/media?parent=16999"}],"wp:term":[{"taxonomy":"category","embeddable":true,"href":"https:\/\/jorgezanoni.com.br\/2019\/wp-json\/wp\/v2\/categories?post=16999"},{"taxonomy":"post_tag","embeddable":true,"href":"https:\/\/jorgezanoni.com.br\/2019\/wp-json\/wp\/v2\/tags?post=16999"}],"curies":[{"name":"wp","href":"https:\/\/api.w.org\/{rel}","templated":true}]}}