{"id":16961,"date":"2020-01-23T11:45:52","date_gmt":"2020-01-23T11:45:52","guid":{"rendered":"https:\/\/jorgezanoni.com.br\/2019\/?p=16961"},"modified":"2020-01-23T11:45:52","modified_gmt":"2020-01-23T11:45:52","slug":"vereador-de-santo-expedito-e-esposa-sao-encontrados-mortos-a-tiros","status":"publish","type":"post","link":"https:\/\/jorgezanoni.com.br\/2019\/vereador-de-santo-expedito-e-esposa-sao-encontrados-mortos-a-tiros\/","title":{"rendered":"Vereador de Santo Expedito e esposa s\u00e3o encontrados mortos a tiros"},"content":{"rendered":"<h2 class=\"content-head__subtitle\" style=\"text-align: justify;\"><strong>Filho do casal chegou \u00e0 propriedade na madrugada desta quinta-feira (23) e localizou o casal.<\/strong><\/h2>\n<div class=\"mc-column content-text active-extra-styles \" data-block-type=\"unstyled\" data-block-weight=\"27\" data-block-id=\"2\">\n<p class=\"content-text__container \" style=\"text-align: justify;\" data-track-category=\"Link no Texto\" data-track-links=\"\">O vereador de\u00a0<a href=\"http:\/\/g1.globo.com\/sp\/presidente-prudente-regiao\/cidade\/santo-expedito.html\">Santo Expedito<\/a>\u00a0Valfrido Cauneto (PP) \u2013 tamb\u00e9m ex-prefeito da cidade \u2013 e sua esposa, Vanda Cauneto, foram encontrados mortos na madrugada desta quinta-feira (23).<\/p>\n<\/div>\n<div class=\"wall protected-content\">\n<div class=\"mc-column content-text active-extra-styles \" style=\"text-align: justify;\" data-block-type=\"unstyled\" data-block-weight=\"27\" data-block-id=\"3\">\n<p class=\"content-text__container \" data-track-category=\"Link no Texto\" data-track-links=\"\">O filho do casal contou que chegou \u00e0 propriedade rural para ordenhar vacas junto ao pai, por volta das 4h30, quando encontrou o casal morto num quarto.<\/p>\n<\/div>\n<div class=\"mc-column content-text active-extra-styles \" style=\"text-align: justify;\" data-block-type=\"unstyled\" data-block-weight=\"17\" data-block-id=\"4\">\n<p class=\"content-text__container \" data-track-category=\"Link no Texto\" data-track-links=\"\">De acordo com a pol\u00edcia, cada uma das v\u00edtimas apresenta uma perfura\u00e7\u00e3o na cabe\u00e7a causada por tiro.<\/p>\n<\/div>\n<div class=\"mc-column content-text active-extra-styles \" style=\"text-align: justify;\" data-block-type=\"unstyled\" data-block-weight=\"6\" data-block-id=\"5\">\n<p class=\"content-text__container \" data-track-category=\"Link no Texto\" data-track-links=\"\">N\u00e3o foram localizados sinais de arrombamento.<\/p>\n<\/div>\n<div class=\"mc-column content-text active-extra-styles \" style=\"text-align: justify;\" data-block-type=\"unstyled\" data-block-weight=\"10\" data-block-id=\"6\">\n<p class=\"content-text__container \" data-track-category=\"Link no Texto\" data-track-links=\"\">O homem tinha 76 anos e a mulher, 68 anos.<\/p>\n<\/div>\n<div class=\"mc-column content-text active-extra-styles \" data-block-type=\"unstyled\" data-block-weight=\"10\" data-block-id=\"7\">\n<p class=\"content-text__container \" style=\"text-align: justify;\" data-track-category=\"Link no Texto\" data-track-links=\"\">Equipes das pol\u00edcias Civil, Militar e Cient\u00edfica est\u00e3o no local.<\/p>\n<div class=\"mc-column content-text active-extra-styles\" style=\"text-align: justify;\" data-block-type=\"raw\" data-block-weight=\"1\" data-block-id=\"9\">\n<div class=\"content-intertitle\">\n<h2>Pol\u00edtica<\/h2>\n<\/div>\n<\/div>\n<div class=\"mc-column content-text active-extra-styles \" style=\"text-align: justify;\" data-block-type=\"unstyled\" data-block-weight=\"32\" data-block-id=\"10\">\n<p class=\"content-text__container \" data-track-category=\"Link no Texto\" data-track-links=\"\">Valfrido Cauneto atuava na atual legislatura da C\u00e2mara Municipal de Santo Expedito e j\u00e1 foi chefe do Poder Executivo em dois mandatos, sendo de 1973 a 1977 e de 1983 a 1988.<\/p>\n<\/div>\n<div class=\"mc-column content-text active-extra-styles \" data-block-type=\"unstyled\" data-block-weight=\"15\" data-block-id=\"12\">\n<p class=\"content-text__container \" style=\"text-align: justify;\" data-track-category=\"Link no Texto\" data-track-links=\"\">Em 2016, Vanda tamb\u00e9m tentou ingressar como vereadora na C\u00e2mara Municipal, mas n\u00e3o obteve vit\u00f3ria.<\/p>\n<p data-track-category=\"Link no Texto\" data-track-links=\"\"><img loading=\"lazy\" decoding=\"async\" class=\"alignnone size-full wp-image-16962\" src=\"https:\/\/jorgezanoni.com.br\/2019\/wp-content\/uploads\/2020\/01\/se.jpeg\" alt=\"\" width=\"640\" height=\"360\" srcset=\"https:\/\/jorgezanoni.com.br\/2019\/wp-content\/uploads\/2020\/01\/se.jpeg 640w, https:\/\/jorgezanoni.com.br\/2019\/wp-content\/uploads\/2020\/01\/se-300x169.jpeg 300w\" sizes=\"auto, (max-width: 640px) 100vw, 640px\" \/> <img loading=\"lazy\" decoding=\"async\" class=\"alignnone size-full wp-image-16964\" src=\"https:\/\/jorgezanoni.com.br\/2019\/wp-content\/uploads\/2020\/01\/se2.jpeg\" alt=\"\" width=\"640\" height=\"480\" srcset=\"https:\/\/jorgezanoni.com.br\/2019\/wp-content\/uploads\/2020\/01\/se2.jpeg 640w, https:\/\/jorgezanoni.com.br\/2019\/wp-content\/uploads\/2020\/01\/se2-300x225.jpeg 300w, https:\/\/jorgezanoni.com.br\/2019\/wp-content\/uploads\/2020\/01\/se2-80x60.jpeg 80w, https:\/\/jorgezanoni.com.br\/2019\/wp-content\/uploads\/2020\/01\/se2-265x198.jpeg 265w, https:\/\/jorgezanoni.com.br\/2019\/wp-content\/uploads\/2020\/01\/se2-560x420.jpeg 560w\" sizes=\"auto, (max-width: 640px) 100vw, 640px\" \/> <img loading=\"lazy\" decoding=\"async\" class=\"alignnone size-full wp-image-16965\" src=\"https:\/\/jorgezanoni.com.br\/2019\/wp-content\/uploads\/2020\/01\/se3.jpg\" alt=\"\" width=\"640\" height=\"801\" srcset=\"https:\/\/jorgezanoni.com.br\/2019\/wp-content\/uploads\/2020\/01\/se3.jpg 640w, https:\/\/jorgezanoni.com.br\/2019\/wp-content\/uploads\/2020\/01\/se3-240x300.jpg 240w, https:\/\/jorgezanoni.com.br\/2019\/wp-content\/uploads\/2020\/01\/se3-336x420.jpg 336w\" sizes=\"auto, (max-width: 640px) 100vw, 640px\" \/> <img loading=\"lazy\" decoding=\"async\" class=\"alignnone size-full wp-image-16966\" src=\"https:\/\/jorgezanoni.com.br\/2019\/wp-content\/uploads\/2020\/01\/se4.jpeg\" alt=\"\" width=\"640\" height=\"360\" srcset=\"https:\/\/jorgezanoni.com.br\/2019\/wp-content\/uploads\/2020\/01\/se4.jpeg 640w, https:\/\/jorgezanoni.com.br\/2019\/wp-content\/uploads\/2020\/01\/se4-300x169.jpeg 300w\" sizes=\"auto, (max-width: 640px) 100vw, 640px\" \/><\/p>\n<p style=\"text-align: justify;\" data-track-category=\"Link no Texto\" data-track-links=\"\">Casal foi encontrado morto em propriedade rural em Santo Expedito \u2014 Foto: David de Tarso\/TV Fronteira<\/p>\n<p data-track-category=\"Link no Texto\" data-track-links=\"\">Fonte: G1<\/p>\n<\/div>\n<\/div>\n<\/div>\n","protected":false},"excerpt":{"rendered":"<p>Filho do casal chegou \u00e0 propriedade na madrugada desta quinta-feira (23) e localizou o casal. O vereador de\u00a0Santo Expedito\u00a0Valfrido Cauneto (PP) \u2013 tamb\u00e9m ex-prefeito da cidade \u2013 e sua esposa, Vanda Cauneto, foram encontrados mortos na madrugada desta quinta-feira (23). O filho do casal contou que chegou \u00e0 propriedade rural para ordenhar vacas junto ao [&hellip;]<\/p>\n","protected":false},"author":1,"featured_media":16967,"comment_status":"closed","ping_status":"open","sticky":false,"template":"","format":"standard","meta":{"footnotes":""},"categories":[110,2],"tags":[],"class_list":["post-16961","post","type-post","status-publish","format-standard","has-post-thumbnail","hentry","category-noticiasdestaque","category-policial"],"_links":{"self":[{"href":"https:\/\/jorgezanoni.com.br\/2019\/wp-json\/wp\/v2\/posts\/16961","targetHints":{"allow":["GET"]}}],"collection":[{"href":"https:\/\/jorgezanoni.com.br\/2019\/wp-json\/wp\/v2\/posts"}],"about":[{"href":"https:\/\/jorgezanoni.com.br\/2019\/wp-json\/wp\/v2\/types\/post"}],"author":[{"embeddable":true,"href":"https:\/\/jorgezanoni.com.br\/2019\/wp-json\/wp\/v2\/users\/1"}],"replies":[{"embeddable":true,"href":"https:\/\/jorgezanoni.com.br\/2019\/wp-json\/wp\/v2\/comments?post=16961"}],"version-history":[{"count":0,"href":"https:\/\/jorgezanoni.com.br\/2019\/wp-json\/wp\/v2\/posts\/16961\/revisions"}],"wp:featuredmedia":[{"embeddable":true,"href":"https:\/\/jorgezanoni.com.br\/2019\/wp-json\/wp\/v2\/media\/16967"}],"wp:attachment":[{"href":"https:\/\/jorgezanoni.com.br\/2019\/wp-json\/wp\/v2\/media?parent=16961"}],"wp:term":[{"taxonomy":"category","embeddable":true,"href":"https:\/\/jorgezanoni.com.br\/2019\/wp-json\/wp\/v2\/categories?post=16961"},{"taxonomy":"post_tag","embeddable":true,"href":"https:\/\/jorgezanoni.com.br\/2019\/wp-json\/wp\/v2\/tags?post=16961"}],"curies":[{"name":"wp","href":"https:\/\/api.w.org\/{rel}","templated":true}]}}