{"id":16945,"date":"2020-01-23T00:15:38","date_gmt":"2020-01-23T00:15:38","guid":{"rendered":"https:\/\/jorgezanoni.com.br\/2019\/?p=16945"},"modified":"2020-01-23T00:15:38","modified_gmt":"2020-01-23T00:15:38","slug":"caminhao-carregado-com-acucar-atinge-maquina-de-recape-na-sp-333-em-marilia","status":"publish","type":"post","link":"https:\/\/jorgezanoni.com.br\/2019\/caminhao-carregado-com-acucar-atinge-maquina-de-recape-na-sp-333-em-marilia\/","title":{"rendered":"Caminh\u00e3o carregado com a\u00e7\u00facar atinge m\u00e1quina de recape na SP-333 em Mar\u00edlia"},"content":{"rendered":"<h2 class=\"content-head__subtitle\" style=\"text-align: justify;\"><strong>Ve\u00edculo, que saiu de S\u00e3o Manuel (SP) e seguia destino a Maring\u00e1 (PR), estava carregado com 31 toneladas de a\u00e7\u00facar. Ningu\u00e9m ficou ferido.<\/strong><\/h2>\n<div class=\"mc-column content-text active-extra-styles \" data-block-type=\"unstyled\" data-block-weight=\"17\" data-block-id=\"2\">\n<p class=\"content-text__container \" style=\"text-align: justify;\" data-track-category=\"Link no Texto\" data-track-links=\"\">Um caminh\u00e3o atingiu uma m\u00e1quina de recape asf\u00e1ltico na Rodovia Rachid Rayes (SP-333) em Mar\u00edlia (SP).<\/p>\n<\/div>\n<div class=\"wall protected-content\">\n<div class=\"mc-column content-text active-extra-styles \" style=\"text-align: justify;\" data-block-type=\"unstyled\" data-block-weight=\"31\" data-block-id=\"3\">\n<p class=\"content-text__container \" data-track-category=\"Link no Texto\" data-track-links=\"\">Segundo informa\u00e7\u00f5es da concession\u00e1ria que administra o trecho, a manuten\u00e7\u00e3o da pista era feita por uma empresa terceirizada, quando o motorista do caminh\u00e3o perdeu o controle e atingiu uma das m\u00e1quinas.<\/p>\n<\/div>\n<div class=\"mc-column content-text active-extra-styles \" style=\"text-align: justify;\" data-block-type=\"unstyled\" data-block-weight=\"29\" data-block-id=\"4\">\n<p class=\"content-text__container \" data-track-category=\"Link no Texto\" data-track-links=\"\">O ve\u00edculo, que saiu de S\u00e3o Manuel (SP) e seguia destino a Maring\u00e1 (PR), estava carregado com 31 toneladas de a\u00e7\u00facar, mas a carga n\u00e3o se espalhou pela rodovia.<\/p>\n<\/div>\n<div class=\"mc-column content-text active-extra-styles \" data-block-type=\"unstyled\" data-block-weight=\"16\" data-block-id=\"5\">\n<p class=\"content-text__container \" style=\"text-align: justify;\" data-track-category=\"Link no Texto\" data-track-links=\"\">O tr\u00e1fego no trecho segue lentamente e n\u00e3o h\u00e1 previs\u00e3o de libera\u00e7\u00e3o. Ningu\u00e9m ficou ferido.<\/p>\n<p style=\"text-align: justify;\" data-track-category=\"Link no Texto\" data-track-links=\"\">Fonte: G1<\/p>\n<\/div>\n<\/div>\n","protected":false},"excerpt":{"rendered":"<p>Ve\u00edculo, que saiu de S\u00e3o Manuel (SP) e seguia destino a Maring\u00e1 (PR), estava carregado com 31 toneladas de a\u00e7\u00facar. Ningu\u00e9m ficou ferido. Um caminh\u00e3o atingiu uma m\u00e1quina de recape asf\u00e1ltico na Rodovia Rachid Rayes (SP-333) em Mar\u00edlia (SP). Segundo informa\u00e7\u00f5es da concession\u00e1ria que administra o trecho, a manuten\u00e7\u00e3o da pista era feita por uma [&hellip;]<\/p>\n","protected":false},"author":1,"featured_media":16946,"comment_status":"closed","ping_status":"open","sticky":false,"template":"","format":"standard","meta":{"footnotes":""},"categories":[170,110],"tags":[],"class_list":["post-16945","post","type-post","status-publish","format-standard","has-post-thumbnail","hentry","category-acidentes","category-noticiasdestaque"],"_links":{"self":[{"href":"https:\/\/jorgezanoni.com.br\/2019\/wp-json\/wp\/v2\/posts\/16945","targetHints":{"allow":["GET"]}}],"collection":[{"href":"https:\/\/jorgezanoni.com.br\/2019\/wp-json\/wp\/v2\/posts"}],"about":[{"href":"https:\/\/jorgezanoni.com.br\/2019\/wp-json\/wp\/v2\/types\/post"}],"author":[{"embeddable":true,"href":"https:\/\/jorgezanoni.com.br\/2019\/wp-json\/wp\/v2\/users\/1"}],"replies":[{"embeddable":true,"href":"https:\/\/jorgezanoni.com.br\/2019\/wp-json\/wp\/v2\/comments?post=16945"}],"version-history":[{"count":0,"href":"https:\/\/jorgezanoni.com.br\/2019\/wp-json\/wp\/v2\/posts\/16945\/revisions"}],"wp:featuredmedia":[{"embeddable":true,"href":"https:\/\/jorgezanoni.com.br\/2019\/wp-json\/wp\/v2\/media\/16946"}],"wp:attachment":[{"href":"https:\/\/jorgezanoni.com.br\/2019\/wp-json\/wp\/v2\/media?parent=16945"}],"wp:term":[{"taxonomy":"category","embeddable":true,"href":"https:\/\/jorgezanoni.com.br\/2019\/wp-json\/wp\/v2\/categories?post=16945"},{"taxonomy":"post_tag","embeddable":true,"href":"https:\/\/jorgezanoni.com.br\/2019\/wp-json\/wp\/v2\/tags?post=16945"}],"curies":[{"name":"wp","href":"https:\/\/api.w.org\/{rel}","templated":true}]}}