{"id":16938,"date":"2020-01-22T23:42:34","date_gmt":"2020-01-22T23:42:34","guid":{"rendered":"https:\/\/jorgezanoni.com.br\/2019\/?p=16938"},"modified":"2020-01-22T23:45:06","modified_gmt":"2020-01-22T23:45:06","slug":"regiao-de-presidente-prudente-tem-vagas-abertas-em-concursos-publicos-e-processos-seletivos","status":"publish","type":"post","link":"https:\/\/jorgezanoni.com.br\/2019\/regiao-de-presidente-prudente-tem-vagas-abertas-em-concursos-publicos-e-processos-seletivos\/","title":{"rendered":"Regi\u00e3o de Presidente Prudente tem vagas abertas em concursos p\u00fablicos e processos seletivos"},"content":{"rendered":"<h2 class=\"content-head__subtitle\" style=\"text-align: justify;\"><strong>Remunera\u00e7\u00f5es variam de R$ 666,99 a R$ 11.091,25, de acordo com o cargo escolhido pelo candidato.<\/strong><\/h2>\n<div class=\"mc-column content-text active-extra-styles \" data-block-type=\"unstyled\" data-block-weight=\"23\" data-block-id=\"2\">\n<p class=\"content-text__container \" style=\"text-align: justify;\" data-track-category=\"Link no Texto\" data-track-links=\"\">Vagas para concursos p\u00fablicos e processos seletivos est\u00e3o abertas em seis cidades do Oeste Paulista. Remunera\u00e7\u00f5es variam de R$ 666,99 a R$ 11.091,25.<\/p>\n<\/div>\n<div class=\"wall protected-content\">\n<div class=\"mc-column content-text active-extra-styles \" style=\"text-align: justify;\" data-block-type=\"unstyled\" data-block-weight=\"4\" data-block-id=\"3\">\n<p class=\"content-text__container \" data-track-category=\"Link no Texto\" data-track-links=\"\">Confira as oportunidades dispon\u00edveis:<\/p>\n<\/div>\n<div class=\"mc-column content-text active-extra-styles\" style=\"text-align: justify;\" data-block-type=\"raw\" data-block-weight=\"2\" data-block-id=\"4\">\n<div class=\"content-intertitle\">\n<h2>Alfredo Marcondes<\/h2>\n<\/div>\n<\/div>\n<div class=\"mc-column content-text active-extra-styles \" style=\"text-align: justify;\" data-block-type=\"unstyled\" data-block-weight=\"13\" data-block-id=\"5\">\n<p class=\"content-text__container \" data-track-category=\"Link no Texto\" data-track-links=\"\">A Prefeitura de\u00a0<a href=\"https:\/\/g1.globo.com\/sp\/presidente-prudente-regiao\/cidade\/alfredo-marcondes\/\">Alfredo Marcondes<\/a>\u00a0abriu processo seletivo para vagas de estagi\u00e1rios.<\/p>\n<\/div>\n<div class=\"mc-column content-text active-extra-styles \" style=\"text-align: justify;\" data-block-type=\"unstyled\" data-block-weight=\"31\" data-block-id=\"6\">\n<p class=\"content-text__container \" data-track-category=\"Link no Texto\" data-track-links=\"\">Conforme o<a href=\"https:\/\/portal.ciee.org.br\/processos-seletivos-especiais\/alfredo-marcondes-jan2020\" target=\"_blank\" rel=\"noopener noreferrer\">\u00a0site<\/a>\u00a0do Centro de Integra\u00e7\u00e3o Empresa-Escola (Ciee), as oportunidades est\u00e3o dispon\u00edveis para estudantes de administra\u00e7\u00e3o de empresas, ci\u00eancia da computa\u00e7\u00e3o ou sistema da informa\u00e7\u00e3o, direito, educa\u00e7\u00e3o f\u00edsica e pedagogia.<\/p>\n<\/div>\n<div class=\"mc-column content-text active-extra-styles \" style=\"text-align: justify;\" data-block-type=\"unstyled\" data-block-weight=\"10\" data-block-id=\"7\">\n<p class=\"content-text__container \" data-track-category=\"Link no Texto\" data-track-links=\"\">A remunera\u00e7\u00e3o para os cargos \u00e9 de R$ 800.<\/p>\n<\/div>\n<div class=\"mc-column content-text active-extra-styles \" style=\"text-align: justify;\" data-block-type=\"unstyled\" data-block-weight=\"13\" data-block-id=\"8\">\n<p class=\"content-text__container \" data-track-category=\"Link no Texto\" data-track-links=\"\">A inscri\u00e7\u00e3o deve ser feita pela<a href=\"http:\/\/www.estudantes.ciee.org.br\/PORTAL\/estudantes\/pe\/municipio_alfredomarcondes_150120\/Login.asp\" target=\"_blank\" rel=\"noopener noreferrer\">\u00a0internet<\/a>\u00a0at\u00e9 o dia 22 de janeiro.<\/p>\n<\/div>\n<div class=\"mc-column content-text active-extra-styles\" style=\"text-align: justify;\" data-block-type=\"raw\" data-block-weight=\"2\" data-block-id=\"9\">\n<div class=\"content-intertitle\">\n<h2>Regente Feij\u00f3<\/h2>\n<\/div>\n<\/div>\n<div class=\"mc-column content-text active-extra-styles \" style=\"text-align: justify;\" data-block-type=\"unstyled\" data-block-weight=\"17\" data-block-id=\"10\">\n<p class=\"content-text__container \" data-track-category=\"Link no Texto\" data-track-links=\"\">A Prefeitura de\u00a0<a href=\"https:\/\/g1.globo.com\/sp\/presidente-prudente-regiao\/cidade\/regente-feijo\/\">Regente Feij\u00f3<\/a>\u00a0abre vagas para processo seletivo para a forma\u00e7\u00e3o de cadastro reserva.<\/p>\n<\/div>\n<div class=\"mc-column content-text active-extra-styles \" style=\"text-align: justify;\" data-block-type=\"unstyled\" data-block-weight=\"41\" data-block-id=\"11\">\n<p class=\"content-text__container \" data-track-category=\"Link no Texto\" data-track-links=\"\">Os cargos dispon\u00edveis, conforme o\u00a0<a href=\"https:\/\/www.primeconcursospublicos.com.br\/uploads\/arquivos\/1972116012020142032.pdf\" target=\"_blank\" rel=\"noopener noreferrer\">edital<\/a>, s\u00e3o para professor de creche eventual, professor de educa\u00e7\u00e3o b\u00e1sica I &#8211; eventual\/ Sala de Atendimento Pedag\u00f3gico Especializado (Sape), PEB I &#8211; eventual, PEB II &#8211; ingl\u00eas eventual e PEB II &#8211; educa\u00e7\u00e3o f\u00edsica eventual.<\/p>\n<\/div>\n<div class=\"mc-column content-text active-extra-styles \" style=\"text-align: justify;\" data-block-type=\"unstyled\" data-block-weight=\"21\" data-block-id=\"12\">\n<p class=\"content-text__container \" data-track-category=\"Link no Texto\" data-track-links=\"\">O sal\u00e1rio varia de R$ 666,99 a R$ 2.557,74 e a carga hor\u00e1ria ser\u00e1 de 12 a 40 horas semanais.<\/p>\n<\/div>\n<div class=\"mc-column content-text active-extra-styles \" style=\"text-align: justify;\" data-block-type=\"unstyled\" data-block-weight=\"14\" data-block-id=\"13\">\n<p class=\"content-text__container \" data-track-category=\"Link no Texto\" data-track-links=\"\">As inscri\u00e7\u00f5es podem ser realizadas at\u00e9 o dia 30 de janeiro pelo\u00a0<a href=\"https:\/\/www.primeconcursospublicos.com.br\/concurso\/126\/prefeitura-municipal-de-regente-feijo\" target=\"_blank\" rel=\"noopener noreferrer\">site<\/a>.<\/p>\n<\/div>\n<div class=\"mc-column content-text active-extra-styles\" style=\"text-align: justify;\" data-block-type=\"raw\" data-block-weight=\"1\" data-block-id=\"14\">\n<div class=\"content-intertitle\">\n<h2>Narandiba<\/h2>\n<\/div>\n<\/div>\n<div class=\"mc-column content-text active-extra-styles \" style=\"text-align: justify;\" data-block-type=\"unstyled\" data-block-weight=\"21\" data-block-id=\"15\">\n<p class=\"content-text__container \" data-track-category=\"Link no Texto\" data-track-links=\"\">A Prefeitura de\u00a0<a href=\"https:\/\/g1.globo.com\/sp\/presidente-prudente-regiao\/cidade\/narandiba\/\">Narandiba<\/a> anuncia a realiza\u00e7\u00e3o de concurso p\u00fablico para o preenchimento de 14 vagas, destinadas \u00e0 contrata\u00e7\u00e3o de servidores.<\/p>\n<\/div>\n<div class=\"mc-column content-text active-extra-styles \" style=\"text-align: justify;\" data-block-type=\"unstyled\" data-block-weight=\"65\" data-block-id=\"17\">\n<p class=\"content-text__container \" data-track-category=\"Link no Texto\" data-track-links=\"\">As oportunidades dispon\u00edveis, de acordo com a descri\u00e7\u00e3o do\u00a0<a href=\"https:\/\/cdn.gestoreditais.com.br\/edital\/63\/2503\/9505ef287c7e20d96b4ad31194cce690.pdf\" target=\"_blank\" rel=\"noopener noreferrer\">edital<\/a>, s\u00e3o: merendeiro (1), agente de controle de vetores, monitor de transporte escolar (4), secret\u00e1rio de escola (2), assistente social (1), enfermeiro (1), farmac\u00eautico (1), professor de educa\u00e7\u00e3o b\u00e1sica I (3), professor de educa\u00e7\u00e3o b\u00e1sica II de artes, professor de educa\u00e7\u00e3o b\u00e1sica II de educa\u00e7\u00e3o f\u00edsica, professor de educa\u00e7\u00e3o b\u00e1sica II de hist\u00f3ria e psic\u00f3logo (1).<\/p>\n<\/div>\n<div class=\"mc-column content-text active-extra-styles \" style=\"text-align: justify;\" data-block-type=\"unstyled\" data-block-weight=\"25\" data-block-id=\"18\">\n<p class=\"content-text__container \" data-track-category=\"Link no Texto\" data-track-links=\"\">Ao ser contratado, o servidor dever\u00e1 exercer regime de 15 a 40 horas semanais, sendo remunerado mensalmente no valor entre R$ 1.047,81 e R$ 2.295,65.<\/p>\n<\/div>\n<div class=\"mc-column content-text active-extra-styles \" style=\"text-align: justify;\" data-block-type=\"unstyled\" data-block-weight=\"12\" data-block-id=\"19\">\n<p class=\"content-text__container \" data-track-category=\"Link no Texto\" data-track-links=\"\">Inscri\u00e7\u00f5es devem ser feitas pelo\u00a0<a href=\"https:\/\/cmm.areadocandidato.com.br\/login\/\" target=\"_blank\" rel=\"noopener noreferrer\">site<\/a>\u00a0at\u00e9 o dia 26 de janeiro.<\/p>\n<\/div>\n<div class=\"mc-column content-text active-extra-styles\" style=\"text-align: justify;\" data-block-type=\"raw\" data-block-weight=\"2\" data-block-id=\"20\">\n<div class=\"content-intertitle\">\n<h2>Ouro Verde<\/h2>\n<\/div>\n<\/div>\n<div class=\"mc-column content-text active-extra-styles \" style=\"text-align: justify;\" data-block-type=\"unstyled\" data-block-weight=\"12\" data-block-id=\"21\">\n<p class=\"content-text__container \" data-track-category=\"Link no Texto\" data-track-links=\"\">A Prefeitura de\u00a0<a href=\"https:\/\/g1.globo.com\/sp\/presidente-prudente-regiao\/cidade\/ouro-verde-sp\/\">Ouro Verde<\/a>\u00a0anuncia a abertura de novo concurso p\u00fablico.<\/p>\n<\/div>\n<div class=\"mc-column content-text active-extra-styles \" style=\"text-align: justify;\" data-block-type=\"unstyled\" data-block-weight=\"25\" data-block-id=\"22\">\n<p class=\"content-text__container \" data-track-category=\"Link no Texto\" data-track-links=\"\">As oportunidades dispon\u00edveis s\u00e3o para os cargos de m\u00e9dico (1), m\u00e9dico veterin\u00e1rio (1), motorista (1), operador de m\u00e1quinas (1) e operador de vaca mec\u00e2nica (1).<\/p>\n<\/div>\n<div class=\"mc-column content-text active-extra-styles \" style=\"text-align: justify;\" data-block-type=\"unstyled\" data-block-weight=\"24\" data-block-id=\"23\">\n<p class=\"content-text__container \" data-track-category=\"Link no Texto\" data-track-links=\"\">Conforme disponibilizado no\u00a0<a href=\"https:\/\/www.consesp.com.br\/imagens_arquivos\/concursos\/arquivos\/3418_ouroverde0012020.pdf\" target=\"_blank\" rel=\"noopener noreferrer\">edital<\/a>, os profissionais cumprir\u00e3o jornadas de 10 a 40 horas semanais. A remunera\u00e7\u00e3o prevista varia de R$ 1.039 a R$ 2.672,48.<\/p>\n<\/div>\n<div class=\"mc-column content-text active-extra-styles \" style=\"text-align: justify;\" data-block-type=\"unstyled\" data-block-weight=\"13\" data-block-id=\"24\">\n<p class=\"content-text__container \" data-track-category=\"Link no Texto\" data-track-links=\"\">As inscri\u00e7\u00f5es devem ser feitas pela\u00a0<a href=\"https:\/\/www.consesp.com.br\/site\/index.php?pg=concursos\/inscrevasev&amp;cod_concurso=3418\" target=\"_blank\" rel=\"noopener noreferrer\">internet<\/a>\u00a0at\u00e9 o dia 26 de janeiro.<\/p>\n<\/div>\n<div class=\"mc-column content-text active-extra-styles\" style=\"text-align: justify;\" data-block-type=\"raw\" data-block-weight=\"1\" data-block-id=\"25\">\n<div class=\"content-intertitle\">\n<h2>Adamantina<\/h2>\n<\/div>\n<\/div>\n<div class=\"mc-column content-text active-extra-styles \" style=\"text-align: justify;\" data-block-type=\"unstyled\" data-block-weight=\"11\" data-block-id=\"26\">\n<p class=\"content-text__container \" data-track-category=\"Link no Texto\" data-track-links=\"\">Inscri\u00e7\u00f5es de concursos p\u00fablicos para a Prefeitura de\u00a0<a href=\"https:\/\/g1.globo.com\/sp\/presidente-prudente-regiao\/cidade\/adamantina\/\">Adamantina<\/a>\u00a0est\u00e3o abertas.<\/p>\n<\/div>\n<div class=\"mc-column content-text active-extra-styles \" style=\"text-align: justify;\" data-block-type=\"unstyled\" data-block-weight=\"7\" data-block-id=\"27\">\n<p class=\"content-text__container \" data-track-category=\"Link no Texto\" data-track-links=\"\">As vagas s\u00e3o divididas por dois editais.<\/p>\n<\/div>\n<div class=\"mc-column content-text active-extra-styles \" style=\"text-align: justify;\" data-block-type=\"unstyled\" data-block-weight=\"45\" data-block-id=\"28\">\n<p class=\"content-text__container \" data-track-category=\"Link no Texto\" data-track-links=\"\">No primeiro\u00a0<a href=\"http:\/\/www.conscamweb.com.br\/concurso\/downloadAnexo.do?idAnexo=2935\" target=\"_blank\" rel=\"noopener noreferrer\">edital<\/a>, as oportunidades s\u00e3o para auxiliar de enfermagem &#8211; ESF (4), agente de receita tribut\u00e1ria (1), cuidador domiciliar (1), enfermeiro ESF (7), m\u00e9dico cl\u00ednico geral ESF (2), nutricionista (2), psic\u00f3logo (1), m\u00e9dico seguran\u00e7a do trabalho (1), m\u00e9dico pediatra (1) e m\u00e9dico psiquiatra (1).<\/p>\n<\/div>\n<div class=\"mc-column content-text active-extra-styles \" style=\"text-align: justify;\" data-block-type=\"unstyled\" data-block-weight=\"27\" data-block-id=\"29\">\n<p class=\"content-text__container \" data-track-category=\"Link no Texto\" data-track-links=\"\">Vagas para eletricista (1), eletricista de autos (1), motorista (1), operador de m\u00e1quina pesada (1), zelador (1) e t\u00e9cnico de esportes (1) est\u00e3o dispon\u00edveis no segundo\u00a0<a href=\"http:\/\/www.conscamweb.com.br\/concurso\/downloadAnexo.do?idAnexo=2936\" target=\"_blank\" rel=\"noopener noreferrer\">edital<\/a>.<\/p>\n<\/div>\n<div class=\"mc-column content-text active-extra-styles \" style=\"text-align: justify;\" data-block-type=\"unstyled\" data-block-weight=\"18\" data-block-id=\"30\">\n<p class=\"content-text__container \" data-track-category=\"Link no Texto\" data-track-links=\"\">O sal\u00e1rio a ser recebido varia de R$ 1.123,57 a R$ 11.091,25 conforme o cargo escolhido pelo candidato.<\/p>\n<\/div>\n<div class=\"mc-column content-text active-extra-styles \" style=\"text-align: justify;\" data-block-type=\"unstyled\" data-block-weight=\"13\" data-block-id=\"31\">\n<p class=\"content-text__container \" data-track-category=\"Link no Texto\" data-track-links=\"\">As inscri\u00e7\u00f5es devem ser realizadas at\u00e9 o dia 30 de janeiro, no\u00a0<a href=\"http:\/\/www.conscamweb.com.br\/concurso\/concursoPaginaInterna.do?idInstituicao=32&amp;idConcurso=8\" target=\"_blank\" rel=\"noopener noreferrer\">site<\/a>.<\/p>\n<\/div>\n<div class=\"mc-column content-text active-extra-styles\" style=\"text-align: justify;\" data-block-type=\"raw\" data-block-weight=\"2\" data-block-id=\"33\">\n<div class=\"content-intertitle\">\n<h2>Presidente Bernardes<\/h2>\n<\/div>\n<\/div>\n<div class=\"mc-column content-text active-extra-styles \" style=\"text-align: justify;\" data-block-type=\"unstyled\" data-block-weight=\"12\" data-block-id=\"34\">\n<p class=\"content-text__container \" data-track-category=\"Link no Texto\" data-track-links=\"\">A Prefeitura de\u00a0<a href=\"https:\/\/g1.globo.com\/sp\/presidente-prudente-regiao\/cidade\/presidente-bernardes-sp\/\">Presidente Bernardes<\/a>\u00a0abriu concurso p\u00fablico para preenchimento de vaga.<\/p>\n<\/div>\n<div class=\"mc-column content-text active-extra-styles \" style=\"text-align: justify;\" data-block-type=\"unstyled\" data-block-weight=\"5\" data-block-id=\"35\">\n<p class=\"content-text__container \" data-track-category=\"Link no Texto\" data-track-links=\"\">Oportunidade dispon\u00edvel \u00e9 para psic\u00f3logo.<\/p>\n<\/div>\n<div class=\"mc-column content-text active-extra-styles \" style=\"text-align: justify;\" data-block-type=\"unstyled\" data-block-weight=\"30\" data-block-id=\"36\">\n<p class=\"content-text__container \" data-track-category=\"Link no Texto\" data-track-links=\"\">Conforme o\u00a0<a href=\"https:\/\/cdn.gestoreditais.com.br\/edital\/63\/2514\/cb552fc18339639e0cff19429dc8dc7e.pdf\" target=\"_blank\" rel=\"noopener noreferrer\">edital<\/a>, a carga hor\u00e1ria \u00e9 de 20 horas semanais, com sal\u00e1rio de R$ 2.459,99. \u00c9 necess\u00e1rio ter o n\u00edvel superior completo e registro no Conselho Regional de Psicologia.<\/p>\n<\/div>\n<div class=\"mc-column content-text active-extra-styles \" data-block-type=\"unstyled\" data-block-weight=\"12\" data-block-id=\"37\">\n<p class=\"content-text__container \" style=\"text-align: justify;\" data-track-category=\"Link no Texto\" data-track-links=\"\">Inscri\u00e7\u00f5es podem ser feitas at\u00e9 o dia 26 de janeiro, na\u00a0<a href=\"https:\/\/cmm.areadocandidato.com.br\/login\/\" target=\"_blank\" rel=\"noopener noreferrer\">internet<\/a>.<\/p>\n<p data-track-category=\"Link no Texto\" data-track-links=\"\">Fonte: G1<\/p>\n<\/div>\n<\/div>\n","protected":false},"excerpt":{"rendered":"<p>Remunera\u00e7\u00f5es variam de R$ 666,99 a R$ 11.091,25, de acordo com o cargo escolhido pelo candidato. Vagas para concursos p\u00fablicos e processos seletivos est\u00e3o abertas em seis cidades do Oeste Paulista. Remunera\u00e7\u00f5es variam de R$ 666,99 a R$ 11.091,25. Confira as oportunidades dispon\u00edveis: Alfredo Marcondes A Prefeitura de\u00a0Alfredo Marcondes\u00a0abriu processo seletivo para vagas de estagi\u00e1rios. [&hellip;]<\/p>\n","protected":false},"author":1,"featured_media":16939,"comment_status":"closed","ping_status":"open","sticky":false,"template":"","format":"standard","meta":{"footnotes":""},"categories":[122],"tags":[],"class_list":["post-16938","post","type-post","status-publish","format-standard","has-post-thumbnail","hentry","category-saudeeducacaoeconcurso"],"_links":{"self":[{"href":"https:\/\/jorgezanoni.com.br\/2019\/wp-json\/wp\/v2\/posts\/16938","targetHints":{"allow":["GET"]}}],"collection":[{"href":"https:\/\/jorgezanoni.com.br\/2019\/wp-json\/wp\/v2\/posts"}],"about":[{"href":"https:\/\/jorgezanoni.com.br\/2019\/wp-json\/wp\/v2\/types\/post"}],"author":[{"embeddable":true,"href":"https:\/\/jorgezanoni.com.br\/2019\/wp-json\/wp\/v2\/users\/1"}],"replies":[{"embeddable":true,"href":"https:\/\/jorgezanoni.com.br\/2019\/wp-json\/wp\/v2\/comments?post=16938"}],"version-history":[{"count":0,"href":"https:\/\/jorgezanoni.com.br\/2019\/wp-json\/wp\/v2\/posts\/16938\/revisions"}],"wp:featuredmedia":[{"embeddable":true,"href":"https:\/\/jorgezanoni.com.br\/2019\/wp-json\/wp\/v2\/media\/16939"}],"wp:attachment":[{"href":"https:\/\/jorgezanoni.com.br\/2019\/wp-json\/wp\/v2\/media?parent=16938"}],"wp:term":[{"taxonomy":"category","embeddable":true,"href":"https:\/\/jorgezanoni.com.br\/2019\/wp-json\/wp\/v2\/categories?post=16938"},{"taxonomy":"post_tag","embeddable":true,"href":"https:\/\/jorgezanoni.com.br\/2019\/wp-json\/wp\/v2\/tags?post=16938"}],"curies":[{"name":"wp","href":"https:\/\/api.w.org\/{rel}","templated":true}]}}