{"id":16925,"date":"2020-01-22T22:47:33","date_gmt":"2020-01-22T22:47:33","guid":{"rendered":"https:\/\/jorgezanoni.com.br\/2019\/?p=16925"},"modified":"2020-01-22T22:47:33","modified_gmt":"2020-01-22T22:47:33","slug":"jovem-e-encontrado-sem-vida-em-residencia-de-panorama","status":"publish","type":"post","link":"https:\/\/jorgezanoni.com.br\/2019\/jovem-e-encontrado-sem-vida-em-residencia-de-panorama\/","title":{"rendered":"Jovem \u00e9 encontrado sem vida em resid\u00eancia de Panorama"},"content":{"rendered":"<p style=\"text-align: justify;\">O jovem Rafhael Vieira dos Santos de 21 anos, morador de Panorama, foi encontrado sem vida hoje de manh\u00e3 em uma resid\u00eancia no Jardim Aeroporto. As autoridades tratam o caso como sendo suic\u00eddio.<\/p>\n<p style=\"text-align: justify;\"><img loading=\"lazy\" decoding=\"async\" class=\"alignnone size-full wp-image-16926\" src=\"https:\/\/jorgezanoni.com.br\/2019\/wp-content\/uploads\/2020\/01\/rafael.jpg\" alt=\"\" width=\"2048\" height=\"1574\" srcset=\"https:\/\/jorgezanoni.com.br\/2019\/wp-content\/uploads\/2020\/01\/rafael.jpg 2048w, https:\/\/jorgezanoni.com.br\/2019\/wp-content\/uploads\/2020\/01\/rafael-300x231.jpg 300w, https:\/\/jorgezanoni.com.br\/2019\/wp-content\/uploads\/2020\/01\/rafael-768x590.jpg 768w, https:\/\/jorgezanoni.com.br\/2019\/wp-content\/uploads\/2020\/01\/rafael-1024x787.jpg 1024w, https:\/\/jorgezanoni.com.br\/2019\/wp-content\/uploads\/2020\/01\/rafael-80x60.jpg 80w, https:\/\/jorgezanoni.com.br\/2019\/wp-content\/uploads\/2020\/01\/rafael-696x535.jpg 696w, https:\/\/jorgezanoni.com.br\/2019\/wp-content\/uploads\/2020\/01\/rafael-1068x821.jpg 1068w, https:\/\/jorgezanoni.com.br\/2019\/wp-content\/uploads\/2020\/01\/rafael-546x420.jpg 546w\" sizes=\"auto, (max-width: 2048px) 100vw, 2048px\" \/><\/p>\n<p>Antes do ato o jovem publicou em seu Facebook os dizeres:<\/p>\n<p>&#8220;Se voc\u00ea perceber que a pessoa precisa de ajuda, por favor ajude, fa\u00e7a de tudo o poss\u00edvel, conven\u00e7a ela a procurar ajuda profissional, mas n\u00e3o deixa passar achando que com o tempo melhora, porque isso n\u00e3o melhora com o tempo! Fa\u00e7a sua parte!&#8221;<\/p>\n<p>As palavras do jovem alertam sobre o mal do s\u00e9culo, a &#8220;Depress\u00e3o&#8221; que ainda \u00e9 encarada com preconceito, \u00e9 vista por muitos como frescura ou doen\u00e7a de pregui\u00e7oso.<\/p>\n<p>Sinais da depress\u00e3o<\/p>\n<p>Trata-se de um dist\u00farbio afetivo manifestado por sintomas emocionais e f\u00edsicos. H\u00e1 presen\u00e7a de apatia, pessimismo e baixa autoestima, que aparecem com frequ\u00eancia e podem combinar-se entre si. Assim, interferem na habilidade do indiv\u00edduo n\u00e3o s\u00f3 para trabalhar, bem como para estudar, comer, dormir e apreciar atividades antes agrad\u00e1veis.<\/p>\n<p>Fiquem atentos, sejam atenciosos e sejam um diferencial na vida das pessoas acometidas por essa doen\u00e7a que \u00e9 silenciosa e mortal.<\/p>\n<p style=\"text-align: justify;\">Fonte: Panorama Not\u00edcias<\/p>\n","protected":false},"excerpt":{"rendered":"<p>O jovem Rafhael Vieira dos Santos de 21 anos, morador de Panorama, foi encontrado sem vida hoje de manh\u00e3 em uma resid\u00eancia no Jardim Aeroporto. As autoridades tratam o caso como sendo suic\u00eddio. Antes do ato o jovem publicou em seu Facebook os dizeres: &#8220;Se voc\u00ea perceber que a pessoa precisa de ajuda, por favor [&hellip;]<\/p>\n","protected":false},"author":1,"featured_media":16927,"comment_status":"closed","ping_status":"open","sticky":false,"template":"","format":"standard","meta":{"footnotes":""},"categories":[178,110],"tags":[],"class_list":["post-16925","post","type-post","status-publish","format-standard","has-post-thumbnail","hentry","category-notadefalecimento","category-noticiasdestaque"],"_links":{"self":[{"href":"https:\/\/jorgezanoni.com.br\/2019\/wp-json\/wp\/v2\/posts\/16925","targetHints":{"allow":["GET"]}}],"collection":[{"href":"https:\/\/jorgezanoni.com.br\/2019\/wp-json\/wp\/v2\/posts"}],"about":[{"href":"https:\/\/jorgezanoni.com.br\/2019\/wp-json\/wp\/v2\/types\/post"}],"author":[{"embeddable":true,"href":"https:\/\/jorgezanoni.com.br\/2019\/wp-json\/wp\/v2\/users\/1"}],"replies":[{"embeddable":true,"href":"https:\/\/jorgezanoni.com.br\/2019\/wp-json\/wp\/v2\/comments?post=16925"}],"version-history":[{"count":0,"href":"https:\/\/jorgezanoni.com.br\/2019\/wp-json\/wp\/v2\/posts\/16925\/revisions"}],"wp:featuredmedia":[{"embeddable":true,"href":"https:\/\/jorgezanoni.com.br\/2019\/wp-json\/wp\/v2\/media\/16927"}],"wp:attachment":[{"href":"https:\/\/jorgezanoni.com.br\/2019\/wp-json\/wp\/v2\/media?parent=16925"}],"wp:term":[{"taxonomy":"category","embeddable":true,"href":"https:\/\/jorgezanoni.com.br\/2019\/wp-json\/wp\/v2\/categories?post=16925"},{"taxonomy":"post_tag","embeddable":true,"href":"https:\/\/jorgezanoni.com.br\/2019\/wp-json\/wp\/v2\/tags?post=16925"}],"curies":[{"name":"wp","href":"https:\/\/api.w.org\/{rel}","templated":true}]}}