{"id":16921,"date":"2020-01-22T22:36:57","date_gmt":"2020-01-22T22:36:57","guid":{"rendered":"https:\/\/jorgezanoni.com.br\/2019\/?p=16921"},"modified":"2020-01-22T22:36:57","modified_gmt":"2020-01-22T22:36:57","slug":"adolescente-de-16-anos-tem-86-do-corpo-queimado-em-explosao-de-churrasqueira-em-panorama","status":"publish","type":"post","link":"https:\/\/jorgezanoni.com.br\/2019\/adolescente-de-16-anos-tem-86-do-corpo-queimado-em-explosao-de-churrasqueira-em-panorama\/","title":{"rendered":"Adolescente de 16 anos tem 86% do corpo queimado em explos\u00e3o de churrasqueira em Panorama"},"content":{"rendered":"<p style=\"text-align: justify;\">A v\u00edtima um adolescente de 16 anos sofreu queimaduras de segundo grau em quase todo o corpo na noite desta ter\u00e7a-feira em resid\u00eancia no bairro Pedro Milanez em Panorama.<\/p>\n<p>O incidente ocorreu quando era acesa a churrasqueira, explos\u00e3o de \u00e1lcool.<\/p>\n<p>Pelas apura\u00e7\u00f5es da reportagem do Panorama Not\u00edcia a v\u00edtima\u00a0 foi transferida entubada e sedada para o setor de Pediatria do Hospital Regional de Presidente Prudente.<\/p>\n<p style=\"text-align: justify;\">Informa\u00e7\u00e3o da conta de que o jovem foi transferido para Hospital especializado em queimaduras na cidade de Bauru.<\/p>\n<p>Seu estado cl\u00ednico \u00e9 considerado grav\u00edssimo.<\/p>\n<p style=\"text-align: justify;\">Fonte: Panorama Not\u00edcias<\/p>\n","protected":false},"excerpt":{"rendered":"<p>A v\u00edtima um adolescente de 16 anos sofreu queimaduras de segundo grau em quase todo o corpo na noite desta ter\u00e7a-feira em resid\u00eancia no bairro Pedro Milanez em Panorama. O incidente ocorreu quando era acesa a churrasqueira, explos\u00e3o de \u00e1lcool. Pelas apura\u00e7\u00f5es da reportagem do Panorama Not\u00edcia a v\u00edtima\u00a0 foi transferida entubada e sedada para [&hellip;]<\/p>\n","protected":false},"author":1,"featured_media":16922,"comment_status":"closed","ping_status":"open","sticky":false,"template":"","format":"standard","meta":{"footnotes":""},"categories":[170,110],"tags":[],"class_list":["post-16921","post","type-post","status-publish","format-standard","has-post-thumbnail","hentry","category-acidentes","category-noticiasdestaque"],"_links":{"self":[{"href":"https:\/\/jorgezanoni.com.br\/2019\/wp-json\/wp\/v2\/posts\/16921","targetHints":{"allow":["GET"]}}],"collection":[{"href":"https:\/\/jorgezanoni.com.br\/2019\/wp-json\/wp\/v2\/posts"}],"about":[{"href":"https:\/\/jorgezanoni.com.br\/2019\/wp-json\/wp\/v2\/types\/post"}],"author":[{"embeddable":true,"href":"https:\/\/jorgezanoni.com.br\/2019\/wp-json\/wp\/v2\/users\/1"}],"replies":[{"embeddable":true,"href":"https:\/\/jorgezanoni.com.br\/2019\/wp-json\/wp\/v2\/comments?post=16921"}],"version-history":[{"count":0,"href":"https:\/\/jorgezanoni.com.br\/2019\/wp-json\/wp\/v2\/posts\/16921\/revisions"}],"wp:featuredmedia":[{"embeddable":true,"href":"https:\/\/jorgezanoni.com.br\/2019\/wp-json\/wp\/v2\/media\/16922"}],"wp:attachment":[{"href":"https:\/\/jorgezanoni.com.br\/2019\/wp-json\/wp\/v2\/media?parent=16921"}],"wp:term":[{"taxonomy":"category","embeddable":true,"href":"https:\/\/jorgezanoni.com.br\/2019\/wp-json\/wp\/v2\/categories?post=16921"},{"taxonomy":"post_tag","embeddable":true,"href":"https:\/\/jorgezanoni.com.br\/2019\/wp-json\/wp\/v2\/tags?post=16921"}],"curies":[{"name":"wp","href":"https:\/\/api.w.org\/{rel}","templated":true}]}}