{"id":16915,"date":"2020-01-22T22:16:08","date_gmt":"2020-01-22T22:16:08","guid":{"rendered":"https:\/\/jorgezanoni.com.br\/2019\/?p=16915"},"modified":"2020-01-22T22:16:08","modified_gmt":"2020-01-22T22:16:08","slug":"marketing-e-politica-reflexao-mais-do-que-necessaria-em-tempo-de-pos-globalizacao-midiatica","status":"publish","type":"post","link":"https:\/\/jorgezanoni.com.br\/2019\/marketing-e-politica-reflexao-mais-do-que-necessaria-em-tempo-de-pos-globalizacao-midiatica\/","title":{"rendered":"Marketing e Pol\u00edtica: Reflex\u00e3o mais do que necess\u00e1ria em tempo de P\u00f3s-Globaliza\u00e7\u00e3o Midi\u00e1tica!"},"content":{"rendered":"<p style=\"text-align: justify;\"><strong><em>\u201cO povo entende tanto de pol\u00edtica como de religi\u00e3o, de princ\u00edpio mergulha de cabe\u00e7a e, depois de algum tempo, descobre atordoado, que foi usado e tapeado.\u201d (<\/em><a href=\"https:\/\/www.pensador.com\/autor\/nelson_barh\/\"><em>Nelson Barh<\/em><\/a><em>)<\/em><\/strong><\/p>\n<p style=\"text-align: justify;\"><strong><em>S\u00e9rgio Barbosa (*)<\/em><\/strong><\/p>\n<p style=\"text-align: justify;\">Na atualidade os meios de comunica\u00e7\u00e3o de massa compreendem um dos principais ambientes da pol\u00edtica, seja em per\u00edodos de campanhas eleitorais ou n\u00e3o.<\/p>\n<p style=\"text-align: justify;\">O desenvolvimento dos meios de comunica\u00e7\u00e3o, dentre outros fatores, remodelou o estilo das campanhas.<\/p>\n<p style=\"text-align: justify;\">De acordo com Panebianco (1982), o surgimento da televis\u00e3o mudou o ambiente eleitoral e gerou um enfraquecimento das organiza\u00e7\u00f5es partid\u00e1rias da Europa Ocidental, pois houve a reestrutura\u00e7\u00e3o do campo da comunica\u00e7\u00e3o pol\u00edtica.<\/p>\n<p style=\"text-align: justify;\">Os velhos pap\u00e9is burocr\u00e1ticos perderam terreno como instrumento da organiza\u00e7\u00e3o do consenso e novos profissionais adquiriram peso crescente, como t\u00e9cnicos de campanha, publicit\u00e1rios, jornalistas, profissionais de rela\u00e7\u00f5es p\u00fablicas, cientistas pol\u00edticos e especialistas de outras \u00e1reas.<\/p>\n<p style=\"text-align: justify;\">Ao modificar as formas da comunica\u00e7\u00e3o pol\u00edtica com o p\u00fablico heterog\u00eaneo e, em geral, mais instru\u00eddo, os meios de comunica\u00e7\u00e3o, em especial a tev\u00ea, empurraram os partidos a desenvolver campanhas \u201cpersonalizadas\u201d, constru\u00eddas por profissionais do <em>marketing <\/em>e centradas em temas quest\u00f5es espec\u00edficas que variam de uma elei\u00e7\u00e3o para a outra.<\/p>\n<p style=\"text-align: justify;\">A transforma\u00e7\u00e3o da m\u00eddia enquanto um espa\u00e7o onde a pol\u00edtica acontece estabelece a ascens\u00e3o da pr\u00f3pria m\u00eddia como um ator do espa\u00e7o pol\u00edtico. Assim sendo, para terem sucesso nas elei\u00e7\u00f5es, os partidos e candidatos ficam dependentes dos ve\u00edculos de comunica\u00e7\u00e3o para informarem os eleitores sobre suas propostas de governo.<\/p>\n<p style=\"text-align: justify;\">Por outro lado, nas administra\u00e7\u00f5es de governo, os chefes de Estado precisam informar os cidad\u00e3os sobre as suas realiza\u00e7\u00f5es.<\/p>\n<p style=\"text-align: justify;\">Destaca-se assim a import\u00e2ncia crucial da constru\u00e7\u00e3o das imagens dos pol\u00edticos e das administra\u00e7\u00f5es, o que torna, <em>pari passu<\/em>, decisivo o papel dos profissionais do campo do <em>marketing<\/em>.<\/p>\n<p style=\"text-align: justify;\"><strong>Marketing<\/strong><\/p>\n<p style=\"text-align: justify;\">Segundo Kotter (1995) o marketing \u00e9 um processo social e gerencial onde grupos e indiv\u00edduos adquirem o que necessitam e desejam por meio da cria\u00e7\u00e3o de ofertas e trocas de produtos e servi\u00e7os.<\/p>\n<p style=\"text-align: justify;\">Seu gerenciamento deve implantar programas que influenciam, tamb\u00e9m, a credibilidade de ideias e pessoas.<\/p>\n<p style=\"text-align: justify;\">O marketing \u00e9 aceito como ci\u00eancia porque seus conceitos e teorias ampliam-se por diversos estudos como os de comportamento de pessoas, marketing de institui\u00e7\u00f5es e canais mercadol\u00f3gicos.<\/p>\n<p style=\"text-align: justify;\">\u00a0O pol\u00edtico, num regime democr\u00e1tico, \u00e9 identificado como um produto e para conquistar o voto do cidad\u00e3o eleitor, utiliza todas as ferramentas do marketing.<\/p>\n<p style=\"text-align: justify;\">O distanciamento entre os partidos e cidad\u00e3os comp\u00f5e um elemento desse novo estilo de se fazer pol\u00edtica.<\/p>\n<p style=\"text-align: justify;\">Nas sociedades modernas a crescente diferencia\u00e7\u00e3o funcional e a fragmenta\u00e7\u00e3o social tornam mais dif\u00edcil para l\u00edderes e partidos pol\u00edticos saberem as preocupa\u00e7\u00f5es, pontos de vista e a situa\u00e7\u00e3o de vida dos eleitores, do que em sociedades tradicionais, onde os militantes e ativistas serviam previamente de canais para a observa\u00e7\u00e3o dos humores e interesses dos cidad\u00e3os.<\/p>\n<p style=\"text-align: justify;\">Assim, o substituto para o contato interpessoal tradicional dos partidos \u00e9 a pesquisa de opini\u00e3o p\u00fablica.<\/p>\n<p style=\"text-align: justify;\"><strong>Ci\u00eancia Pol\u00edtica<\/strong><\/p>\n<p style=\"text-align: justify;\">Diante deste contexto de remodelamento do espa\u00e7o pol\u00edtico para o ambiente dos meios de comunica\u00e7\u00e3o, em especial da televis\u00e3o, o objeto de estudo sobre campanhas eleitorais ou de administra\u00e7\u00f5es de governo, principalmente em governos democr\u00e1ticos, torna-se interdisciplinar, isto \u00e9, delineadas tanto pelos campos do <em>marketing <\/em>como da Ci\u00eancia Pol\u00edtica.<\/p>\n<p style=\"text-align: justify;\">Pode-se notar atualmente que as administra\u00e7\u00f5es de governo, bem como as campanhas eleitorais, est\u00e3o altamente profissionalizadas. Os m\u00e9todos utilizados na pol\u00edtica assemelham-se bastante \u00e0s campanhas publicit\u00e1rias comerciais.<\/p>\n<p style=\"text-align: justify;\">Famosa em n\u00edvel mundial, a frase <em>\u201cvendam seus candidatos como o mundo dos neg\u00f3cios vende seus produtos<\/em>\u201d, de Leonard Hall, presidente do Partido Republicano em 1956, mostra bem como \u00e9 essa aproxima\u00e7\u00e3o das campanhas com <em>marketing<\/em>.<\/p>\n<p style=\"text-align: justify;\"><em>__________________________<\/em><\/p>\n<p style=\"text-align: justify;\"><em>(*) Jornalista Diplomado, Professor universit\u00e1rio e Consultor na \u00c1rea da Comunica\u00e7\u00e3o Organizacional.<\/em><\/p>\n","protected":false},"excerpt":{"rendered":"<p>\u201cO povo entende tanto de pol\u00edtica como de religi\u00e3o, de princ\u00edpio mergulha de cabe\u00e7a e, depois de algum tempo, descobre atordoado, que foi usado e tapeado.\u201d (Nelson Barh) S\u00e9rgio Barbosa (*) Na atualidade os meios de comunica\u00e7\u00e3o de massa compreendem um dos principais ambientes da pol\u00edtica, seja em per\u00edodos de campanhas eleitorais ou n\u00e3o. O [&hellip;]<\/p>\n","protected":false},"author":1,"featured_media":16916,"comment_status":"closed","ping_status":"open","sticky":false,"template":"","format":"standard","meta":{"footnotes":""},"categories":[175],"tags":[],"class_list":["post-16915","post","type-post","status-publish","format-standard","has-post-thumbnail","hentry","category-artigos"],"_links":{"self":[{"href":"https:\/\/jorgezanoni.com.br\/2019\/wp-json\/wp\/v2\/posts\/16915","targetHints":{"allow":["GET"]}}],"collection":[{"href":"https:\/\/jorgezanoni.com.br\/2019\/wp-json\/wp\/v2\/posts"}],"about":[{"href":"https:\/\/jorgezanoni.com.br\/2019\/wp-json\/wp\/v2\/types\/post"}],"author":[{"embeddable":true,"href":"https:\/\/jorgezanoni.com.br\/2019\/wp-json\/wp\/v2\/users\/1"}],"replies":[{"embeddable":true,"href":"https:\/\/jorgezanoni.com.br\/2019\/wp-json\/wp\/v2\/comments?post=16915"}],"version-history":[{"count":0,"href":"https:\/\/jorgezanoni.com.br\/2019\/wp-json\/wp\/v2\/posts\/16915\/revisions"}],"wp:featuredmedia":[{"embeddable":true,"href":"https:\/\/jorgezanoni.com.br\/2019\/wp-json\/wp\/v2\/media\/16916"}],"wp:attachment":[{"href":"https:\/\/jorgezanoni.com.br\/2019\/wp-json\/wp\/v2\/media?parent=16915"}],"wp:term":[{"taxonomy":"category","embeddable":true,"href":"https:\/\/jorgezanoni.com.br\/2019\/wp-json\/wp\/v2\/categories?post=16915"},{"taxonomy":"post_tag","embeddable":true,"href":"https:\/\/jorgezanoni.com.br\/2019\/wp-json\/wp\/v2\/tags?post=16915"}],"curies":[{"name":"wp","href":"https:\/\/api.w.org\/{rel}","templated":true}]}}