{"id":16889,"date":"2020-01-22T02:18:21","date_gmt":"2020-01-22T02:18:21","guid":{"rendered":"https:\/\/jorgezanoni.com.br\/2019\/?p=16889"},"modified":"2020-01-22T02:18:21","modified_gmt":"2020-01-22T02:18:21","slug":"familia-raspa-cabelo-em-solidariedade-a-adolescente-com-cancer-na-paraiba","status":"publish","type":"post","link":"https:\/\/jorgezanoni.com.br\/2019\/familia-raspa-cabelo-em-solidariedade-a-adolescente-com-cancer-na-paraiba\/","title":{"rendered":"Fam\u00edlia raspa cabelo em solidariedade a adolescente com c\u00e2ncer, na Para\u00edba"},"content":{"rendered":"<h2 class=\"content-head__subtitle\" style=\"text-align: justify;\"><strong>Vit\u00f3ria Ara\u00fajo recebeu diagn\u00f3stico de leucemia com 16 anos.<\/strong><\/h2>\n<div class=\"mc-column content-text active-extra-styles \" data-block-type=\"unstyled\" data-block-weight=\"57\" data-block-id=\"2\">\n<p class=\"content-text__container \" style=\"text-align: justify;\" data-track-category=\"Link no Texto\" data-track-links=\"\">No in\u00edcio, Vit\u00f3ria Ara\u00fajo sentia apenas cansa\u00e7o. Depois percebeu que a gengiva estava sangrando. Fez exames em um dia e, no outro, desmaiou em casa. Em seguida, veio o diagn\u00f3stico: leucemia, com apenas 16 anos. Para acolher a adolescente, que recebeu a not\u00edcia t\u00e3o cedo, toda a fam\u00edlia de Vit\u00f3ria raspou o cabelo junto com ela.<\/p>\n<\/div>\n<div class=\"wall protected-content\">\n<div class=\"mc-column content-text active-extra-styles \" style=\"text-align: justify;\" data-block-type=\"unstyled\" data-block-weight=\"25\" data-block-id=\"3\">\n<p class=\"content-text__container \" data-track-category=\"Link no Texto\" data-track-links=\"\">&#8220;Eu agi naturalmente, nem parecia que estava recebendo aquela not\u00edcia, todo mundo ficou surpreso com minha rea\u00e7\u00e3o. \u00c9 assim que encaro a vida&#8221;, disse Vit\u00f3ria.<\/p>\n<\/div>\n<div class=\"mc-column content-text active-extra-styles \" style=\"text-align: justify;\" data-block-type=\"unstyled\" data-block-weight=\"32\" data-block-id=\"4\">\n<p class=\"content-text__container \" data-track-category=\"Link no Texto\" data-track-links=\"\">Assim que recebeu o diagn\u00f3stico, Vit\u00f3ria n\u00e3o voltou mais para casa. Ficou internada quatro meses no hospital e reagiu muito bem ao diagn\u00f3stico. Mas teve um apoio incondicional das cinco irm\u00e3.<\/p>\n<\/div>\n<div class=\"mc-column content-text active-extra-styles \" data-block-type=\"unstyled\" data-block-weight=\"19\" data-block-id=\"5\">\n<p class=\"content-text__container \" style=\"text-align: justify;\" data-track-category=\"Link no Texto\" data-track-links=\"\">&#8220;Elas ficaram comigo o tempo todo no hospital, desde os primeiros exames j\u00e1 estavam comigo, at\u00e9 hoje&#8221;, declarou Vit\u00f3ria.<\/p>\n<p style=\"text-align: justify;\" data-track-category=\"Link no Texto\" data-track-links=\"\"><img loading=\"lazy\" decoding=\"async\" class=\"alignnone size-full wp-image-16890\" src=\"https:\/\/jorgezanoni.com.br\/2019\/wp-content\/uploads\/2020\/01\/careca1.jpg\" alt=\"\" width=\"640\" height=\"360\" srcset=\"https:\/\/jorgezanoni.com.br\/2019\/wp-content\/uploads\/2020\/01\/careca1.jpg 640w, https:\/\/jorgezanoni.com.br\/2019\/wp-content\/uploads\/2020\/01\/careca1-300x169.jpg 300w\" sizes=\"auto, (max-width: 640px) 100vw, 640px\" \/><\/p>\n<div class=\"row medium-uncollapsed content-media content-photo\" style=\"text-align: justify;\" data-block-type=\"backstage-photo\" data-block-id=\"6\">\n<div class=\"mc-column content-media__container\">\n<p class=\"content-media__description \">Fam\u00edlia se uniu ap\u00f3s diagn\u00f3stico de leucemia em Vit\u00f3ria, na Para\u00edba \u2014 Foto: Reprodu\u00e7\u00e3o\/TV Cabo Branco<\/p>\n<\/div>\n<\/div>\n<div class=\"mc-column content-text active-extra-styles \" style=\"text-align: justify;\" data-block-type=\"unstyled\" data-block-weight=\"56\" data-block-id=\"8\">\n<p class=\"content-text__container \" data-track-category=\"Link no Texto\" data-track-links=\"\">Depois de quase seis meses de tratamento, os cabelos de vit\u00f3ria come\u00e7aram a cair. Na semana passada, ela pediu para a irm\u00e3 mais velha raspar todo o cabelo de uma vez. Tr\u00eas dias depois, a surpresa: a irm\u00e3 g\u00eamea de Vit\u00f3ria apareceu em casa de cabelo raspado. As outras irm\u00e3s se empolgaram e fizeram o mesmo.<\/p>\n<\/div>\n<div class=\"mc-column content-text active-extra-styles \" style=\"text-align: justify;\" data-block-type=\"unstyled\" data-block-weight=\"40\" data-block-id=\"9\">\n<p class=\"content-text__container \" data-track-category=\"Link no Texto\" data-track-links=\"\">A tia tamb\u00e9m raspou o cabelo. E, por \u00faltimo, a m\u00e3e tamb\u00e9m entrou nessa rede de solidariedade com a filha. &#8220;Foi muito divertido, o processo principalmente. Fizemos v\u00e1rios cortes da moda para nos divertir&#8221;, disse Adriana Ar\u00e1ujo, irm\u00e3 de Vit\u00f3ria.<\/p>\n<\/div>\n<div class=\"mc-column content-text active-extra-styles \" style=\"text-align: justify;\" data-block-type=\"unstyled\" data-block-weight=\"45\" data-block-id=\"10\">\n<p class=\"content-text__container \" data-track-category=\"Link no Texto\" data-track-links=\"\">Adriana assumiu a tesoura e durante os cortes foram muitas brincadeiras. Ficar careca foi divertido. A surpresa das irm\u00e3s para Vit\u00f3ria, no entanto, n\u00e3o surpreendeu a m\u00e3e, Vanda Maria, que j\u00e1 esperava essa atitude das filhas. &#8220;Porque conhe\u00e7o elas, j\u00e1 sabia. S\u00e3o sempre unidas&#8221;, ressaltou.<\/p>\n<\/div>\n<div class=\"mc-column content-text active-extra-styles \" data-block-type=\"unstyled\" data-block-weight=\"43\" data-block-id=\"11\">\n<p class=\"content-text__container \" style=\"text-align: justify;\" data-track-category=\"Link no Texto\" data-track-links=\"\">Todo o processo de tratamento da irm\u00e3 est\u00e1 sendo encarado com muita leveza. &#8220;Isso para mim \u00e9 um orgulho, ver uma fam\u00edlia t\u00e3o unida&#8221;, disse En\u00e9as Jos\u00e9, pai de Vit\u00f3ria. O lema da fam\u00edlia agora est\u00e1 claro: uma por todas, todas por uma.<\/p>\n<p style=\"text-align: justify;\" data-track-category=\"Link no Texto\" data-track-links=\"\">Fonte: G1<\/p>\n<\/div>\n<\/div>\n<\/div>\n","protected":false},"excerpt":{"rendered":"<p>Vit\u00f3ria Ara\u00fajo recebeu diagn\u00f3stico de leucemia com 16 anos. No in\u00edcio, Vit\u00f3ria Ara\u00fajo sentia apenas cansa\u00e7o. Depois percebeu que a gengiva estava sangrando. Fez exames em um dia e, no outro, desmaiou em casa. Em seguida, veio o diagn\u00f3stico: leucemia, com apenas 16 anos. Para acolher a adolescente, que recebeu a not\u00edcia t\u00e3o cedo, toda [&hellip;]<\/p>\n","protected":false},"author":1,"featured_media":16891,"comment_status":"closed","ping_status":"open","sticky":false,"template":"","format":"standard","meta":{"footnotes":""},"categories":[114,110],"tags":[],"class_list":["post-16889","post","type-post","status-publish","format-standard","has-post-thumbnail","hentry","category-geralecomercio","category-noticiasdestaque"],"_links":{"self":[{"href":"https:\/\/jorgezanoni.com.br\/2019\/wp-json\/wp\/v2\/posts\/16889","targetHints":{"allow":["GET"]}}],"collection":[{"href":"https:\/\/jorgezanoni.com.br\/2019\/wp-json\/wp\/v2\/posts"}],"about":[{"href":"https:\/\/jorgezanoni.com.br\/2019\/wp-json\/wp\/v2\/types\/post"}],"author":[{"embeddable":true,"href":"https:\/\/jorgezanoni.com.br\/2019\/wp-json\/wp\/v2\/users\/1"}],"replies":[{"embeddable":true,"href":"https:\/\/jorgezanoni.com.br\/2019\/wp-json\/wp\/v2\/comments?post=16889"}],"version-history":[{"count":0,"href":"https:\/\/jorgezanoni.com.br\/2019\/wp-json\/wp\/v2\/posts\/16889\/revisions"}],"wp:featuredmedia":[{"embeddable":true,"href":"https:\/\/jorgezanoni.com.br\/2019\/wp-json\/wp\/v2\/media\/16891"}],"wp:attachment":[{"href":"https:\/\/jorgezanoni.com.br\/2019\/wp-json\/wp\/v2\/media?parent=16889"}],"wp:term":[{"taxonomy":"category","embeddable":true,"href":"https:\/\/jorgezanoni.com.br\/2019\/wp-json\/wp\/v2\/categories?post=16889"},{"taxonomy":"post_tag","embeddable":true,"href":"https:\/\/jorgezanoni.com.br\/2019\/wp-json\/wp\/v2\/tags?post=16889"}],"curies":[{"name":"wp","href":"https:\/\/api.w.org\/{rel}","templated":true}]}}