{"id":16886,"date":"2020-01-22T01:44:37","date_gmt":"2020-01-22T01:44:37","guid":{"rendered":"https:\/\/jorgezanoni.com.br\/2019\/?p=16886"},"modified":"2020-01-22T01:44:37","modified_gmt":"2020-01-22T01:44:37","slug":"1o-tenente-marcia-cristina-foi-vitima-de-atropelamento-e-nao-resistiu","status":"publish","type":"post","link":"https:\/\/jorgezanoni.com.br\/2019\/1o-tenente-marcia-cristina-foi-vitima-de-atropelamento-e-nao-resistiu\/","title":{"rendered":"1\u00ba Tenente M\u00e1rcia Cristina foi v\u00edtima de atropelamento e n\u00e3o resistiu"},"content":{"rendered":"<p style=\"text-align: justify;\">SENTIMENTOS DO CPI-8<\/p>\n<p style=\"text-align: justify;\">Faleceu na data de ontem (20) a 1\u00b0 Tenente M\u00e1rcia Cristina, do Comando de Policiamento de Choque, v\u00edtima de atropelamento quando dirigia-se<span class=\"text_exposed_show\">\u00a0para o trabalho.<br \/>\nA 1\u00b0 Tenente M\u00e1rcia ingressou na Pol\u00edcia Militar no ano de 1996, tendo como sua primeira Unidade o 42\u00b0 Batalh\u00e3o de Pol\u00edcia Militar do Interior &#8211; Pres. Venceslau. Em 2008 trabalhou especificamente no Comando de Policiamento do Interior &#8211; Oito, em nosso Centro de Opera\u00e7\u00f5es (COPOM), onde permaneceu at\u00e9 o ano de 2014, quando em face de sua promo\u00e7\u00e3o \u00e0 gradua\u00e7\u00e3o de 3\u00b0 Sargento PM passou a servir a Pol\u00edcia Militar na Capital. No tempo em que l\u00e1 permaneceu, por seu esfor\u00e7o e m\u00e9rito, conquistou o posto de 1\u00b0 Tenente da Pol\u00edcia Militar.<br \/>\nProfissional dedicada, m\u00e3e exemplar, deixou dois filhos e no CPI-8 saudades em todos os amigos.<\/span><\/p>\n<div class=\"text_exposed_show\">\n<p style=\"text-align: justify;\"><a class=\"_58cn\" href=\"https:\/\/www.facebook.com\/hashtag\/cpi8?source=feed_text&amp;epa=HASHTAG&amp;__xts__%5B0%5D=68.ARCGm65pDfmD-yti6AGO3k_EgSWSsmWTuFv9rqQtayrH5j7m58VZweAAXFBdxbBPCKVkbiH5y6Rn9aqwG_Kfql7Fa9OlVdRCoAZE9J7Ru8AHqzgjcGEBKFXqfFRHDTDvBlcKuZy15mgXqrm3dRJ_91XonHYvEY1iHPhmKIR3TzK1t0s2efpmlljFXM7QGlIgogm6mkdjVUSxwVnLyAa-fquVc_mBsZyY9Kv9lj9-d6LCT6fCxD5lP8AwJv-FJuia9KNyXOIOe4P6yyxDQQrbU3oyK_2SoxlvR4zsuK5xLR9JtY41flbdG-mT3fNBobB3qCRtWIcQJtK-S1tU5Ne9VKLzAIG4OVYU1IoPcd5Sjr4378Nh6ptgujx4XPszuWLnYNbLyUeL4Eg358XSGFuf7cXdYxOY3FqWod8vnp0jtU2c7tNUwe5WduwOhFeZ18IZ5UNiJYz1TsfDtTiSbnEN99D5wNniVL6I0PoLDEENyiULdMfrhZSmQq4jrrlJ336K43UXLJ04Z5hiJeL0LZDiJvk&amp;__tn__=%2ANKH-R\" data-ft=\"{&quot;type&quot;:104,&quot;tn&quot;:&quot;*N&quot;}\"><span class=\"_5afx\"><span class=\"_58cl _5afz\" aria-label=\"hashtag\">#<\/span><span class=\"_58cm\">CPI8<\/span><\/span><\/a><br \/>\n<a class=\"_58cn\" href=\"https:\/\/www.facebook.com\/hashtag\/policiamilitarsp?source=feed_text&amp;epa=HASHTAG&amp;__xts__%5B0%5D=68.ARCGm65pDfmD-yti6AGO3k_EgSWSsmWTuFv9rqQtayrH5j7m58VZweAAXFBdxbBPCKVkbiH5y6Rn9aqwG_Kfql7Fa9OlVdRCoAZE9J7Ru8AHqzgjcGEBKFXqfFRHDTDvBlcKuZy15mgXqrm3dRJ_91XonHYvEY1iHPhmKIR3TzK1t0s2efpmlljFXM7QGlIgogm6mkdjVUSxwVnLyAa-fquVc_mBsZyY9Kv9lj9-d6LCT6fCxD5lP8AwJv-FJuia9KNyXOIOe4P6yyxDQQrbU3oyK_2SoxlvR4zsuK5xLR9JtY41flbdG-mT3fNBobB3qCRtWIcQJtK-S1tU5Ne9VKLzAIG4OVYU1IoPcd5Sjr4378Nh6ptgujx4XPszuWLnYNbLyUeL4Eg358XSGFuf7cXdYxOY3FqWod8vnp0jtU2c7tNUwe5WduwOhFeZ18IZ5UNiJYz1TsfDtTiSbnEN99D5wNniVL6I0PoLDEENyiULdMfrhZSmQq4jrrlJ336K43UXLJ04Z5hiJeL0LZDiJvk&amp;__tn__=%2ANKH-R\" data-ft=\"{&quot;type&quot;:104,&quot;tn&quot;:&quot;*N&quot;}\"><span class=\"_5afx\"><span class=\"_58cl _5afz\" aria-label=\"hashtag\">#<\/span><span class=\"_58cm\">POLICIAMILITARSP<\/span><\/span><\/a><\/p>\n<p style=\"text-align: justify;\">Fonte: Se\u00e7\u00e3o de Comunica\u00e7\u00e3o Social<\/p>\n<\/div>\n","protected":false},"excerpt":{"rendered":"<p>SENTIMENTOS DO CPI-8 Faleceu na data de ontem (20) a 1\u00b0 Tenente M\u00e1rcia Cristina, do Comando de Policiamento de Choque, v\u00edtima de atropelamento quando dirigia-se\u00a0para o trabalho. A 1\u00b0 Tenente M\u00e1rcia ingressou na Pol\u00edcia Militar no ano de 1996, tendo como sua primeira Unidade o 42\u00b0 Batalh\u00e3o de Pol\u00edcia Militar do Interior &#8211; Pres. Venceslau. [&hellip;]<\/p>\n","protected":false},"author":1,"featured_media":16887,"comment_status":"closed","ping_status":"open","sticky":false,"template":"","format":"standard","meta":{"footnotes":""},"categories":[178,110,2],"tags":[],"class_list":["post-16886","post","type-post","status-publish","format-standard","has-post-thumbnail","hentry","category-notadefalecimento","category-noticiasdestaque","category-policial"],"_links":{"self":[{"href":"https:\/\/jorgezanoni.com.br\/2019\/wp-json\/wp\/v2\/posts\/16886","targetHints":{"allow":["GET"]}}],"collection":[{"href":"https:\/\/jorgezanoni.com.br\/2019\/wp-json\/wp\/v2\/posts"}],"about":[{"href":"https:\/\/jorgezanoni.com.br\/2019\/wp-json\/wp\/v2\/types\/post"}],"author":[{"embeddable":true,"href":"https:\/\/jorgezanoni.com.br\/2019\/wp-json\/wp\/v2\/users\/1"}],"replies":[{"embeddable":true,"href":"https:\/\/jorgezanoni.com.br\/2019\/wp-json\/wp\/v2\/comments?post=16886"}],"version-history":[{"count":0,"href":"https:\/\/jorgezanoni.com.br\/2019\/wp-json\/wp\/v2\/posts\/16886\/revisions"}],"wp:featuredmedia":[{"embeddable":true,"href":"https:\/\/jorgezanoni.com.br\/2019\/wp-json\/wp\/v2\/media\/16887"}],"wp:attachment":[{"href":"https:\/\/jorgezanoni.com.br\/2019\/wp-json\/wp\/v2\/media?parent=16886"}],"wp:term":[{"taxonomy":"category","embeddable":true,"href":"https:\/\/jorgezanoni.com.br\/2019\/wp-json\/wp\/v2\/categories?post=16886"},{"taxonomy":"post_tag","embeddable":true,"href":"https:\/\/jorgezanoni.com.br\/2019\/wp-json\/wp\/v2\/tags?post=16886"}],"curies":[{"name":"wp","href":"https:\/\/api.w.org\/{rel}","templated":true}]}}