{"id":16839,"date":"2020-01-21T15:19:31","date_gmt":"2020-01-21T15:19:31","guid":{"rendered":"https:\/\/jorgezanoni.com.br\/2019\/?p=16839"},"modified":"2020-01-21T15:19:31","modified_gmt":"2020-01-21T15:19:31","slug":"unifadra-fundec-abre-inscricoes-para-receber-transferencias-externas-para-o-curso-de-medicina-3","status":"publish","type":"post","link":"https:\/\/jorgezanoni.com.br\/2019\/unifadra-fundec-abre-inscricoes-para-receber-transferencias-externas-para-o-curso-de-medicina-3\/","title":{"rendered":"Unifadra\/Fundec abre inscri\u00e7\u00f5es para receber transfer\u00eancias externas para o curso de Medicina"},"content":{"rendered":"<p style=\"font-weight: 400; text-align: justify;\">A Faculdade Unifadra\/Fundec est\u00e1 com as inscri\u00e7\u00f5es abertas para receber transfer\u00eancias externas para o 3\u00ba, 5\u00ba e 7\u00ba semestres do curso de Medicina. As inscri\u00e7\u00f5es para esse processo seletivo poder\u00e3o ser feitas at\u00e9 o dia 28 de janeiro, pelo site\u00a0<a href=\"http:\/\/www.fundec.edu.br\/\">www.fundec.edu.br<\/a>. Segundo o diretor acad\u00eamico da Unifadra Prof. Dr. Enio Garbelini, poder\u00e3o inscrever-se no processo seletivo de transfer\u00eancia alunos regularmente matriculados em curso de gradua\u00e7\u00e3o em Medicina de Institui\u00e7\u00f5es de Ensino Superior brasileiras reconhecidas pelo MEC ou pelos Conselhos Estaduais de Educa\u00e7\u00e3o. Garbelini destacou que os candidatos ter\u00e3o que, al\u00e9m de efetuar a inscri\u00e7\u00e3o pelo site, apresentar na Secretaria Geral da Fundec a rela\u00e7\u00e3o de documentos pedida no edital. A prova escrita ser\u00e1 realizada no dia 06 de fevereiro, na Fundec.<br \/>\nO resultado final ser\u00e1 divulgado no dia 07\/02, ap\u00f3s an\u00e1lise curricular. As matr\u00edculas para os aprovados no processo seletivo de transfer\u00eancia dever\u00e3o ser feitas nos dias 10 e 11 de fevereiro. Edital e informa\u00e7\u00f5es no site:\u00a0<a href=\"http:\/\/www.fundec.edu.br\/unifadra\">www.fundec.edu.br\/unifadra<\/a>\u00a0.<\/p>\n<p style=\"font-weight: 400; text-align: justify;\">Carolina Colnago<\/p>\n<p style=\"font-weight: 400; text-align: justify;\">Assessora de Comunica\u00e7\u00e3o da Fundec &#8211; Jornalista<\/p>\n","protected":false},"excerpt":{"rendered":"<p>A Faculdade Unifadra\/Fundec est\u00e1 com as inscri\u00e7\u00f5es abertas para receber transfer\u00eancias externas para o 3\u00ba, 5\u00ba e 7\u00ba semestres do curso de Medicina. As inscri\u00e7\u00f5es para esse processo seletivo poder\u00e3o ser feitas at\u00e9 o dia 28 de janeiro, pelo site\u00a0www.fundec.edu.br. Segundo o diretor acad\u00eamico da Unifadra Prof. Dr. Enio Garbelini, poder\u00e3o inscrever-se no processo seletivo [&hellip;]<\/p>\n","protected":false},"author":1,"featured_media":16840,"comment_status":"closed","ping_status":"open","sticky":false,"template":"","format":"standard","meta":{"footnotes":""},"categories":[122],"tags":[],"class_list":["post-16839","post","type-post","status-publish","format-standard","has-post-thumbnail","hentry","category-saudeeducacaoeconcurso"],"_links":{"self":[{"href":"https:\/\/jorgezanoni.com.br\/2019\/wp-json\/wp\/v2\/posts\/16839","targetHints":{"allow":["GET"]}}],"collection":[{"href":"https:\/\/jorgezanoni.com.br\/2019\/wp-json\/wp\/v2\/posts"}],"about":[{"href":"https:\/\/jorgezanoni.com.br\/2019\/wp-json\/wp\/v2\/types\/post"}],"author":[{"embeddable":true,"href":"https:\/\/jorgezanoni.com.br\/2019\/wp-json\/wp\/v2\/users\/1"}],"replies":[{"embeddable":true,"href":"https:\/\/jorgezanoni.com.br\/2019\/wp-json\/wp\/v2\/comments?post=16839"}],"version-history":[{"count":0,"href":"https:\/\/jorgezanoni.com.br\/2019\/wp-json\/wp\/v2\/posts\/16839\/revisions"}],"wp:featuredmedia":[{"embeddable":true,"href":"https:\/\/jorgezanoni.com.br\/2019\/wp-json\/wp\/v2\/media\/16840"}],"wp:attachment":[{"href":"https:\/\/jorgezanoni.com.br\/2019\/wp-json\/wp\/v2\/media?parent=16839"}],"wp:term":[{"taxonomy":"category","embeddable":true,"href":"https:\/\/jorgezanoni.com.br\/2019\/wp-json\/wp\/v2\/categories?post=16839"},{"taxonomy":"post_tag","embeddable":true,"href":"https:\/\/jorgezanoni.com.br\/2019\/wp-json\/wp\/v2\/tags?post=16839"}],"curies":[{"name":"wp","href":"https:\/\/api.w.org\/{rel}","templated":true}]}}