{"id":16836,"date":"2020-01-21T15:11:14","date_gmt":"2020-01-21T15:11:14","guid":{"rendered":"https:\/\/jorgezanoni.com.br\/2019\/?p=16836"},"modified":"2020-01-21T15:11:14","modified_gmt":"2020-01-21T15:11:14","slug":"unifadra-fundec-abre-inscricoes-para-processo-seletivo-de-medicina-para-portadores-de-diploma","status":"publish","type":"post","link":"https:\/\/jorgezanoni.com.br\/2019\/unifadra-fundec-abre-inscricoes-para-processo-seletivo-de-medicina-para-portadores-de-diploma\/","title":{"rendered":"Unifadra\/Fundec abre inscri\u00e7\u00f5es para Processo Seletivo de Medicina para portadores de diploma"},"content":{"rendered":"<p style=\"font-weight: 400; text-align: justify;\"><strong><em>Poder\u00e3o concorrer \u00e0s vagas os portadores de diploma de n\u00edvel superior.<\/em><\/strong><\/p>\n<p style=\"font-weight: 400; text-align: justify;\">A Faculdade Unifadra\/Fundec de Dracena est\u00e1 com inscri\u00e7\u00f5es abertas para o Processo Seletivo de Medicina \u2013\u00a0vagas remanescentes \u2013 para pessoas portadoras de diploma de curso superior, para ingresso no 1\u00ba semestre de 2020 do curso de Medicina.<br \/>\nAs inscri\u00e7\u00f5es podem ser feitas at\u00e9 o dia 29\/01, no site da Fundec (<a href=\"http:\/\/www.fundec.edu.br\/\">www.fundec.edu.br<\/a>). A prova ser\u00e1 realizada no dia 31\/01. Os candidatos a ingresso no curso de Medicina dever\u00e3o ser portadores de diploma de curso reconhecido por institui\u00e7\u00f5es em situa\u00e7\u00e3o regular com o Minist\u00e9rio da Educa\u00e7\u00e3o ou Conselhos Estaduais de Educa\u00e7\u00e3o. Eles tamb\u00e9m dever\u00e3o apresentar a documenta\u00e7\u00e3o exigida no edital. O resultado ser\u00e1 divulgado no dia 03\/02 e as\u00a0matr\u00edculas dever\u00e3o ser feitas de 04 a 07\/02. O in\u00edcio das aulas ser\u00e1 dia 10\/02\/2020. Mais informa\u00e7\u00f5es: (18) 3821-9004.<\/p>\n<p style=\"font-weight: 400; text-align: justify;\">Carolina Colnago<\/p>\n<p style=\"font-weight: 400; text-align: justify;\">Assessora de Comunica\u00e7\u00e3o da Fundec &#8211; Jornalista<\/p>\n","protected":false},"excerpt":{"rendered":"<p>Poder\u00e3o concorrer \u00e0s vagas os portadores de diploma de n\u00edvel superior. A Faculdade Unifadra\/Fundec de Dracena est\u00e1 com inscri\u00e7\u00f5es abertas para o Processo Seletivo de Medicina \u2013\u00a0vagas remanescentes \u2013 para pessoas portadoras de diploma de curso superior, para ingresso no 1\u00ba semestre de 2020 do curso de Medicina. As inscri\u00e7\u00f5es podem ser feitas at\u00e9 o [&hellip;]<\/p>\n","protected":false},"author":1,"featured_media":16837,"comment_status":"closed","ping_status":"open","sticky":false,"template":"","format":"standard","meta":{"footnotes":""},"categories":[122],"tags":[],"class_list":["post-16836","post","type-post","status-publish","format-standard","has-post-thumbnail","hentry","category-saudeeducacaoeconcurso"],"_links":{"self":[{"href":"https:\/\/jorgezanoni.com.br\/2019\/wp-json\/wp\/v2\/posts\/16836","targetHints":{"allow":["GET"]}}],"collection":[{"href":"https:\/\/jorgezanoni.com.br\/2019\/wp-json\/wp\/v2\/posts"}],"about":[{"href":"https:\/\/jorgezanoni.com.br\/2019\/wp-json\/wp\/v2\/types\/post"}],"author":[{"embeddable":true,"href":"https:\/\/jorgezanoni.com.br\/2019\/wp-json\/wp\/v2\/users\/1"}],"replies":[{"embeddable":true,"href":"https:\/\/jorgezanoni.com.br\/2019\/wp-json\/wp\/v2\/comments?post=16836"}],"version-history":[{"count":0,"href":"https:\/\/jorgezanoni.com.br\/2019\/wp-json\/wp\/v2\/posts\/16836\/revisions"}],"wp:featuredmedia":[{"embeddable":true,"href":"https:\/\/jorgezanoni.com.br\/2019\/wp-json\/wp\/v2\/media\/16837"}],"wp:attachment":[{"href":"https:\/\/jorgezanoni.com.br\/2019\/wp-json\/wp\/v2\/media?parent=16836"}],"wp:term":[{"taxonomy":"category","embeddable":true,"href":"https:\/\/jorgezanoni.com.br\/2019\/wp-json\/wp\/v2\/categories?post=16836"},{"taxonomy":"post_tag","embeddable":true,"href":"https:\/\/jorgezanoni.com.br\/2019\/wp-json\/wp\/v2\/tags?post=16836"}],"curies":[{"name":"wp","href":"https:\/\/api.w.org\/{rel}","templated":true}]}}