{"id":16832,"date":"2020-01-21T14:57:43","date_gmt":"2020-01-21T14:57:43","guid":{"rendered":"https:\/\/jorgezanoni.com.br\/2019\/?p=16832"},"modified":"2020-01-21T14:58:21","modified_gmt":"2020-01-21T14:58:21","slug":"quem-nao-constroi-destroi","status":"publish","type":"post","link":"https:\/\/jorgezanoni.com.br\/2019\/quem-nao-constroi-destroi\/","title":{"rendered":"Quem n\u00e3o constr\u00f3i, destr\u00f3i"},"content":{"rendered":"<p style=\"text-align: justify;\">QUEM N\u00c3O CONSTROI, DESTROI<\/p>\n<p style=\"text-align: justify;\">Temos v\u00e1rios tipos de administradores que, dependendo de como administram fazem a cidade progredir ou regredir. Em Dracena n\u00e3o est\u00e1 dif\u00edcil catalogar o nosso alcaide. Primeiro, deixa a cidade suja, com bueiros entupidos talvez at\u00e9 para facilitar o servi\u00e7o do aedes aegypti que ,satisfeito, j\u00e1 fez o servi\u00e7o de espalhar a dengue desde os primeiros dias do ano. Depois, abandona as pra\u00e7as p\u00fablicas dando-lhe a apar\u00eancia de casa abandonada. Talvez fa\u00e7a alguma arruma\u00e7\u00e3ozinha uns meses antes das elei\u00e7\u00f5es achando que o eleitor \u00e9 desprovido de bom senso e mem\u00f3ria. Mas ainda prima por um outro item: parece que n\u00e3o gosta que arrumem o que ele abandona.<br \/>\nOutro dia, um bairro inteiro e muitas pessoas do centro da cidade ficaram felizes por ter surgido em Dracena um rapaz, estudante de arquitetura e urbanismo que, por conta pr\u00f3pria, tomou a iniciativa de acudir os moradores do bairro onde est\u00e1 a igreja do Perp\u00e9tuo Socorro trabalhando na pra\u00e7a local. Estava tudo abandonado, imundo, sem o m\u00ednimo cuidado. O mato alto n\u00e3o permitia que ali se identificasse um jardim.<br \/>\nPondo em pr\u00e1tica as li\u00e7\u00f5es que aprendera em seu curso ele, sozinho, cortou o matagal, redesenhou canteiros, \u00a0encheu-os de terra f\u00e9rtil, plantou mudas de plantas que, quando crescessem dariam seu toque colorido para alegrar os frequentadores da pra\u00e7a, da igreja e dos passantes.<br \/>\nFez uma beiral nos canteiros e pintou-os de branco e, os espa\u00e7os entre os canteiros que vem a ser as &#8220;avenidas&#8221; do jardim, ele pintou com tinta piso cinza. Ficou lindo! completamente diferente daquele matagal desordenado que ali havia. Uma ou outra pessoa colaborou com algum ex\u00edguo material. Ele, praticamente fez tudo \u00e0s suas expensas. N\u00e3o foi cobrar da prefeitura, nem da igreja, nem de moradores. Usou os conhecimentos adquiridos no curso e o material adquirido por ele e por um ou outro amigo. Mas o esfor\u00e7o, o trabalho pesado de arranjar terra, transport\u00e1-la, acertar tudo em cada lugar previamente planejado, fazer a limpeza da parte cimentada, pintar, deixando tudo t\u00e3o lindo como nunca tinha sido foi tarefa sua.<br \/>\nQuem passava por l\u00e1 ficava maravilhado e registrava tudo nos celulares e enviava a todos os seus contatos. Creio que a maior parte da popula\u00e7\u00e3o de cidade, sen\u00e3o toda ela, ficou sabendo dos esfor\u00e7os desse rapaz em sua volunt\u00e1ria tarefa para deixar essa parte da cidade mais agrad\u00e1vel e aconchegante.<br \/>\nMuitas pessoas j\u00e1 planejavam pedir sua ajuda para recuperar outras pra\u00e7as que carecem de cuidados, pois se encontram abandonadas ou com poucos cuidados. J\u00e1 havia at\u00e9 a ideia de se formar grupos para auxili\u00e1-lo nos servi\u00e7os e tamb\u00e9m na colabora\u00e7\u00e3o com materiais. Esse rapaz, conseguiu fazer renascer o desejo de se ver a cidade limpa, organizada e bonita como deveria ser e como a popula\u00e7\u00e3o gosta.<br \/>\nQuando todos os envolvidos ainda comemoravam o feito, eis que um grupo, provavelmente da prefeitura, armado com ro\u00e7adeiras entra nessa pra\u00e7a t\u00e3o embelezada e vai quebrando as guias, cortando ou esmagando as mudas rec\u00e9m plantadas, enfim, destruindo o que tinha sido feito com tanto carinho e sacrif\u00edcio. As pessoas ficaram revoltadas, afinal se a Prefeitura queria ajudar em alguma coisa, deveria falar com o rapaz e se por \u00e0 disposi\u00e7\u00e3o, mas jamais ir invadindo o jardim e destruindo o que estava feito, e bem feito.<br \/>\nEm nome das pessoas que querem ver a cidade bonita e bem cuidada, pe\u00e7o desculpas ao Andr\u00e9\u00a0 Cardoso, nosso querido jardineiro.<br \/>\nThereza Pitta<br \/>\ne-mail: therezapitta@uol.com.br<\/p>\n","protected":false},"excerpt":{"rendered":"<p>QUEM N\u00c3O CONSTROI, DESTROI Temos v\u00e1rios tipos de administradores que, dependendo de como administram fazem a cidade progredir ou regredir. Em Dracena n\u00e3o est\u00e1 dif\u00edcil catalogar o nosso alcaide. Primeiro, deixa a cidade suja, com bueiros entupidos talvez at\u00e9 para facilitar o servi\u00e7o do aedes aegypti que ,satisfeito, j\u00e1 fez o servi\u00e7o de espalhar a [&hellip;]<\/p>\n","protected":false},"author":1,"featured_media":16833,"comment_status":"closed","ping_status":"open","sticky":false,"template":"","format":"standard","meta":{"footnotes":""},"categories":[175],"tags":[],"class_list":["post-16832","post","type-post","status-publish","format-standard","has-post-thumbnail","hentry","category-artigos"],"_links":{"self":[{"href":"https:\/\/jorgezanoni.com.br\/2019\/wp-json\/wp\/v2\/posts\/16832","targetHints":{"allow":["GET"]}}],"collection":[{"href":"https:\/\/jorgezanoni.com.br\/2019\/wp-json\/wp\/v2\/posts"}],"about":[{"href":"https:\/\/jorgezanoni.com.br\/2019\/wp-json\/wp\/v2\/types\/post"}],"author":[{"embeddable":true,"href":"https:\/\/jorgezanoni.com.br\/2019\/wp-json\/wp\/v2\/users\/1"}],"replies":[{"embeddable":true,"href":"https:\/\/jorgezanoni.com.br\/2019\/wp-json\/wp\/v2\/comments?post=16832"}],"version-history":[{"count":0,"href":"https:\/\/jorgezanoni.com.br\/2019\/wp-json\/wp\/v2\/posts\/16832\/revisions"}],"wp:featuredmedia":[{"embeddable":true,"href":"https:\/\/jorgezanoni.com.br\/2019\/wp-json\/wp\/v2\/media\/16833"}],"wp:attachment":[{"href":"https:\/\/jorgezanoni.com.br\/2019\/wp-json\/wp\/v2\/media?parent=16832"}],"wp:term":[{"taxonomy":"category","embeddable":true,"href":"https:\/\/jorgezanoni.com.br\/2019\/wp-json\/wp\/v2\/categories?post=16832"},{"taxonomy":"post_tag","embeddable":true,"href":"https:\/\/jorgezanoni.com.br\/2019\/wp-json\/wp\/v2\/tags?post=16832"}],"curies":[{"name":"wp","href":"https:\/\/api.w.org\/{rel}","templated":true}]}}