{"id":16812,"date":"2020-01-21T01:23:08","date_gmt":"2020-01-21T01:23:08","guid":{"rendered":"https:\/\/jorgezanoni.com.br\/2019\/?p=16812"},"modified":"2020-01-21T01:24:31","modified_gmt":"2020-01-21T01:24:31","slug":"acidente-entre-carro-e-moto-dificulta-trafego-em-vicinal-de-dracena","status":"publish","type":"post","link":"https:\/\/jorgezanoni.com.br\/2019\/acidente-entre-carro-e-moto-dificulta-trafego-em-vicinal-de-dracena\/","title":{"rendered":"Acidente entre carro e moto dificulta tr\u00e1fego em via marginal de Dracena"},"content":{"rendered":"<p style=\"text-align: justify;\">Um acidente envolvendo um carro e uma moto, por volta das 18h30 de hoje, 20, dificultou o tr\u00e2nsito na via Marginal Jos\u00e9 Rugani, no Bairro das Antas.<\/p>\n<p style=\"text-align: justify;\">De acordo com a Pol\u00edcia Militar, que estava no local do acidente, um Hyundai Creta branco, com placas de Tr\u00eas Lagoas (MS) colidiu com uma motocicleta. O condutor da moto estava saindo do trabalho, uma oficina mec\u00e2nica, e colidiu com o carro que estava trafegando no sentido a Tupi Paulista.<\/p>\n<p style=\"text-align: justify;\">O jovem que conduzia a moto completa 22 anos de idade hoje. Segundo o tio da v\u00edtima, ele estava indo para uma confraterniza\u00e7\u00e3o, onde comemoraria o anivers\u00e1rio.<\/p>\n<p style=\"text-align: justify;\">Ainda de acordo com a Pol\u00edcia Militar, ele foi socorrido com ferimentos leves e levado ao PAM.<\/p>\n<p style=\"text-align: justify;\">Fonte: Portal Regional<\/p>\n","protected":false},"excerpt":{"rendered":"<p>Um acidente envolvendo um carro e uma moto, por volta das 18h30 de hoje, 20, dificultou o tr\u00e2nsito na via Marginal Jos\u00e9 Rugani, no Bairro das Antas. De acordo com a Pol\u00edcia Militar, que estava no local do acidente, um Hyundai Creta branco, com placas de Tr\u00eas Lagoas (MS) colidiu com uma motocicleta. O condutor [&hellip;]<\/p>\n","protected":false},"author":1,"featured_media":16813,"comment_status":"closed","ping_status":"open","sticky":false,"template":"","format":"standard","meta":{"footnotes":""},"categories":[170,110],"tags":[],"class_list":["post-16812","post","type-post","status-publish","format-standard","has-post-thumbnail","hentry","category-acidentes","category-noticiasdestaque"],"_links":{"self":[{"href":"https:\/\/jorgezanoni.com.br\/2019\/wp-json\/wp\/v2\/posts\/16812","targetHints":{"allow":["GET"]}}],"collection":[{"href":"https:\/\/jorgezanoni.com.br\/2019\/wp-json\/wp\/v2\/posts"}],"about":[{"href":"https:\/\/jorgezanoni.com.br\/2019\/wp-json\/wp\/v2\/types\/post"}],"author":[{"embeddable":true,"href":"https:\/\/jorgezanoni.com.br\/2019\/wp-json\/wp\/v2\/users\/1"}],"replies":[{"embeddable":true,"href":"https:\/\/jorgezanoni.com.br\/2019\/wp-json\/wp\/v2\/comments?post=16812"}],"version-history":[{"count":0,"href":"https:\/\/jorgezanoni.com.br\/2019\/wp-json\/wp\/v2\/posts\/16812\/revisions"}],"wp:featuredmedia":[{"embeddable":true,"href":"https:\/\/jorgezanoni.com.br\/2019\/wp-json\/wp\/v2\/media\/16813"}],"wp:attachment":[{"href":"https:\/\/jorgezanoni.com.br\/2019\/wp-json\/wp\/v2\/media?parent=16812"}],"wp:term":[{"taxonomy":"category","embeddable":true,"href":"https:\/\/jorgezanoni.com.br\/2019\/wp-json\/wp\/v2\/categories?post=16812"},{"taxonomy":"post_tag","embeddable":true,"href":"https:\/\/jorgezanoni.com.br\/2019\/wp-json\/wp\/v2\/tags?post=16812"}],"curies":[{"name":"wp","href":"https:\/\/api.w.org\/{rel}","templated":true}]}}