{"id":16806,"date":"2020-01-21T00:44:14","date_gmt":"2020-01-21T00:44:14","guid":{"rendered":"https:\/\/jorgezanoni.com.br\/2019\/?p=16806"},"modified":"2020-01-21T00:44:14","modified_gmt":"2020-01-21T00:44:14","slug":"aluno-da-unifadra-fara-intercambio-em-portugal","status":"publish","type":"post","link":"https:\/\/jorgezanoni.com.br\/2019\/aluno-da-unifadra-fara-intercambio-em-portugal\/","title":{"rendered":"Aluno da Unifadra far\u00e1 interc\u00e2mbio em Portugal"},"content":{"rendered":"<p style=\"font-weight: 400; text-align: justify;\">De malas prontas, o aluno Alex Santiago Gamaliel, do curso de Pedagogia da Faculdade Unifadra de Dracena, embarcar\u00e1 em um interc\u00e2mbio pelo Programa F\u00f3rmula de Bolsas de Mobilidade Internacional Santander Universidades. Alex receber\u00e1 uma bolsa aux\u00edlio e embarcar\u00e1 no m\u00eas de junho para Portugal. O universit\u00e1rio participou do processo seletivo para esta viagem no segundo semestre de 2019.<br \/>\nAlex estudar\u00e1 6 meses na UBI (Universidade Beira Interior) e cursar\u00e1 disciplinas de Pedagogia, que ser\u00e3o aproveitadas em seu curr\u00edculo na Unifadra. Esse interc\u00e2mbio visa proporcionar aos estudantes a oportunidade de acesso a outras culturas e a complementa\u00e7\u00e3o do seu curr\u00edculo por meio de interc\u00e2mbios com institui\u00e7\u00f5es de ensino superior vinculadas ao programa. &#8220;Essa a\u00e7\u00e3o \u00e9 a continuidade de um processo de internacionaliza\u00e7\u00e3o da Institui\u00e7\u00e3o, visando ao interc\u00e2mbio com universidades de v\u00e1rios pa\u00edses&#8221;, explicou o diretor acad\u00eamico da Unifadra Enio Garbelini.<br \/>\nA Unifadra iniciou seu processo de internacionaliza\u00e7\u00e3o em 2018 e j\u00e1 levou alunos dos cursos de Psicologia e Pedagogia para essa experi\u00eancia profissional.<\/p>\n<p style=\"font-weight: 400; text-align: justify;\">Carolina Colnago<\/p>\n<p style=\"font-weight: 400; text-align: justify;\">Assessora de Comunica\u00e7\u00e3o da Fundec &#8211; Jornalista<\/p>\n<p style=\"text-align: justify;\">Foto: O aluno Alex Santiago ao lado da coordenadora de Pedagogia Vanessa Andreto e do diretor acad\u00eamico da Unifadra Enio Garbelini.<\/p>\n","protected":false},"excerpt":{"rendered":"<p>De malas prontas, o aluno Alex Santiago Gamaliel, do curso de Pedagogia da Faculdade Unifadra de Dracena, embarcar\u00e1 em um interc\u00e2mbio pelo Programa F\u00f3rmula de Bolsas de Mobilidade Internacional Santander Universidades. Alex receber\u00e1 uma bolsa aux\u00edlio e embarcar\u00e1 no m\u00eas de junho para Portugal. O universit\u00e1rio participou do processo seletivo para esta viagem no segundo [&hellip;]<\/p>\n","protected":false},"author":1,"featured_media":16807,"comment_status":"closed","ping_status":"open","sticky":false,"template":"","format":"standard","meta":{"footnotes":""},"categories":[122],"tags":[],"class_list":["post-16806","post","type-post","status-publish","format-standard","has-post-thumbnail","hentry","category-saudeeducacaoeconcurso"],"_links":{"self":[{"href":"https:\/\/jorgezanoni.com.br\/2019\/wp-json\/wp\/v2\/posts\/16806","targetHints":{"allow":["GET"]}}],"collection":[{"href":"https:\/\/jorgezanoni.com.br\/2019\/wp-json\/wp\/v2\/posts"}],"about":[{"href":"https:\/\/jorgezanoni.com.br\/2019\/wp-json\/wp\/v2\/types\/post"}],"author":[{"embeddable":true,"href":"https:\/\/jorgezanoni.com.br\/2019\/wp-json\/wp\/v2\/users\/1"}],"replies":[{"embeddable":true,"href":"https:\/\/jorgezanoni.com.br\/2019\/wp-json\/wp\/v2\/comments?post=16806"}],"version-history":[{"count":0,"href":"https:\/\/jorgezanoni.com.br\/2019\/wp-json\/wp\/v2\/posts\/16806\/revisions"}],"wp:featuredmedia":[{"embeddable":true,"href":"https:\/\/jorgezanoni.com.br\/2019\/wp-json\/wp\/v2\/media\/16807"}],"wp:attachment":[{"href":"https:\/\/jorgezanoni.com.br\/2019\/wp-json\/wp\/v2\/media?parent=16806"}],"wp:term":[{"taxonomy":"category","embeddable":true,"href":"https:\/\/jorgezanoni.com.br\/2019\/wp-json\/wp\/v2\/categories?post=16806"},{"taxonomy":"post_tag","embeddable":true,"href":"https:\/\/jorgezanoni.com.br\/2019\/wp-json\/wp\/v2\/tags?post=16806"}],"curies":[{"name":"wp","href":"https:\/\/api.w.org\/{rel}","templated":true}]}}