{"id":16783,"date":"2020-01-20T23:26:56","date_gmt":"2020-01-20T23:26:56","guid":{"rendered":"https:\/\/jorgezanoni.com.br\/2019\/?p=16783"},"modified":"2020-01-20T23:26:56","modified_gmt":"2020-01-20T23:26:56","slug":"confira-ocorrencias-policiais-20-01-20","status":"publish","type":"post","link":"https:\/\/jorgezanoni.com.br\/2019\/confira-ocorrencias-policiais-20-01-20\/","title":{"rendered":"Confira ocorr\u00eancias Policiais 20\/01\/20"},"content":{"rendered":"<p style=\"text-align: justify;\"><strong>POL\u00cdCIA MILITAR PRENDE HOMEM POR VIOL\u00caNCIA DOM\u00c9STICA EM OURO VERDE<\/strong><\/p>\n<p style=\"text-align: justify;\">Viol\u00eancia dom\u00e9stica &#8211; Flagrante.<\/p>\n<p style=\"text-align: justify;\">Data: 19JAN20 \u00e0s 14h00min.<\/p>\n<p style=\"text-align: justify;\">Local: R: Amazonas, 1352 \u2013 Jd. Para\u00edso- Ouro Verde\/SP.<\/p>\n<p style=\"text-align: justify;\">Indiciado: (21 anos)<\/p>\n<p style=\"text-align: justify;\">V\u00edtima: 19 anos (irm\u00e3)<\/p>\n<p style=\"text-align: justify;\">V\u00edtima: 24 anos (ex-am\u00e1sia)<\/p>\n<p style=\"text-align: justify;\">Apreens\u00f5es de Entorpecentes: 0,039 kg de maconha.<\/p>\n<p style=\"text-align: justify;\">Nata data de hoje(19) durante atendimento de ocorr\u00eancia na cidade de Ouro Verde, estando uma das partes armada com uma faca, foi avistado o autor bastante alterado e nos disse que &#8220;sua irm\u00e3 estava falando mal dele e que iria mat\u00e1-la. Momentos depois foi feito contato com a v\u00edtima que relatou que estava em casa quando o indiciado chegou em casa bastante nervoso e bastante nervoso e disse que mataria ela e sua ex- cunhada e que beberia o sangue, e que o indiciado pegou uma faca e correu atr\u00e1s de da irm\u00e3a. A ex- companheira permaneceu na residencia e alguns minutos depois o indiciado retornou e arremessou a faca em sua dire\u00e7\u00e3o (ela segurava em seus bra\u00e7os a filha do casal de apenas 11 meses), mas n\u00e3o conseguiu acert\u00e1-la. No momento da chegada da viatura policial foi dado voz de pris\u00e3o em flagrante permanecendo a disposi\u00e7\u00e3o da Justi\u00e7a.<strong>\u00a0<\/strong><\/p>\n<p style=\"text-align: justify;\"><strong>TIROC\u00cdNIO: POL\u00cdCIA MILITAR PRENDE MULHER POR TR\u00c1FICO DE DRACENA<\/strong><\/p>\n<p style=\"text-align: justify;\">Tr\u00e1fico de drogas &#8211; Flagrante.<\/p>\n<p style=\"text-align: justify;\">Data: 19JAN20 \u00e0s 12h00min.<\/p>\n<p style=\"text-align: justify;\">Local: R. Toshinobo Tomyoshi,22 \u2013 Jd. Brasilandia &#8211; Dracena\/SP.<\/p>\n<p style=\"text-align: justify;\">Indiciado: 29 anos<\/p>\n<p style=\"text-align: justify;\">Apreens\u00f5es de Entorpecentes: vinte pedras de crack, pesando 0,001 Kg.<strong>\u00a0<\/strong><\/p>\n<p style=\"text-align: justify;\">Na data de ontem (19) por volta das 12h00min durante atendimento de uma outra ocorr\u00eancia no Jardim Brasil\u00e2ndia na cidade de Dracena, as equipes policiais em patrulhamento notaram uma mulher 29anos, com uma atitude bastante suspeita e durante a abordagem localizaram com a autora vinte pedras de crack, que estavam condicionadas em um frasco, todas embaladas prontas para venda. Foi dado voz de pris\u00e3o em flagrante permanecendo presa \u00e0 disposi\u00e7\u00e3o da Justi\u00e7a.<strong>\u00a0<\/strong><\/p>\n<p style=\"text-align: justify;\"><strong>POL\u00cdCIA MILITAR PRENDE HOMEM POR VIOL\u00caNCIA DOM\u00c9STICA E POSSE ILEGAL DE ARMA DE USO PERMITIDO<\/strong><\/p>\n<p style=\"text-align: justify;\">Viol\u00eancia dom\u00e9stica\/posse ilegal de arma de fogo &#8211; Flagrante.<\/p>\n<p style=\"text-align: justify;\">Data: 16JAN20 \u00e0s 17h40min.<\/p>\n<p style=\"text-align: justify;\">Local: Bairro P\u00e9s de Galinha- Fl\u00f3rida Paulista\/SP.<\/p>\n<p style=\"text-align: justify;\">Indiciado: 54 anos<\/p>\n<p style=\"text-align: justify;\">V\u00edtima: 46 anos<\/p>\n<p style=\"text-align: justify;\">V\u00edtima: 23 anos<strong>\u00a0<\/strong><\/p>\n<p style=\"text-align: justify;\">A Pol\u00edcia Militar foi acionada via COPOM sobre den\u00fancia de agress\u00e3o em uma propriedade rural. Em contato com uma das v\u00edtimas,uma mulher 46 anos, a mesma alegou ter sido amea\u00e7ada de morte e que sua filha(23 anos) tinha sido agredida pelo seu marido.<\/p>\n<p style=\"text-align: justify;\">Pelo local foi localizado em sua resid\u00eancia 1carabina Cal 22LR, 68 espoletas para recarga de muni\u00e7\u00e3o 38, 77 pontas de chumbo ogival para recarga de muni\u00e7\u00e3o cal 38, 91 estojos calibre 38 deflagradas,8 estojo calibre 357 deflagrada,617 muni\u00e7\u00e3o de cal 22 intactas.<\/p>\n<p style=\"text-align: justify;\">Diante dos fatos foi dado voz de pris\u00e3o ao autor (54 anos) sendo conduzido o indiciado para cadeia de Adamantina.<strong>\u00a0<\/strong><\/p>\n<p style=\"text-align: justify;\"><strong>#25BPMI\u00a0\u00a0\u00a0\u00a0\u00a0\u00a0\u00a0\u00a0\u00a0\u00a0\u00a0\u00a0\u00a0\u00a0\u00a0\u00a0\u00a0 <\/strong><\/p>\n<p style=\"text-align: justify;\"><strong>#POLICIAMILITARSP<\/strong><\/p>\n<p style=\"text-align: justify;\"><strong>#AFOR\u00c7AP\u00daBLICADES\u00c3OPAULO<\/strong><\/p>\n<p style=\"text-align: justify;\"><strong>Fonte: COMUNICA\u00c7\u00c3O SOCIAL DO 25\u00ba BPM\/I &#8211; Dracena e regi\u00e3o.<\/strong><\/p>\n","protected":false},"excerpt":{"rendered":"<p>POL\u00cdCIA MILITAR PRENDE HOMEM POR VIOL\u00caNCIA DOM\u00c9STICA EM OURO VERDE Viol\u00eancia dom\u00e9stica &#8211; Flagrante. Data: 19JAN20 \u00e0s 14h00min. Local: R: Amazonas, 1352 \u2013 Jd. Para\u00edso- Ouro Verde\/SP. Indiciado: (21 anos) V\u00edtima: 19 anos (irm\u00e3) V\u00edtima: 24 anos (ex-am\u00e1sia) Apreens\u00f5es de Entorpecentes: 0,039 kg de maconha. Nata data de hoje(19) durante atendimento de ocorr\u00eancia na cidade [&hellip;]<\/p>\n","protected":false},"author":1,"featured_media":16784,"comment_status":"closed","ping_status":"open","sticky":false,"template":"","format":"standard","meta":{"footnotes":""},"categories":[2],"tags":[],"class_list":["post-16783","post","type-post","status-publish","format-standard","has-post-thumbnail","hentry","category-policial"],"_links":{"self":[{"href":"https:\/\/jorgezanoni.com.br\/2019\/wp-json\/wp\/v2\/posts\/16783","targetHints":{"allow":["GET"]}}],"collection":[{"href":"https:\/\/jorgezanoni.com.br\/2019\/wp-json\/wp\/v2\/posts"}],"about":[{"href":"https:\/\/jorgezanoni.com.br\/2019\/wp-json\/wp\/v2\/types\/post"}],"author":[{"embeddable":true,"href":"https:\/\/jorgezanoni.com.br\/2019\/wp-json\/wp\/v2\/users\/1"}],"replies":[{"embeddable":true,"href":"https:\/\/jorgezanoni.com.br\/2019\/wp-json\/wp\/v2\/comments?post=16783"}],"version-history":[{"count":0,"href":"https:\/\/jorgezanoni.com.br\/2019\/wp-json\/wp\/v2\/posts\/16783\/revisions"}],"wp:featuredmedia":[{"embeddable":true,"href":"https:\/\/jorgezanoni.com.br\/2019\/wp-json\/wp\/v2\/media\/16784"}],"wp:attachment":[{"href":"https:\/\/jorgezanoni.com.br\/2019\/wp-json\/wp\/v2\/media?parent=16783"}],"wp:term":[{"taxonomy":"category","embeddable":true,"href":"https:\/\/jorgezanoni.com.br\/2019\/wp-json\/wp\/v2\/categories?post=16783"},{"taxonomy":"post_tag","embeddable":true,"href":"https:\/\/jorgezanoni.com.br\/2019\/wp-json\/wp\/v2\/tags?post=16783"}],"curies":[{"name":"wp","href":"https:\/\/api.w.org\/{rel}","templated":true}]}}