{"id":16778,"date":"2020-01-20T22:31:00","date_gmt":"2020-01-20T22:31:00","guid":{"rendered":"https:\/\/jorgezanoni.com.br\/2019\/?p=16778"},"modified":"2020-01-20T22:31:00","modified_gmt":"2020-01-20T22:31:00","slug":"reclamacao-da-populacao-lampadas-queimadas-na-praca-arthur-pagnozzi","status":"publish","type":"post","link":"https:\/\/jorgezanoni.com.br\/2019\/reclamacao-da-populacao-lampadas-queimadas-na-praca-arthur-pagnozzi\/","title":{"rendered":"Reclama\u00e7\u00e3o da Popula\u00e7\u00e3o: L\u00e2mpadas queimadas na Pra\u00e7a Arthur Pagnozzi"},"content":{"rendered":"<p style=\"text-align: justify;\">Na noite de ontem (19), um mun\u00edcipe que estava com a fam\u00edlia, registrou l\u00e2mpadas queimadas em pelo menos tr\u00eas postes da Pra\u00e7a Arthur Pagnozzi.<\/p>\n<p style=\"text-align: justify;\">Disse que com certeza a ilumina\u00e7\u00e3o estava prejudicada, dando chances para desocupados aproveitarem da situa\u00e7\u00e3o.<\/p>\n<p style=\"text-align: justify;\">Pede que o poder p\u00fablico d\u00ea uma aten\u00e7\u00e3o especial, pois segundo o denunciante Dracena \u00e9 carente de locais de lazer e a Pra\u00e7a \u00e9 um dos poucos locais que ele frequenta.<\/p>\n<p><img loading=\"lazy\" decoding=\"async\" class=\"alignnone size-full wp-image-16779\" src=\"https:\/\/jorgezanoni.com.br\/2019\/wp-content\/uploads\/2020\/01\/pra\u00e7a-2.jpg\" alt=\"\" width=\"918\" height=\"1224\" srcset=\"https:\/\/jorgezanoni.com.br\/2019\/wp-content\/uploads\/2020\/01\/pra\u00e7a-2.jpg 918w, https:\/\/jorgezanoni.com.br\/2019\/wp-content\/uploads\/2020\/01\/pra\u00e7a-2-225x300.jpg 225w, https:\/\/jorgezanoni.com.br\/2019\/wp-content\/uploads\/2020\/01\/pra\u00e7a-2-768x1024.jpg 768w, https:\/\/jorgezanoni.com.br\/2019\/wp-content\/uploads\/2020\/01\/pra\u00e7a-2-696x928.jpg 696w, https:\/\/jorgezanoni.com.br\/2019\/wp-content\/uploads\/2020\/01\/pra\u00e7a-2-315x420.jpg 315w\" sizes=\"auto, (max-width: 918px) 100vw, 918px\" \/> <img loading=\"lazy\" decoding=\"async\" class=\"alignnone size-full wp-image-16780\" src=\"https:\/\/jorgezanoni.com.br\/2019\/wp-content\/uploads\/2020\/01\/pra\u00e7a1-1.jpg\" alt=\"\" width=\"918\" height=\"1224\" srcset=\"https:\/\/jorgezanoni.com.br\/2019\/wp-content\/uploads\/2020\/01\/pra\u00e7a1-1.jpg 918w, https:\/\/jorgezanoni.com.br\/2019\/wp-content\/uploads\/2020\/01\/pra\u00e7a1-1-225x300.jpg 225w, https:\/\/jorgezanoni.com.br\/2019\/wp-content\/uploads\/2020\/01\/pra\u00e7a1-1-768x1024.jpg 768w, https:\/\/jorgezanoni.com.br\/2019\/wp-content\/uploads\/2020\/01\/pra\u00e7a1-1-696x928.jpg 696w, https:\/\/jorgezanoni.com.br\/2019\/wp-content\/uploads\/2020\/01\/pra\u00e7a1-1-315x420.jpg 315w\" sizes=\"auto, (max-width: 918px) 100vw, 918px\" \/><\/p>\n<p style=\"text-align: justify;\">Jorge Zanoni<\/p>\n<p style=\"text-align: justify;\">Fotos de Internauta<\/p>\n<p style=\"text-align: justify;\">\n","protected":false},"excerpt":{"rendered":"<p>Na noite de ontem (19), um mun\u00edcipe que estava com a fam\u00edlia, registrou l\u00e2mpadas queimadas em pelo menos tr\u00eas postes da Pra\u00e7a Arthur Pagnozzi. Disse que com certeza a ilumina\u00e7\u00e3o estava prejudicada, dando chances para desocupados aproveitarem da situa\u00e7\u00e3o. Pede que o poder p\u00fablico d\u00ea uma aten\u00e7\u00e3o especial, pois segundo o denunciante Dracena \u00e9 carente [&hellip;]<\/p>\n","protected":false},"author":1,"featured_media":16781,"comment_status":"closed","ping_status":"open","sticky":false,"template":"","format":"standard","meta":{"footnotes":""},"categories":[179,184,110],"tags":[],"class_list":["post-16778","post","type-post","status-publish","format-standard","has-post-thumbnail","hentry","category-cidadeseregiao","category-dracena","category-noticiasdestaque"],"_links":{"self":[{"href":"https:\/\/jorgezanoni.com.br\/2019\/wp-json\/wp\/v2\/posts\/16778","targetHints":{"allow":["GET"]}}],"collection":[{"href":"https:\/\/jorgezanoni.com.br\/2019\/wp-json\/wp\/v2\/posts"}],"about":[{"href":"https:\/\/jorgezanoni.com.br\/2019\/wp-json\/wp\/v2\/types\/post"}],"author":[{"embeddable":true,"href":"https:\/\/jorgezanoni.com.br\/2019\/wp-json\/wp\/v2\/users\/1"}],"replies":[{"embeddable":true,"href":"https:\/\/jorgezanoni.com.br\/2019\/wp-json\/wp\/v2\/comments?post=16778"}],"version-history":[{"count":0,"href":"https:\/\/jorgezanoni.com.br\/2019\/wp-json\/wp\/v2\/posts\/16778\/revisions"}],"wp:featuredmedia":[{"embeddable":true,"href":"https:\/\/jorgezanoni.com.br\/2019\/wp-json\/wp\/v2\/media\/16781"}],"wp:attachment":[{"href":"https:\/\/jorgezanoni.com.br\/2019\/wp-json\/wp\/v2\/media?parent=16778"}],"wp:term":[{"taxonomy":"category","embeddable":true,"href":"https:\/\/jorgezanoni.com.br\/2019\/wp-json\/wp\/v2\/categories?post=16778"},{"taxonomy":"post_tag","embeddable":true,"href":"https:\/\/jorgezanoni.com.br\/2019\/wp-json\/wp\/v2\/tags?post=16778"}],"curies":[{"name":"wp","href":"https:\/\/api.w.org\/{rel}","templated":true}]}}