{"id":16772,"date":"2020-01-20T21:01:22","date_gmt":"2020-01-20T21:01:22","guid":{"rendered":"https:\/\/jorgezanoni.com.br\/2019\/?p=16772"},"modified":"2020-01-20T21:01:55","modified_gmt":"2020-01-20T21:01:55","slug":"20-de-janeiro-e-o-dia-nacional-do-fusca","status":"publish","type":"post","link":"https:\/\/jorgezanoni.com.br\/2019\/20-de-janeiro-e-o-dia-nacional-do-fusca\/","title":{"rendered":"20 de janeiro \u00e9 o Dia Nacional do Fusca. Amantes do Fusca fazem carreata em Dracena a partir das 20 Hs."},"content":{"rendered":"<h1 style=\"text-align: justify;\"><strong>PARA COMEMORAR O DIA NACIONAL DO FUSCA, HOJE A PARTIR DAS 20 HS SAIR\u00c1 UM CARREATA DE FUSCAS PELA AV PRES. ROOSEVELT, SEGUINDO PELA AV WASHINGTON LUIZ SENTIDO TREVO AT\u00c9 AS PROXIMIDADES DA DRAPEMA ONDE IREMOS NOS REUNIR PARA FAZER FOTOS E BATER PAPO.<\/strong><\/h1>\n<h1 class=\"jc-post-title\" style=\"text-align: justify;\"><strong>In\u00edcio da produ\u00e7\u00e3o nacional do carro popular da VW no Pa\u00eds virou data de celebra\u00e7\u00e3o aos amantes.<\/strong><\/h1>\n<p><img loading=\"lazy\" decoding=\"async\" class=\"alignnone size-full wp-image-16773\" src=\"https:\/\/jorgezanoni.com.br\/2019\/wp-content\/uploads\/2020\/01\/fusca-1.jpg\" alt=\"\" width=\"670\" height=\"400\" srcset=\"https:\/\/jorgezanoni.com.br\/2019\/wp-content\/uploads\/2020\/01\/fusca-1.jpg 670w, https:\/\/jorgezanoni.com.br\/2019\/wp-content\/uploads\/2020\/01\/fusca-1-300x179.jpg 300w\" sizes=\"auto, (max-width: 670px) 100vw, 670px\" \/><\/p>\n<p style=\"text-align: justify;\">Querido por todos, o Volkswagen Fusca faz parte da hist\u00f3ria do Brasil e por isso recebeu a honraria de ter um dia em sua homenagem: nesta quarta-feira, dia 20 de janeiro, \u00e9 comemorado o Dia Nacional do Fusca. A data marca o in\u00edcio da produ\u00e7\u00e3o nacional do carro popular da VW no Pa\u00eds.<\/p>\n<p style=\"text-align: justify;\">A tal comemora\u00e7\u00e3o, no entanto, acontece durante toda a semana. No \u00faltimo domingo (17),\u00a0<a href=\"https:\/\/www.estadao.com.br\/jornal-do-carro\/noticias\/antigos,fas-do-fusca-se-reunem-no-abc-paulista,27223,0.htm\"><strong>o Fusca Clube do Brasil fez um evento<\/strong><\/a>\u00a0no estacionamento do Shopping S\u00e3o Bernardo Plaza, em S\u00e3o Bernardo do Campo (SP) para celebrar a data. Al\u00e9m do simp\u00e1tico carro, havia espa\u00e7o para os modelos derivados da sua mec\u00e2nica, como a Bras\u00edlia, a Kombi, o VW 1500, popularmente conhecido como Z\u00e9 do Caix\u00e3o e a Variant.<\/p>\n<p style=\"text-align: justify;\"><strong>Hist\u00f3ria do Fusca.\u00a0<\/strong>O modelo, que completa 70 anos do in\u00edcio de sua produ\u00e7\u00e3o na Alemanha em 2016, foi l\u00edder de mercado no Brasil por 24 anos consecutivos, perdendo esse recorde para o Gol, que foi por 27 anos.<\/p>\n<p style=\"text-align: justify;\">Ele teve 3 milh\u00f5es de unidades produzidas aqui, todas na f\u00e1brica de S\u00e3o Bernardo do Campo (SP). A primeira produ\u00e7\u00e3o dele foi de 1959 a 1986. A pedido do presidente da rep\u00fablica da \u00e9poca, Itamar Franco, ele voltou a ser produzido em 1993, apenas com motor movido a etanol, e teve a produ\u00e7\u00e3o interrompida novamente em 1996.<\/p>\n<p style=\"text-align: justify;\">No mundo todo, o Fusca deixou de ser produzido em 2003, na f\u00e1brica de Puebla, no M\u00e9xico. Apesar disso, duas releituras do ve\u00edculo surgiram, o New Beetle, em 1998, e o Fusca, com o nome que tinha em cada mercado resgatado, em 2012.<\/p>\n<p><iframe loading=\"lazy\" title=\"In a Fusca: um tour diferente por S\u00e3o Paulo\" width=\"696\" height=\"392\" src=\"https:\/\/www.youtube.com\/embed\/Ap5UbH_O0Jo?feature=oembed\" frameborder=\"0\" allow=\"accelerometer; autoplay; encrypted-media; gyroscope; picture-in-picture\" allowfullscreen><\/iframe><\/p>\n<h3 class=\"jc-gallery-title text-uppercase\" style=\"text-align: justify;\">O BRASIL PRODUZIU 3,1 MILH\u00d5ES DE UNIDADES DO<\/h3>\n<div class=\"jc-gallery-description\" style=\"text-align: justify;\">Diferentemente do Dia Mundial do Fusca, celebrado em 22 de junho, que tem uma rela\u00e7\u00e3o direta com a hist\u00f3ria do besouro, o Dia Nacional do Fusca \u00e9 fruto de uma sucess\u00e3o de desencontros entre o Sedan Clube do Brasil, a Volkswagen e S\u00e3o Pedro (disfar\u00e7ado de condi\u00e7\u00f5es clim\u00e1ticas). Mas como nunca \u00e9 tarde para festejar a vida do Fusca, em 1989 a celebra\u00e7\u00e3o teve in\u00edcio sem ter data para acabar.<\/div>\n<div><\/div>\n<div style=\"text-align: justify;\">Fonte: https:\/\/jornaldocarro.estadao.com.br\/carros\/20-de-janeiro-e-o-dia-nacional-do-fusca\/<\/div>\n<p>&nbsp;<\/p>\n<p>&nbsp;<\/p>\n","protected":false},"excerpt":{"rendered":"<p>PARA COMEMORAR O DIA NACIONAL DO FUSCA, HOJE A PARTIR DAS 20 HS SAIR\u00c1 UM CARREATA DE FUSCAS PELA AV PRES. ROOSEVELT, SEGUINDO PELA AV WASHINGTON LUIZ SENTIDO TREVO AT\u00c9 AS PROXIMIDADES DA DRAPEMA ONDE IREMOS NOS REUNIR PARA FAZER FOTOS E BATER PAPO. In\u00edcio da produ\u00e7\u00e3o nacional do carro popular da VW no Pa\u00eds [&hellip;]<\/p>\n","protected":false},"author":1,"featured_media":16774,"comment_status":"closed","ping_status":"open","sticky":false,"template":"","format":"video","meta":{"footnotes":""},"categories":[180,110,169],"tags":[],"class_list":["post-16772","post","type-post","status-publish","format-video","has-post-thumbnail","hentry","category-estradastransitoveiculos","category-noticiasdestaque","category-videos","post_format-post-format-video"],"_links":{"self":[{"href":"https:\/\/jorgezanoni.com.br\/2019\/wp-json\/wp\/v2\/posts\/16772","targetHints":{"allow":["GET"]}}],"collection":[{"href":"https:\/\/jorgezanoni.com.br\/2019\/wp-json\/wp\/v2\/posts"}],"about":[{"href":"https:\/\/jorgezanoni.com.br\/2019\/wp-json\/wp\/v2\/types\/post"}],"author":[{"embeddable":true,"href":"https:\/\/jorgezanoni.com.br\/2019\/wp-json\/wp\/v2\/users\/1"}],"replies":[{"embeddable":true,"href":"https:\/\/jorgezanoni.com.br\/2019\/wp-json\/wp\/v2\/comments?post=16772"}],"version-history":[{"count":0,"href":"https:\/\/jorgezanoni.com.br\/2019\/wp-json\/wp\/v2\/posts\/16772\/revisions"}],"wp:featuredmedia":[{"embeddable":true,"href":"https:\/\/jorgezanoni.com.br\/2019\/wp-json\/wp\/v2\/media\/16774"}],"wp:attachment":[{"href":"https:\/\/jorgezanoni.com.br\/2019\/wp-json\/wp\/v2\/media?parent=16772"}],"wp:term":[{"taxonomy":"category","embeddable":true,"href":"https:\/\/jorgezanoni.com.br\/2019\/wp-json\/wp\/v2\/categories?post=16772"},{"taxonomy":"post_tag","embeddable":true,"href":"https:\/\/jorgezanoni.com.br\/2019\/wp-json\/wp\/v2\/tags?post=16772"}],"curies":[{"name":"wp","href":"https:\/\/api.w.org\/{rel}","templated":true}]}}