{"id":16763,"date":"2020-01-20T17:14:42","date_gmt":"2020-01-20T17:14:42","guid":{"rendered":"https:\/\/jorgezanoni.com.br\/2019\/?p=16763"},"modified":"2020-01-20T17:46:57","modified_gmt":"2020-01-20T17:46:57","slug":"hoje-e-o-dia-do-farmaceutico-leandro-ruela-fala-sobre-a-profissao-para-o-site-jz","status":"publish","type":"post","link":"https:\/\/jorgezanoni.com.br\/2019\/hoje-e-o-dia-do-farmaceutico-leandro-ruela-fala-sobre-a-profissao-para-o-site-jz\/","title":{"rendered":"Hoje \u00e9 o &#8220;Dia do Farmac\u00eautico&#8221;. Leandro Ruela fala sobre a profiss\u00e3o para o Site JZ"},"content":{"rendered":"<p style=\"text-align: justify;\">O farmac\u00eautico Leandro Rodrigo Perez Ruela, \u00e9 o entrevistado de hoje. Ele que \u00e9 Farmac\u00eautico h\u00e1 25 anos, fala de sua profiss\u00e3o. Junto com sua irm\u00e3 Giovana, \u00e9 o propriet\u00e1rio do Laborat\u00f3rio e Farm\u00e1cia Alquimista em Dracena h\u00e1 19 anos.<\/p>\n<div id=\"fb-root\"><\/div>\n<p><script async=\"1\" defer=\"1\" crossorigin=\"anonymous\" src=\"https:\/\/connect.facebook.net\/en_US\/sdk.js#xfbml=1&amp;version=v5.0\"><\/script><\/p>\n<div class=\"fb-video\" data-href=\"https:\/\/www.facebook.com\/jorgezanonidracena\/videos\/176268740133138\/\" data-width=\"696\">\n<blockquote cite=\"https:\/\/www.facebook.com\/jorgezanonidracena\/videos\/176268740133138\/\" class=\"fb-xfbml-parse-ignore\"><p><a href=\"https:\/\/www.facebook.com\/jorgezanonidracena\/videos\/176268740133138\/\">Hoje \u00e9 o &quot;Dia do Farmac\u00eautico&quot;. Leandro Ruela fala sobre a profiss\u00e3o para o Site JZ<\/a><\/p>\n<p>Hoje \u00e9 o &quot;Dia do Farmac\u00eautico&quot;. Leandro Ruela fala sobre a profiss\u00e3o para o Site JZ<\/p>\n<p>Posted by <a href=\"https:\/\/www.facebook.com\/jorgezanonidracena\/\">Jorge Zanoni<\/a> on Monday, January 20, 2020<\/p><\/blockquote>\n<\/div>\n<p>Jorge Zanoni<\/p>\n<p style=\"text-align: justify;\"><strong>DIA DO FARMAC\u00caUTICO<\/strong><\/p>\n<p style=\"text-align: justify;\">O Dia do Farmac\u00eautico \u00e9 comemorado em 20 de janeiro no Brasil.<\/p>\n<p style=\"text-align: justify;\">Esta data homenageia o profissional formado no curso superior de Farm\u00e1cia, que \u00e9 respons\u00e1vel pela promo\u00e7\u00e3o da sa\u00fade e bem-estar das pessoas e, entre outros, pela promo\u00e7\u00e3o do uso racional de medicamentos.<\/p>\n<h2 style=\"text-align: justify;\">Origem do Dia Nacional do Farmac\u00eautico<\/h2>\n<p style=\"text-align: justify;\">A ideia para criar uma data que celebrasse os profissionais de Farm\u00e1cia come\u00e7ou com o farmac\u00eautico Oto Serpa Grandado, que em 7 de janeiro de 1941, durante uma reuni\u00e3o da Associa\u00e7\u00e3o Brasileira de Farmac\u00eauticos, questionou os colegas o motivo pelo qual n\u00e3o existia um dia especial para comemorar a profiss\u00e3o, j\u00e1 que todas as outras profiss\u00f5es tinham uma data comemorativa.<\/p>\n<p style=\"text-align: justify;\">Por\u00e9m, apenas em 23 de janeiro de 2007, atrav\u00e9s da Resolu\u00e7\u00e3o n\u00ba 460, de 23 de mar\u00e7o de 2007, o Conselho Federal de Farm\u00e1cia reconheceu o Dia do Farmac\u00eautico. E somente em 2010, o Dia Nacional do Farmac\u00eautico foi institu\u00eddo, de acordo com a Lei n.\u00ba 12 338, de 25 de novembro de 2010.<\/p>\n<p style=\"text-align: justify;\">A escolha da data decorre do fato de que no dia 20 de janeiro \u00e9 comemorado o anivers\u00e1rio da Associa\u00e7\u00e3o Brasileira de Farm\u00e1cia, a qual surgiu em 1916.<\/p>\n<h2 style=\"text-align: justify;\">Mensagem para o Dia do Farmac\u00eautico<\/h2>\n<p style=\"text-align: justify;\"><em>O farmac\u00eautico \u00e9 um super-her\u00f3i, que ajuda a proteger a humanidade das doen\u00e7as mais mortais para o ser humano! Seu empenho, conhecimento e dedica\u00e7\u00e3o s\u00e3o essenciais por ajudar a salvar milh\u00f5es de vidas anualmente.<\/em><\/p>\n<p style=\"text-align: justify;\"><em>Que o nosso trabalho fortale\u00e7a a classe e valorize ainda mais a nossa profiss\u00e3o. Parab\u00e9ns a todos os farmac\u00eauticos!<\/em><\/p>\n<p style=\"text-align: justify;\"><em>Farmac\u00eautico, produtor de bem-estar, manipulador da cura, administrador da vida. Parab\u00e9ns pelo seu dia!<\/em><\/p>\n<p style=\"text-align: justify;\"><em>O lema do farmac\u00eautico \u00e9 o mesmo do soldado: servir! Um serve \u00e0 P\u00e1tria; outro serve \u00e0 humanidade, sem nenhuma discrimina\u00e7\u00e3o de cor ou ra\u00e7a. Parab\u00e9ns!<\/em><\/p>\n<h2 style=\"text-align: justify;\">Padroeiro dos Farmac\u00eauticos<\/h2>\n<p style=\"text-align: justify;\">S\u00e3o Cosme e Dami\u00e3o s\u00e3o considerados os padroeiros dos m\u00e9dicos e farmac\u00eauticos no Brasil. Muitas pessoas confundem o Dia do Farmac\u00eautico como sendo em 27 de setembro, pois esta \u00e9 a data que se celebra o\u00a0<a href=\"https:\/\/www.calendarr.com\/brasil\/dia-de-cosme-e-damiao\/\">Dia de S\u00e3o Cosme e Dami\u00e3o<\/a>, de acordo com o calend\u00e1rio lit\u00fargico da Igreja Cat\u00f3lica.<\/p>\n<h2 style=\"text-align: justify;\">Ora\u00e7\u00e3o a S\u00e3o Cosme e Dami\u00e3o<\/h2>\n<p style=\"text-align: justify;\"><em>&#8220;S\u00e3o Cosme e S\u00e3o Dami\u00e3o! Por amor a Deus e ao pr\u00f3ximo, consagrastes a vida no cuidado do corpo e alma dos doentes.<\/em><\/p>\n<p style=\"text-align: justify;\"><em>Aben\u00e7oai os m\u00e9dicos e farmac\u00eauticos. Alcan\u00e7ai a sa\u00fade para o nosso corpo. Fortalecei a nossa vida. Curai o nosso pensamento de toda maldade.<\/em><\/p>\n<p style=\"text-align: justify;\"><em>A vossa inoc\u00eancia e simplicidade ajudem todas as crian\u00e7as a terem muita bondade umas com as outras. Fazei que elas conservem sempre a consci\u00eancia tranquila.<\/em><\/p>\n<p style=\"text-align: justify;\"><em>Com a vossa prote\u00e7\u00e3o, conservai o meu cora\u00e7\u00e3o sempre simples e sincero. Fazei que eu lembre com frequ\u00eancia estas palavras de Jesus: &#8220;Deixai vir a mim as criancinhas, porque delas \u00e9 o Reino de Deus&#8221;.<\/em><\/p>\n<p style=\"text-align: justify;\"><em>S\u00e3o Cosme e S\u00e3o Dami\u00e3o, rogai por n\u00f3s, por todas as crian\u00e7as, m\u00e9dicos, farmac\u00eauticos e enfermeiros.<\/em>&#8220;<\/p>\n<p style=\"text-align: justify;\">Fonte: https:\/\/www.calendarr.com\/brasil\/dia-do-farmaceutico\/<\/p>\n","protected":false},"excerpt":{"rendered":"<p>O farmac\u00eautico Leandro Rodrigo Perez Ruela, \u00e9 o entrevistado de hoje. Ele que \u00e9 Farmac\u00eautico h\u00e1 25 anos, fala de sua profiss\u00e3o. Junto com sua irm\u00e3 Giovana, \u00e9 o propriet\u00e1rio do Laborat\u00f3rio e Farm\u00e1cia Alquimista em Dracena h\u00e1 19 anos. Hoje \u00e9 o &quot;Dia do Farmac\u00eautico&quot;. Leandro Ruela fala sobre a profiss\u00e3o para o Site [&hellip;]<\/p>\n","protected":false},"author":1,"featured_media":16764,"comment_status":"closed","ping_status":"open","sticky":false,"template":"","format":"video","meta":{"footnotes":""},"categories":[110,169],"tags":[],"class_list":["post-16763","post","type-post","status-publish","format-video","has-post-thumbnail","hentry","category-noticiasdestaque","category-videos","post_format-post-format-video"],"_links":{"self":[{"href":"https:\/\/jorgezanoni.com.br\/2019\/wp-json\/wp\/v2\/posts\/16763","targetHints":{"allow":["GET"]}}],"collection":[{"href":"https:\/\/jorgezanoni.com.br\/2019\/wp-json\/wp\/v2\/posts"}],"about":[{"href":"https:\/\/jorgezanoni.com.br\/2019\/wp-json\/wp\/v2\/types\/post"}],"author":[{"embeddable":true,"href":"https:\/\/jorgezanoni.com.br\/2019\/wp-json\/wp\/v2\/users\/1"}],"replies":[{"embeddable":true,"href":"https:\/\/jorgezanoni.com.br\/2019\/wp-json\/wp\/v2\/comments?post=16763"}],"version-history":[{"count":0,"href":"https:\/\/jorgezanoni.com.br\/2019\/wp-json\/wp\/v2\/posts\/16763\/revisions"}],"wp:featuredmedia":[{"embeddable":true,"href":"https:\/\/jorgezanoni.com.br\/2019\/wp-json\/wp\/v2\/media\/16764"}],"wp:attachment":[{"href":"https:\/\/jorgezanoni.com.br\/2019\/wp-json\/wp\/v2\/media?parent=16763"}],"wp:term":[{"taxonomy":"category","embeddable":true,"href":"https:\/\/jorgezanoni.com.br\/2019\/wp-json\/wp\/v2\/categories?post=16763"},{"taxonomy":"post_tag","embeddable":true,"href":"https:\/\/jorgezanoni.com.br\/2019\/wp-json\/wp\/v2\/tags?post=16763"}],"curies":[{"name":"wp","href":"https:\/\/api.w.org\/{rel}","templated":true}]}}