{"id":16740,"date":"2020-01-20T01:06:15","date_gmt":"2020-01-20T01:06:15","guid":{"rendered":"https:\/\/jorgezanoni.com.br\/2019\/?p=16740"},"modified":"2020-01-20T01:06:15","modified_gmt":"2020-01-20T01:06:15","slug":"76-integrantes-de-faccao-criminosa-brasileira-fogem-de-presidio-no-paraguai","status":"publish","type":"post","link":"https:\/\/jorgezanoni.com.br\/2019\/76-integrantes-de-faccao-criminosa-brasileira-fogem-de-presidio-no-paraguai\/","title":{"rendered":"76 integrantes de fac\u00e7\u00e3o criminosa brasileira fogem de pres\u00eddio no Paraguai"},"content":{"rendered":"<h2 class=\"content-head__subtitle\" style=\"text-align: justify;\"><strong>Eles deixaram por um t\u00fanel a pris\u00e3o em Pedro Juan Caballero, que fica na fronteira com Ponta Por\u00e3 (Mato Grosso do Sul). Entre os foragidos, est\u00e3o brasileiros e paraguaios.<\/strong><\/h2>\n<div class=\"mc-column content-text active-extra-styles \" data-block-type=\"unstyled\" data-block-weight=\"42\" data-block-id=\"2\">\n<p class=\"content-text__container \" style=\"text-align: justify;\" data-track-category=\"Link no Texto\" data-track-links=\"\">Setenta e seis integrantes de uma fac\u00e7\u00e3o criminosa brasileira fugiram por um t\u00fanel da Penitenci\u00e1ria Regional de Pedro Juan Caballero, no\u00a0<a href=\"https:\/\/g1.globo.com\/tudo-sobre\/paraguai\/\">Paraguai<\/a>, que fica na fronteira com a cidade brasileira de Ponta Por\u00e3 (Mato Grosso do Sul), na madrugada deste domingo (19).<\/p>\n<\/div>\n<div class=\"wall protected-content\">\n<div class=\"mc-column content-text active-extra-styles\" style=\"text-align: justify;\" data-block-type=\"raw\" data-block-weight=\"28\" data-block-id=\"3\">\n<ul class=\"content-unordered-list\">\n<li><a href=\"https:\/\/g1.globo.com\/ms\/mato-grosso-do-sul\/noticia\/2020\/01\/19\/dezenas-de-integrantes-de-faccao-estao-entre-foragidos-de-penitenciaria-na-fronteira-do-paraguai-com-ms.ghtml\"><strong>Seguran\u00e7a em cidades brasileiras \u00e9 refor\u00e7ada ap\u00f3s fuga<\/strong><\/a><\/li>\n<li><a href=\"https:\/\/g1.globo.com\/politica\/noticia\/2020\/01\/19\/ministerio-da-justica-fecha-fronteira-entre-brasil-e-paraguai-no-mato-grosso-do-sul-apos-fuga-de-presos.ghtml\"><strong>Brasil bloqueia fronteira com Paraguai no Mato Grosso do Sul<\/strong><\/a><\/li>\n<li><a href=\"https:\/\/g1.globo.com\/mundo\/noticia\/2020\/01\/19\/moro-diz-que-governo-trabalha-para-impedir-volta-ao-brasil-de-fugitivos-de-presidio-no-paraguai.ghtml\"><strong>Moro diz que governo trabalha para evitar volta de fugitivos<\/strong><\/a><\/li>\n<\/ul>\n<\/div>\n<div class=\"mc-column content-text active-extra-styles \" style=\"text-align: justify;\" data-block-type=\"unstyled\" data-block-weight=\"62\" data-block-id=\"4\">\n<p class=\"content-text__container \" data-track-category=\"Link no Texto\" data-track-links=\"\">A ministra da Justi\u00e7a do Paraguai, Cecilia Perez, informou pela manh\u00e3 que 91 presos conseguiram escapar da pris\u00e3o por volta das 4h (3h, em Ponta Por\u00e3) e disse que eles s\u00e3o integrantes do Primeiro Comando da Capital (PCC). Mais tarde, a procuradora Reinalda Palacios declarou que o n\u00famero de fugitivos foi atualizado para 75, de acordo com o jornal &#8220;ABC Color&#8221;.<\/p>\n<\/div>\n<div class=\"mc-column content-text active-extra-styles \" style=\"text-align: justify;\" data-block-type=\"unstyled\" data-block-weight=\"26\" data-block-id=\"5\">\n<p class=\"content-text__container \" data-track-category=\"Link no Texto\" data-track-links=\"\">Por fim, em uma coletiva de imprensa, na tarde deste domingo, Perez afirmou que s\u00e3o 76 fugitivos. Destes, 40 s\u00e3o brasileiros e 36 s\u00e3o paraguaios.<\/p>\n<\/div>\n<div class=\"mc-column content-text active-extra-styles \" data-block-type=\"unstyled\" data-block-weight=\"59\" data-block-id=\"6\">\n<p class=\"content-text__container \" style=\"text-align: justify;\" data-track-category=\"Link no Texto\" data-track-links=\"\">Uma lista de foragidos brasileiros e paraguaios foi divulgada pelo Minist\u00e9rio da Justi\u00e7a. Entre eles, est\u00e3o o brasileiro Tim\u00f3teo Ferreira, apontado como l\u00edder da fac\u00e7\u00e3o dentro do pres\u00eddio, e seis supostos integrantes do grupo de matadores de aluguel ligados ao tr\u00e1fico &#8220;Minotauro&#8221;. Eles atuam na fronteira e na semana passada buscavam deixar a pris\u00e3o com uma ordem judicial.<\/p>\n<div class=\"mc-column content-text active-extra-styles \" style=\"text-align: justify;\" data-block-type=\"unstyled\" data-block-weight=\"40\" data-block-id=\"9\">\n<p class=\"content-text__container \" data-track-category=\"Link no Texto\" data-track-links=\"\">O Minist\u00e9rio P\u00fablico informou que v\u00eddeos das c\u00e2meras de seguran\u00e7a do pres\u00eddio mostram uma movimenta\u00e7\u00e3o intensa desde as 4h deste domingo. Para a promotora, \u00e9 impressionante que os guardas n\u00e3o tenham agido diante das imagens que tinham \u00e0 disposi\u00e7\u00e3o.<\/p>\n<\/div>\n<div class=\"mc-column content-text active-extra-styles \" style=\"text-align: justify;\" data-block-type=\"unstyled\" data-block-weight=\"35\" data-block-id=\"10\">\n<p class=\"content-text__container \" data-track-category=\"Link no Texto\" data-track-links=\"\">Cinquenta dos detidos estavam em um piso superior e 25 no inferior, onde o t\u00fanel foi cavado. Para ter acesso ao piso inferior, os detentos devem passar por um port\u00e3o, que deve permanecer trancado.<\/p>\n<\/div>\n<div class=\"mc-column content-text active-extra-styles \" style=\"text-align: justify;\" data-block-type=\"unstyled\" data-block-weight=\"27\" data-block-id=\"11\">\n<p class=\"content-text__container \" data-track-category=\"Link no Texto\" data-track-links=\"\">O que chamou a aten\u00e7\u00e3o dos promotores foi que esse port\u00e3o estava trancado no momento em que Minist\u00e9rio P\u00fablico foi visitar o local ap\u00f3s a fuga.<\/p>\n<\/div>\n<div class=\"mc-column content-text active-extra-styles \" data-block-type=\"unstyled\" data-block-weight=\"37\" data-block-id=\"12\">\n<p class=\"content-text__container \" style=\"text-align: justify;\" data-track-category=\"Link no Texto\" data-track-links=\"\">As autoridades paraguaias investigam se houve uma rede de corrup\u00e7\u00e3o que facilitou a fuga. A ordem de captura dos foragidos deve ser emitida em algumas horas. At\u00e9 a \u00faltima atualiza\u00e7\u00e3o dessa mat\u00e9ria, nenhum deles havia sido recapturado.<\/p>\n<p style=\"text-align: justify;\" data-track-category=\"Link no Texto\" data-track-links=\"\"><img loading=\"lazy\" decoding=\"async\" class=\"alignnone size-full wp-image-16741\" src=\"https:\/\/jorgezanoni.com.br\/2019\/wp-content\/uploads\/2020\/01\/fuga1.jpg\" alt=\"\" width=\"640\" height=\"424\" srcset=\"https:\/\/jorgezanoni.com.br\/2019\/wp-content\/uploads\/2020\/01\/fuga1.jpg 640w, https:\/\/jorgezanoni.com.br\/2019\/wp-content\/uploads\/2020\/01\/fuga1-300x199.jpg 300w, https:\/\/jorgezanoni.com.br\/2019\/wp-content\/uploads\/2020\/01\/fuga1-634x420.jpg 634w\" sizes=\"auto, (max-width: 640px) 100vw, 640px\" \/><\/p>\n<div class=\"row medium-uncollapsed content-media content-photo\" style=\"text-align: justify;\" data-block-type=\"backstage-photo\" data-block-id=\"13\">\n<div class=\"mc-column content-media__container\">\n<p class=\"content-media__description \">Uma van da pol\u00edcia paraguaia \u00e9 vista na entrada da Penitenci\u00e1ria Regional de Pedro Juan Caballero, no Paraguai, neste domingo (19) \u2014 Foto: Marciano Candia\/AP<\/p>\n<\/div>\n<\/div>\n<div class=\"mc-column content-text active-extra-styles\" style=\"text-align: justify;\" data-block-type=\"raw\" data-block-weight=\"3\" data-block-id=\"15\">\n<div class=\"content-intertitle\">\n<h2>Crise na seguran\u00e7a<\/h2>\n<\/div>\n<\/div>\n<div class=\"mc-column content-text active-extra-styles \" style=\"text-align: justify;\" data-block-type=\"unstyled\" data-block-weight=\"58\" data-block-id=\"16\">\n<p class=\"content-text__container \" data-track-category=\"Link no Texto\" data-track-links=\"\">A ministra da Justi\u00e7a afirmou ainda nesta manh\u00e3 que sua pasta denunciou ao Minist\u00e9rio P\u00fablico um suposto plano de fuga e pagamento de 80 mil d\u00f3lares (mais de R$ 330 mil) por parte de integrantes da fac\u00e7\u00e3o criminosa para os funcion\u00e1rios da pris\u00e3o regional de Pedro Juan Caballero, de acordo com o jornal &#8220;La Naci\u00f3n&#8221;.<\/p>\n<\/div>\n<div class=\"mc-column content-text active-extra-styles \" style=\"text-align: justify;\" data-block-type=\"unstyled\" data-block-weight=\"31\" data-block-id=\"17\">\n<p class=\"content-text__container \" data-track-category=\"Link no Texto\" data-track-links=\"\">&#8220;\u00c9 um trabalho que levou dias e \u00e9 imposs\u00edvel que as autoridades n\u00e3o percebessem que estava para acontecer&#8230; obviamente esse era um plano adquirido&#8221;, disse P\u00e9rez \u00e0 esta\u00e7\u00e3o de r\u00e1dio Monumental.<\/p>\n<\/div>\n<div class=\"mc-column content-text active-extra-styles \" style=\"text-align: justify;\" data-block-type=\"unstyled\" data-block-weight=\"32\" data-block-id=\"18\">\n<p class=\"content-text__container \" data-track-category=\"Link no Texto\" data-track-links=\"\">Segundo os jornais paraguaios, a ministra da Justi\u00e7a colocou o cargo \u00e0 disposi\u00e7\u00e3o. De acordo com o jornal ABC Color, o presidente paraguaio, Mario Abdo Ben\u00edtez, n\u00e3o aceitou o pedido.<\/p>\n<\/div>\n<div class=\"mc-column content-text active-extra-styles \" data-block-type=\"unstyled\" data-block-weight=\"37\" data-block-id=\"19\">\n<p class=\"content-text__container \" style=\"text-align: justify;\" data-track-category=\"Link no Texto\" data-track-links=\"\">Os jornais do pa\u00eds tamb\u00e9m afirmam que 28 carcereiros que trabalhavam na penitenci\u00e1ria durante a fuga foram presos a pedido do Minist\u00e9rio P\u00fablico do Paraguai. Eles s\u00e3o suspeitos de terem colaborado com a fuga dos presos.<\/p>\n<p style=\"text-align: justify;\" data-track-category=\"Link no Texto\" data-track-links=\"\">Fonte: https:\/\/g1.globo.com\/mundo\/noticia\/2020\/01\/19\/dezenas-de-integrantes-de-faccao-criminosa-fogem-de-presidio-no-paraguai.ghtml<\/p>\n<\/div>\n<\/div>\n<\/div>\n<\/div>\n","protected":false},"excerpt":{"rendered":"<p>Eles deixaram por um t\u00fanel a pris\u00e3o em Pedro Juan Caballero, que fica na fronteira com Ponta Por\u00e3 (Mato Grosso do Sul). Entre os foragidos, est\u00e3o brasileiros e paraguaios. Setenta e seis integrantes de uma fac\u00e7\u00e3o criminosa brasileira fugiram por um t\u00fanel da Penitenci\u00e1ria Regional de Pedro Juan Caballero, no\u00a0Paraguai, que fica na fronteira com [&hellip;]<\/p>\n","protected":false},"author":1,"featured_media":16742,"comment_status":"closed","ping_status":"open","sticky":false,"template":"","format":"standard","meta":{"footnotes":""},"categories":[110,2],"tags":[],"class_list":["post-16740","post","type-post","status-publish","format-standard","has-post-thumbnail","hentry","category-noticiasdestaque","category-policial"],"_links":{"self":[{"href":"https:\/\/jorgezanoni.com.br\/2019\/wp-json\/wp\/v2\/posts\/16740","targetHints":{"allow":["GET"]}}],"collection":[{"href":"https:\/\/jorgezanoni.com.br\/2019\/wp-json\/wp\/v2\/posts"}],"about":[{"href":"https:\/\/jorgezanoni.com.br\/2019\/wp-json\/wp\/v2\/types\/post"}],"author":[{"embeddable":true,"href":"https:\/\/jorgezanoni.com.br\/2019\/wp-json\/wp\/v2\/users\/1"}],"replies":[{"embeddable":true,"href":"https:\/\/jorgezanoni.com.br\/2019\/wp-json\/wp\/v2\/comments?post=16740"}],"version-history":[{"count":0,"href":"https:\/\/jorgezanoni.com.br\/2019\/wp-json\/wp\/v2\/posts\/16740\/revisions"}],"wp:featuredmedia":[{"embeddable":true,"href":"https:\/\/jorgezanoni.com.br\/2019\/wp-json\/wp\/v2\/media\/16742"}],"wp:attachment":[{"href":"https:\/\/jorgezanoni.com.br\/2019\/wp-json\/wp\/v2\/media?parent=16740"}],"wp:term":[{"taxonomy":"category","embeddable":true,"href":"https:\/\/jorgezanoni.com.br\/2019\/wp-json\/wp\/v2\/categories?post=16740"},{"taxonomy":"post_tag","embeddable":true,"href":"https:\/\/jorgezanoni.com.br\/2019\/wp-json\/wp\/v2\/tags?post=16740"}],"curies":[{"name":"wp","href":"https:\/\/api.w.org\/{rel}","templated":true}]}}