{"id":16715,"date":"2020-01-19T22:52:27","date_gmt":"2020-01-19T22:52:27","guid":{"rendered":"https:\/\/jorgezanoni.com.br\/2019\/?p=16715"},"modified":"2020-01-19T22:52:27","modified_gmt":"2020-01-19T22:52:27","slug":"caminhao-bate-em-helice-de-helicoptero-que-iniciava-decolagem","status":"publish","type":"post","link":"https:\/\/jorgezanoni.com.br\/2019\/caminhao-bate-em-helice-de-helicoptero-que-iniciava-decolagem\/","title":{"rendered":"Caminh\u00e3o bate em h\u00e9lice de helic\u00f3ptero que iniciava decolagem"},"content":{"rendered":"<p style=\"text-align: justify;\"><strong>Quatro pessoas, sendo dois ocupantes da aeronave e os demais do caminh\u00e3o, foram conduzidas ao hospital com ferimentos leves<\/strong>.<\/p>\n<p style=\"text-align: justify;\">Um caminh\u00e3o colidiu com um helic\u00f3ptero da SSP (Secretaria de Seguran\u00e7a P\u00fablica) do Acre, neste s\u00e1bado (18), na capital do Estado, Rio Branco.<\/p>\n<div id=\"fb-root\"><\/div>\n<p><script async=\"1\" defer=\"1\" crossorigin=\"anonymous\" src=\"https:\/\/connect.facebook.net\/en_US\/sdk.js#xfbml=1&amp;version=v5.0\"><\/script><\/p>\n<div class=\"fb-video\" data-href=\"https:\/\/www.facebook.com\/plantaopolicialsinop\/videos\/197833544724377\/\" data-width=\"696\">\n<blockquote cite=\"https:\/\/www.facebook.com\/plantaopolicialsinop\/videos\/197833544724377\/\" class=\"fb-xfbml-parse-ignore\"><p><a href=\"https:\/\/www.facebook.com\/plantaopolicialsinop\/videos\/197833544724377\/\"><\/a><\/p>\n<p>Caminh\u00e3o bate em helic\u00f3ptero da PM no Acre. Veja o v\u00eddeo<\/p>\n<p>Posted by <a href=\"https:\/\/www.facebook.com\/plantaopolicialsinop\/\">Plant\u00e3o Policial Sinop<\/a> on Saturday, January 18, 2020<\/p><\/blockquote>\n<\/div>\n<p style=\"text-align: justify;\">Dois tripulantes sofreram algumas les\u00f5es, foram encaminhados ao Pronto-Socorro de Rio Branco, com o motorista do caminh\u00e3o e o passageiro. Todos est\u00e3o bem.<\/p>\n<p style=\"text-align: justify;\">As imagens mostram que a aeronave estava se preparando para decolar quando um caminh\u00e3o, que iria fazer um retorno na via, atingiu a h\u00e9lice com o ba\u00fa.<\/p>\n<p style=\"text-align: justify;\">O acidente aconteceu com um helic\u00f3ptero monomotor fabricado pela Helibras, em 2009, que pertence ao governo do Acre.<\/p>\n<p>Fonte: https:\/\/ndmais.com.br\/<\/p>\n<p style=\"text-align: justify;\">\n<div class=\"wp-video\">\n<div id=\"mep_0\" class=\"mejs-container mejs-container-keyboard-inactive wp-video-shortcode mejs-video\" tabindex=\"0\" role=\"application\" aria-label=\"Tocador de v\u00eddeo\">\n<div class=\"mejs-inner\">\n<div class=\"mejs-mediaelement\"><\/div>\n<div class=\"mejs-layers\">\n<div class=\"mejs-overlay mejs-layer mejs-overlay-play\"><\/div>\n<\/div>\n<\/div>\n<\/div>\n<\/div>\n","protected":false},"excerpt":{"rendered":"<p>Quatro pessoas, sendo dois ocupantes da aeronave e os demais do caminh\u00e3o, foram conduzidas ao hospital com ferimentos leves. Um caminh\u00e3o colidiu com um helic\u00f3ptero da SSP (Secretaria de Seguran\u00e7a P\u00fablica) do Acre, neste s\u00e1bado (18), na capital do Estado, Rio Branco. Caminh\u00e3o bate em helic\u00f3ptero da PM no Acre. Veja o v\u00eddeo Posted by [&hellip;]<\/p>\n","protected":false},"author":1,"featured_media":16716,"comment_status":"closed","ping_status":"open","sticky":false,"template":"","format":"video","meta":{"footnotes":""},"categories":[169],"tags":[],"class_list":["post-16715","post","type-post","status-publish","format-video","has-post-thumbnail","hentry","category-videos","post_format-post-format-video"],"_links":{"self":[{"href":"https:\/\/jorgezanoni.com.br\/2019\/wp-json\/wp\/v2\/posts\/16715","targetHints":{"allow":["GET"]}}],"collection":[{"href":"https:\/\/jorgezanoni.com.br\/2019\/wp-json\/wp\/v2\/posts"}],"about":[{"href":"https:\/\/jorgezanoni.com.br\/2019\/wp-json\/wp\/v2\/types\/post"}],"author":[{"embeddable":true,"href":"https:\/\/jorgezanoni.com.br\/2019\/wp-json\/wp\/v2\/users\/1"}],"replies":[{"embeddable":true,"href":"https:\/\/jorgezanoni.com.br\/2019\/wp-json\/wp\/v2\/comments?post=16715"}],"version-history":[{"count":0,"href":"https:\/\/jorgezanoni.com.br\/2019\/wp-json\/wp\/v2\/posts\/16715\/revisions"}],"wp:featuredmedia":[{"embeddable":true,"href":"https:\/\/jorgezanoni.com.br\/2019\/wp-json\/wp\/v2\/media\/16716"}],"wp:attachment":[{"href":"https:\/\/jorgezanoni.com.br\/2019\/wp-json\/wp\/v2\/media?parent=16715"}],"wp:term":[{"taxonomy":"category","embeddable":true,"href":"https:\/\/jorgezanoni.com.br\/2019\/wp-json\/wp\/v2\/categories?post=16715"},{"taxonomy":"post_tag","embeddable":true,"href":"https:\/\/jorgezanoni.com.br\/2019\/wp-json\/wp\/v2\/tags?post=16715"}],"curies":[{"name":"wp","href":"https:\/\/api.w.org\/{rel}","templated":true}]}}