{"id":16680,"date":"2020-01-18T23:30:03","date_gmt":"2020-01-18T23:30:03","guid":{"rendered":"https:\/\/jorgezanoni.com.br\/2019\/?p=16680"},"modified":"2020-01-18T23:30:03","modified_gmt":"2020-01-18T23:30:03","slug":"reclamacao-da-populacao-bueiro-entupido-no-centro-da-cidade-causa-mau-cheiro","status":"publish","type":"post","link":"https:\/\/jorgezanoni.com.br\/2019\/reclamacao-da-populacao-bueiro-entupido-no-centro-da-cidade-causa-mau-cheiro\/","title":{"rendered":"Reclama\u00e7\u00e3o da Popula\u00e7\u00e3o: Bueiro entupido no centro da cidade causa mau cheiro"},"content":{"rendered":"<p style=\"text-align: justify;\">Um bueiro, na esquina da avenida dos Expedicion\u00e1rios com a rua Dom Pedro, \u00e9 motivo de reclama\u00e7\u00e3o de moradores.<\/p>\n<p style=\"text-align: justify;\">Fica na regi\u00e3o central da cidade onde muitas pessoas passam pelo local e al\u00e9m de entupido, causa mau-cheiro.<\/p>\n<p style=\"text-align: justify;\">Pedem aos respons\u00e1veis que deem uma passada por l\u00e1 e resolvam este problema que est\u00e1 incomodando a todos.<\/p>\n<p><img loading=\"lazy\" decoding=\"async\" class=\"alignnone size-full wp-image-16681\" src=\"https:\/\/jorgezanoni.com.br\/2019\/wp-content\/uploads\/2020\/01\/bueiro.jpg\" alt=\"\" width=\"720\" height=\"1280\" srcset=\"https:\/\/jorgezanoni.com.br\/2019\/wp-content\/uploads\/2020\/01\/bueiro.jpg 720w, https:\/\/jorgezanoni.com.br\/2019\/wp-content\/uploads\/2020\/01\/bueiro-169x300.jpg 169w, https:\/\/jorgezanoni.com.br\/2019\/wp-content\/uploads\/2020\/01\/bueiro-576x1024.jpg 576w, https:\/\/jorgezanoni.com.br\/2019\/wp-content\/uploads\/2020\/01\/bueiro-696x1237.jpg 696w, https:\/\/jorgezanoni.com.br\/2019\/wp-content\/uploads\/2020\/01\/bueiro-236x420.jpg 236w\" sizes=\"auto, (max-width: 720px) 100vw, 720px\" \/><\/p>\n<p style=\"text-align: justify;\">Jorge Zanoni<\/p>\n<p style=\"text-align: justify;\">Fotos de Internauta<\/p>\n","protected":false},"excerpt":{"rendered":"<p>Um bueiro, na esquina da avenida dos Expedicion\u00e1rios com a rua Dom Pedro, \u00e9 motivo de reclama\u00e7\u00e3o de moradores. Fica na regi\u00e3o central da cidade onde muitas pessoas passam pelo local e al\u00e9m de entupido, causa mau-cheiro. Pedem aos respons\u00e1veis que deem uma passada por l\u00e1 e resolvam este problema que est\u00e1 incomodando a todos. [&hellip;]<\/p>\n","protected":false},"author":1,"featured_media":16682,"comment_status":"closed","ping_status":"open","sticky":false,"template":"","format":"standard","meta":{"footnotes":""},"categories":[179,184,110],"tags":[],"class_list":["post-16680","post","type-post","status-publish","format-standard","has-post-thumbnail","hentry","category-cidadeseregiao","category-dracena","category-noticiasdestaque"],"_links":{"self":[{"href":"https:\/\/jorgezanoni.com.br\/2019\/wp-json\/wp\/v2\/posts\/16680","targetHints":{"allow":["GET"]}}],"collection":[{"href":"https:\/\/jorgezanoni.com.br\/2019\/wp-json\/wp\/v2\/posts"}],"about":[{"href":"https:\/\/jorgezanoni.com.br\/2019\/wp-json\/wp\/v2\/types\/post"}],"author":[{"embeddable":true,"href":"https:\/\/jorgezanoni.com.br\/2019\/wp-json\/wp\/v2\/users\/1"}],"replies":[{"embeddable":true,"href":"https:\/\/jorgezanoni.com.br\/2019\/wp-json\/wp\/v2\/comments?post=16680"}],"version-history":[{"count":0,"href":"https:\/\/jorgezanoni.com.br\/2019\/wp-json\/wp\/v2\/posts\/16680\/revisions"}],"wp:featuredmedia":[{"embeddable":true,"href":"https:\/\/jorgezanoni.com.br\/2019\/wp-json\/wp\/v2\/media\/16682"}],"wp:attachment":[{"href":"https:\/\/jorgezanoni.com.br\/2019\/wp-json\/wp\/v2\/media?parent=16680"}],"wp:term":[{"taxonomy":"category","embeddable":true,"href":"https:\/\/jorgezanoni.com.br\/2019\/wp-json\/wp\/v2\/categories?post=16680"},{"taxonomy":"post_tag","embeddable":true,"href":"https:\/\/jorgezanoni.com.br\/2019\/wp-json\/wp\/v2\/tags?post=16680"}],"curies":[{"name":"wp","href":"https:\/\/api.w.org\/{rel}","templated":true}]}}