{"id":16655,"date":"2020-01-18T18:56:41","date_gmt":"2020-01-18T18:56:41","guid":{"rendered":"https:\/\/jorgezanoni.com.br\/2019\/?p=16655"},"modified":"2020-01-18T18:56:41","modified_gmt":"2020-01-18T18:56:41","slug":"nova-opcao-de-voo-de-presidente-prudente-para-campo-grande","status":"publish","type":"post","link":"https:\/\/jorgezanoni.com.br\/2019\/nova-opcao-de-voo-de-presidente-prudente-para-campo-grande\/","title":{"rendered":"Nova op\u00e7\u00e3o de V\u00f4o de Presidente Prudente para Campo Grande"},"content":{"rendered":"<p style=\"text-align: justify;\"><strong>Voos para a capital do Mato Grosso do Sul ser\u00e3o disponibilizados em Prudente pela primeira vez, pela Azul, entre os dias 22 de fevereiro e 2 de mar\u00e7o, e passagens j\u00e1 est\u00e3o \u00e0 venda.<\/strong><\/p>\n<p style=\"text-align: justify;\">Entre os dias 22 de fevereiro e 2 de mar\u00e7o o Aeroporto Estadual de Presidente Prudente oferecer\u00e1 aos passageiros uma nova op\u00e7\u00e3o de destino: Campo Grande, no Mato Grosso do Sul. A novidade foi anunciada ontem pela Azul, que pela primeira vez incluiu a rota que liga a conhecida \u201ccidade morena\u201d, e faz parte de uma iniciativa da companhia em disponibilizar 740 voos extras, em todo o pa\u00eds, para atender a demanda adicional do carnaval. Esta n\u00e3o \u00e9 uma novidade apenas para a empresa, mas tamb\u00e9m para o aeroporto local.<\/p>\n<p style=\"text-align: justify;\">\u201cTodo novo voo que venha para ampliar o atendimento \u00e9 visto com bons olhos, e n\u00e3o h\u00e1 d\u00favidas de que a demanda para Campo Grande existe, prova disso \u00e9 a quantidade de \u00f4nibus lotados que saem de Presidente Prudente para l\u00e1\u201d, afirma o diretor regional da Aviesp (Associa\u00e7\u00e3o das Ag\u00eancias de Viagens do Interior de S\u00e3o Paulo), Marcos Antonio Carvalho Lucas.<\/p>\n<div class=\"entity_content noticia\" style=\"text-align: justify;\">\n<p>O diretor regional lembra ainda que como ser\u00e1 uma fase tempor\u00e1ria, e possivelmente de testes, a procura pelos voos ser\u00e1 um momento decisivo para mostrar que a cidade de Presidente Prudente tem capacidade para receber novas rotas, que incluem, al\u00e9m de Campo Grande, as cidades de Bras\u00edlia (DF), Porto Alegre (RS) e Florian\u00f3polis (SC). \u201c\u00c9 uma possibilidade de a empresa sentir o feedback e pensar em outras possibilidades a partir disso\u201d.<\/p>\n<p>Marcos Lucas acrescente que, por ser uma rota de curta dist\u00e2ncia, \u00e9 preciso uma frota adequada para atender a demanda, como \u00e9 o caso da Azul, que conta com aeronaves da fam\u00edlia ATR.<\/p>\n<p><strong>PASSAGENS J\u00c1\u00a0<\/strong><strong>DISPON\u00cdVEIS<\/strong><\/p>\n<p>Para as novidades anunciadas, a Azul lembra que as passagens para os novos voos j\u00e1 est\u00e3o dispon\u00edveis nos canais oficiais de venda da companhia e exp\u00f5e, em um comparativo, que em rela\u00e7\u00e3o \u00e0 folia do ano passado, ampliar\u00e1 a oferta de voos em 13%, movimentando frequ\u00eancias extras em 51 aeroportos espalhados pelo pa\u00eds.<\/p>\n<p>\u201cEstamos sempre atentos \u00e0s oportunidades e necessidades de nossos clientes. Por isso, preparamos uma opera\u00e7\u00e3o que atende ao desejo de quem est\u00e1 se programando para viajar neste per\u00edodo. Com a maior malha a\u00e9rea do pa\u00eds, que atende a 106 cidades brasileiras, a Azul oferecer\u00e1 diversas op\u00e7\u00f5es para os foli\u00f5es natos e para quem quer relaxar no feriado prolongado\u201d, destaca Vitor Silva, gerente de planejamento de malha da Azul.<\/p>\n<p><strong>EMPRESA ANALISA\u00a0<\/strong><strong>OPORTUNIDADES<\/strong><\/p>\n<p>Al\u00e9m da Azul, a Gol Linhas A\u00e9reas tamb\u00e9m atua em Presidente Prudente, com voos di\u00e1rios. Procurada pela reportagem, a companhia informou que, como \u201cempresa competitiva\u201d, avalia constantemente novas oportunidades para o fortalecimento do seu neg\u00f3cio e que possam oferecer ainda mais op\u00e7\u00f5es de voos aos seus clientes. No entanto, ressaltou que n\u00e3o h\u00e1 previs\u00e3o de aumento da malha durante o per\u00edodo de carnaval.<\/p>\n<p>SERVI\u00c7O<\/p>\n<p><strong>Origem: Presidente Prudente<\/strong><\/p>\n<p>Destino: Campo Grande<\/p>\n<p>Sa\u00edda: 1h<\/p>\n<p>Chegada: 1h20<\/p>\n<p>Dias: 22 e 29 de fevereiro e 2 de mar\u00e7o<\/p>\n<p><strong>Origem: Campo Grande<\/strong><\/p>\n<p>Destino: Presidente Prudente<\/p>\n<p>Sa\u00edda: 2h40<\/p>\n<p>Chegada: 5h<\/p>\n<p>Dias: 22 e 29 de fevereiro e 2 de mar\u00e7o<\/p>\n<p>Fonte: imparcial.com.br<\/p>\n<\/div>\n<p style=\"text-align: justify;\">\n","protected":false},"excerpt":{"rendered":"<p>Voos para a capital do Mato Grosso do Sul ser\u00e3o disponibilizados em Prudente pela primeira vez, pela Azul, entre os dias 22 de fevereiro e 2 de mar\u00e7o, e passagens j\u00e1 est\u00e3o \u00e0 venda. Entre os dias 22 de fevereiro e 2 de mar\u00e7o o Aeroporto Estadual de Presidente Prudente oferecer\u00e1 aos passageiros uma nova [&hellip;]<\/p>\n","protected":false},"author":1,"featured_media":16656,"comment_status":"closed","ping_status":"open","sticky":false,"template":"","format":"standard","meta":{"footnotes":""},"categories":[180],"tags":[],"class_list":["post-16655","post","type-post","status-publish","format-standard","has-post-thumbnail","hentry","category-estradastransitoveiculos"],"_links":{"self":[{"href":"https:\/\/jorgezanoni.com.br\/2019\/wp-json\/wp\/v2\/posts\/16655","targetHints":{"allow":["GET"]}}],"collection":[{"href":"https:\/\/jorgezanoni.com.br\/2019\/wp-json\/wp\/v2\/posts"}],"about":[{"href":"https:\/\/jorgezanoni.com.br\/2019\/wp-json\/wp\/v2\/types\/post"}],"author":[{"embeddable":true,"href":"https:\/\/jorgezanoni.com.br\/2019\/wp-json\/wp\/v2\/users\/1"}],"replies":[{"embeddable":true,"href":"https:\/\/jorgezanoni.com.br\/2019\/wp-json\/wp\/v2\/comments?post=16655"}],"version-history":[{"count":0,"href":"https:\/\/jorgezanoni.com.br\/2019\/wp-json\/wp\/v2\/posts\/16655\/revisions"}],"wp:featuredmedia":[{"embeddable":true,"href":"https:\/\/jorgezanoni.com.br\/2019\/wp-json\/wp\/v2\/media\/16656"}],"wp:attachment":[{"href":"https:\/\/jorgezanoni.com.br\/2019\/wp-json\/wp\/v2\/media?parent=16655"}],"wp:term":[{"taxonomy":"category","embeddable":true,"href":"https:\/\/jorgezanoni.com.br\/2019\/wp-json\/wp\/v2\/categories?post=16655"},{"taxonomy":"post_tag","embeddable":true,"href":"https:\/\/jorgezanoni.com.br\/2019\/wp-json\/wp\/v2\/tags?post=16655"}],"curies":[{"name":"wp","href":"https:\/\/api.w.org\/{rel}","templated":true}]}}