{"id":16652,"date":"2020-01-18T18:32:57","date_gmt":"2020-01-18T18:32:57","guid":{"rendered":"https:\/\/jorgezanoni.com.br\/2019\/?p=16652"},"modified":"2020-01-18T18:33:58","modified_gmt":"2020-01-18T18:33:58","slug":"policia-civil-deflagra-operacao-cerol-para-reprimir-a-comercializacao-e-o-uso-ilegal-do-cerol-em-linha-de-pipa","status":"publish","type":"post","link":"https:\/\/jorgezanoni.com.br\/2019\/policia-civil-deflagra-operacao-cerol-para-reprimir-a-comercializacao-e-o-uso-ilegal-do-cerol-em-linha-de-pipa\/","title":{"rendered":"Pol\u00edcia Civil deflagra \u201cOpera\u00e7\u00e3o Cerol\u201d para reprimir a comercializa\u00e7\u00e3o e o uso ilegal do cerol em linha de pipa"},"content":{"rendered":"<p style=\"text-align: justify;\"><strong>A linha tamb\u00e9m \u00e9 conhecida como \u201clinha chilena\u201d que tem um alto poder cortante, a a\u00e7\u00e3o policial foi realizada nas cidades de Panorama e Paulic\u00e9ia.<\/strong><\/p>\n<p style=\"text-align: justify;\">A Pol\u00edcia Civil, por interm\u00e9dio das Delegacia de Pol\u00edcia de Panorama e de Paulic\u00e9ia, deflagrou na manh\u00e3 deste s\u00e1bado,18\/1, a opera\u00e7\u00e3o policial denominada \u201cCerol\u201d, objetivando dar cumprimento a quatro mandados de busca e apreens\u00e3o expedidos pelo Ju\u00edzo da Comarca de Panorama, sendo alvos tr\u00eas im\u00f3veis residenciais e um estabelecimento comercial localizado na \u00e1rea central da Cidade. A Opera\u00e7\u00e3o tinha por finalidade realizar a apreens\u00e3o de linhas com cerol e tamb\u00e9m a conhecida \u201clinha chilena\u201d, cuja venda \u00e9 proibida pela Lei Estadual n\u00b0 17.201\/2019, sendo apreendido vasto material e os objetos encaminhados para an\u00e1lise pericial junto ao Instituto de Criminal\u00edstica. A Opera\u00e7\u00e3o desencadeada nesta data faz parte das investiga\u00e7\u00f5es sobre o grave acidente havido na cidade de Panorama no dia 12 de janeiro, ocasi\u00e3o em que um motociclista restou gravemente ferido, suportando ferimentos no pesco\u00e7o provocados com a linha \u201cchilena\u201d.<br \/>\nOs materiais proibidos apreendidos ser\u00e3o encaminhados para an\u00e1lise pericial junto ao Instituto de Criminal\u00edstica &#8211; IC. As pessoas envolvidas foram encaminhadas para delegacia onde foram ouvidas e liberadas, e poder\u00e3o responder criminalmente pela a\u00e7\u00e3o.<\/p>\n<p>Fonte: Com. Social Pol\u00edcia Civil<\/p>\n","protected":false},"excerpt":{"rendered":"<p>A linha tamb\u00e9m \u00e9 conhecida como \u201clinha chilena\u201d que tem um alto poder cortante, a a\u00e7\u00e3o policial foi realizada nas cidades de Panorama e Paulic\u00e9ia. A Pol\u00edcia Civil, por interm\u00e9dio das Delegacia de Pol\u00edcia de Panorama e de Paulic\u00e9ia, deflagrou na manh\u00e3 deste s\u00e1bado,18\/1, a opera\u00e7\u00e3o policial denominada \u201cCerol\u201d, objetivando dar cumprimento a quatro mandados [&hellip;]<\/p>\n","protected":false},"author":1,"featured_media":16653,"comment_status":"closed","ping_status":"open","sticky":false,"template":"","format":"standard","meta":{"footnotes":""},"categories":[110,2],"tags":[],"class_list":["post-16652","post","type-post","status-publish","format-standard","has-post-thumbnail","hentry","category-noticiasdestaque","category-policial"],"_links":{"self":[{"href":"https:\/\/jorgezanoni.com.br\/2019\/wp-json\/wp\/v2\/posts\/16652","targetHints":{"allow":["GET"]}}],"collection":[{"href":"https:\/\/jorgezanoni.com.br\/2019\/wp-json\/wp\/v2\/posts"}],"about":[{"href":"https:\/\/jorgezanoni.com.br\/2019\/wp-json\/wp\/v2\/types\/post"}],"author":[{"embeddable":true,"href":"https:\/\/jorgezanoni.com.br\/2019\/wp-json\/wp\/v2\/users\/1"}],"replies":[{"embeddable":true,"href":"https:\/\/jorgezanoni.com.br\/2019\/wp-json\/wp\/v2\/comments?post=16652"}],"version-history":[{"count":0,"href":"https:\/\/jorgezanoni.com.br\/2019\/wp-json\/wp\/v2\/posts\/16652\/revisions"}],"wp:featuredmedia":[{"embeddable":true,"href":"https:\/\/jorgezanoni.com.br\/2019\/wp-json\/wp\/v2\/media\/16653"}],"wp:attachment":[{"href":"https:\/\/jorgezanoni.com.br\/2019\/wp-json\/wp\/v2\/media?parent=16652"}],"wp:term":[{"taxonomy":"category","embeddable":true,"href":"https:\/\/jorgezanoni.com.br\/2019\/wp-json\/wp\/v2\/categories?post=16652"},{"taxonomy":"post_tag","embeddable":true,"href":"https:\/\/jorgezanoni.com.br\/2019\/wp-json\/wp\/v2\/tags?post=16652"}],"curies":[{"name":"wp","href":"https:\/\/api.w.org\/{rel}","templated":true}]}}