{"id":16578,"date":"2020-01-17T00:42:09","date_gmt":"2020-01-17T00:42:09","guid":{"rendered":"https:\/\/jorgezanoni.com.br\/2019\/?p=16578"},"modified":"2020-01-17T00:42:09","modified_gmt":"2020-01-17T00:42:09","slug":"nova-lei-aquece-mercado-para-formados-em-psicologia-e-servico-social","status":"publish","type":"post","link":"https:\/\/jorgezanoni.com.br\/2019\/nova-lei-aquece-mercado-para-formados-em-psicologia-e-servico-social\/","title":{"rendered":"Nova lei aquece mercado para formados em Psicologia e Servi\u00e7o Social"},"content":{"rendered":"<p style=\"font-weight: 400;\"><strong><em>A nova lei prev\u00ea a obrigatoriedade da contrata\u00e7\u00e3o desses profissionais nas redes municipais e estudais da educa\u00e7\u00e3o b\u00e1sica.<\/em><\/strong><\/p>\n<p style=\"font-weight: 400; text-align: justify;\">A Lei n\u00ba 13.935, publicada em 12 de dezembro de 2019, prev\u00ea que as redes p\u00fablicas de educa\u00e7\u00e3o b\u00e1sica disponibilizem psic\u00f3logos e assistentes sociais para atender as necessidades e prioridades definidas pelas pol\u00edticas de educa\u00e7\u00e3o, por meio de equipes multiprofissionais. Os sistemas de ensino ter\u00e3o o prazo de 1 ano para as adequa\u00e7\u00f5es e contrata\u00e7\u00f5es.<\/p>\n<p style=\"font-weight: 400; text-align: justify;\">A nova lei beneficiar\u00e1 os formados nos cursos de Psicologia e Servi\u00e7o Social, aquecendo a procura por esses profissionais no mercado, indo ao encontro das necessidades das escolas. Al\u00e9m disso, nesta semana, o governador Jo\u00e3o Doria anunciou repasses para a regi\u00e3o de Dracena na \u00e1rea da pol\u00edtica da assist\u00eancia social, com verbas que ser\u00e3o utilizadas pelos munic\u00edpios em uma rede de prote\u00e7\u00e3o que re\u00fane diversos servi\u00e7os socioassistenciais, o que traz ainda mais valoriza\u00e7\u00e3o para a profiss\u00e3o.<\/p>\n<p style=\"font-weight: 400; text-align: justify;\">A coordenadora de Psicologia da Unifadra Profa. Ma. Andrea Frizo Barbosa destacou que tem se observado e noticiado cada vez mais incidentes envolvendo a comunidade escolar. A coordenadora de Servi\u00e7o Social da Unifadra Profa. Esp. Maria Bernadete Torres explicou que os fatos citados pela Profa. Andrea, como viol\u00eancia, bullying, suic\u00eddio,\u00a0 poder\u00e3o ser detectados de forma mais\u00a0r\u00e1pida e eficaz pela equipe multiprofissional, atendendo a grande necessidade de se levar para dentro das escolas este servi\u00e7o.<\/p>\n<p>A Unifadra prepara o aluno para atuar nessas vertentes. O curso de Psicologia da Unifadra contempla a disciplina de Psicologia do Desenvolvimento, que prepara o estudante para a compreens\u00e3o de todo o processo de desenvolvimento humano, desde beb\u00ea at\u00e9 a terceira idade. Os alunos tamb\u00e9m se aprofundam na Psicologia da Aprendizagem, que envolve as necessidades dos alunos dentro do contexto escolar e as dificuldades de aprendizagem. \u201cTemos tamb\u00e9m disciplinas que envolvem as quest\u00f5es de pol\u00edticas p\u00fablicas e da inser\u00e7\u00e3o do psic\u00f3logo dentro de institui\u00e7\u00f5es de ensino, al\u00e9m do est\u00e1gio de um ano em escolas de Dracena e regi\u00e3o\u201d, explicou Andrea.<\/p>\n<p>Uma das grandes frentes de trabalho do Servi\u00e7o Social \u00e9 nas pol\u00edticas p\u00fablicas, n\u00e3o s\u00f3 na assist\u00eancia social, mas tamb\u00e9m na educa\u00e7\u00e3o. \u201cO trabalho do Servi\u00e7o Social dentro da escola \u00e9 a compreens\u00e3o de que o aluno n\u00e3o \u00e9 um ser isolado do contexto social, \u00e9 preciso compreender a din\u00e2mica da escola para al\u00e9m do aprendizado\u201d, ressaltou a Profa. Bernadete.<\/p>\n<p style=\"font-weight: 400; text-align: justify;\">\u201cHoje em dia, muitos dos problemas que os jovens passam s\u00e3o vistos primeiro pelas escolas, que buscam auxiliar e orientar as fam\u00edlias. A escola vai ser muito beneficiada com essa equipe multiprofissional, que ir\u00e1 propor estrat\u00e9gias e interven\u00e7\u00f5es para minimizar os conflitos\u201d, acrescentou Andrea Frizo.<\/p>\n<p style=\"font-weight: 400; text-align: justify;\">Bernadete explicou tamb\u00e9m que o profissional assistente social, dentro desse contexto, atuar\u00e1 em equipe com a escola, e, sendo observado algum conflito, poder\u00e1 encaminhar para atendimentos espec\u00edficos da rede p\u00fablica. \u201cSer\u00e1 um trabalho coletivo, atento ao contexto social, que ser\u00e1 fundamental para detectar e minimizar poss\u00edveis casos de abusos e viol\u00eancias passados pelas crian\u00e7as at\u00e9 mesmo fora da escola\u201d, finalizou a professora.<\/p>\n<p>Foto: Professoras Maria Bernadete Torres e Andrea Frizo Barbosa, coordenadoras de Servi\u00e7o Social e Psicologia da Unifadra.<strong><em>\u00a0<\/em><\/strong><\/p>\n<p style=\"font-weight: 400; text-align: justify;\"><em>Fernando Nunes<\/em><\/p>\n<p style=\"font-weight: 400; text-align: justify;\">Diretor de Comunica\u00e7\u00e3o Fundec<\/p>\n","protected":false},"excerpt":{"rendered":"<p>A nova lei prev\u00ea a obrigatoriedade da contrata\u00e7\u00e3o desses profissionais nas redes municipais e estudais da educa\u00e7\u00e3o b\u00e1sica. A Lei n\u00ba 13.935, publicada em 12 de dezembro de 2019, prev\u00ea que as redes p\u00fablicas de educa\u00e7\u00e3o b\u00e1sica disponibilizem psic\u00f3logos e assistentes sociais para atender as necessidades e prioridades definidas pelas pol\u00edticas de educa\u00e7\u00e3o, por meio [&hellip;]<\/p>\n","protected":false},"author":1,"featured_media":16579,"comment_status":"closed","ping_status":"open","sticky":false,"template":"","format":"standard","meta":{"footnotes":""},"categories":[122],"tags":[],"class_list":["post-16578","post","type-post","status-publish","format-standard","has-post-thumbnail","hentry","category-saudeeducacaoeconcurso"],"_links":{"self":[{"href":"https:\/\/jorgezanoni.com.br\/2019\/wp-json\/wp\/v2\/posts\/16578","targetHints":{"allow":["GET"]}}],"collection":[{"href":"https:\/\/jorgezanoni.com.br\/2019\/wp-json\/wp\/v2\/posts"}],"about":[{"href":"https:\/\/jorgezanoni.com.br\/2019\/wp-json\/wp\/v2\/types\/post"}],"author":[{"embeddable":true,"href":"https:\/\/jorgezanoni.com.br\/2019\/wp-json\/wp\/v2\/users\/1"}],"replies":[{"embeddable":true,"href":"https:\/\/jorgezanoni.com.br\/2019\/wp-json\/wp\/v2\/comments?post=16578"}],"version-history":[{"count":0,"href":"https:\/\/jorgezanoni.com.br\/2019\/wp-json\/wp\/v2\/posts\/16578\/revisions"}],"wp:featuredmedia":[{"embeddable":true,"href":"https:\/\/jorgezanoni.com.br\/2019\/wp-json\/wp\/v2\/media\/16579"}],"wp:attachment":[{"href":"https:\/\/jorgezanoni.com.br\/2019\/wp-json\/wp\/v2\/media?parent=16578"}],"wp:term":[{"taxonomy":"category","embeddable":true,"href":"https:\/\/jorgezanoni.com.br\/2019\/wp-json\/wp\/v2\/categories?post=16578"},{"taxonomy":"post_tag","embeddable":true,"href":"https:\/\/jorgezanoni.com.br\/2019\/wp-json\/wp\/v2\/tags?post=16578"}],"curies":[{"name":"wp","href":"https:\/\/api.w.org\/{rel}","templated":true}]}}