{"id":16572,"date":"2020-01-17T00:09:01","date_gmt":"2020-01-17T00:09:01","guid":{"rendered":"https:\/\/jorgezanoni.com.br\/2019\/?p=16572"},"modified":"2020-01-17T00:09:01","modified_gmt":"2020-01-17T00:09:01","slug":"argentina-tira-foto-com-cachorro-toma-mordida-leva-pontos-na-cara-e-publica-imagens-em-rede-social","status":"publish","type":"post","link":"https:\/\/jorgezanoni.com.br\/2019\/argentina-tira-foto-com-cachorro-toma-mordida-leva-pontos-na-cara-e-publica-imagens-em-rede-social\/","title":{"rendered":"Argentina tira foto com cachorro, toma mordida, leva pontos na cara e publica imagens em rede social"},"content":{"rendered":"<h2 class=\"content-head__subtitle\" style=\"text-align: justify;\"><strong>Jovem de Tucum\u00e1n, na Argentina, disse estar bem: &#8216;N\u00e3o guardo nenhum rancor, n\u00e3o estou incomodada&#8217;.<\/strong><\/h2>\n<p style=\"text-align: justify;\">Laru Sanson, uma jovem de Tucum\u00e1n, na\u00a0<a href=\"https:\/\/g1.globo.com\/tudo-sobre\/argentina\/\">Argentina<\/a>, publicou, na ter\u00e7a-feira (14), uma sequ\u00eancia de fotos em uma rede social em que aparece ao lado de um cachorro que a morde no rosto. As imagens estavam acompanhadas do seguinte texto: &#8220;Sess\u00e3o de fotos com Kenai d\u00e1 errado&#8221;.<\/p>\n<p style=\"text-align: justify;\"><img loading=\"lazy\" decoding=\"async\" class=\"alignnone size-full wp-image-16573\" src=\"https:\/\/jorgezanoni.com.br\/2019\/wp-content\/uploads\/2020\/01\/mordida-01.jpg\" alt=\"\" width=\"640\" height=\"851\" srcset=\"https:\/\/jorgezanoni.com.br\/2019\/wp-content\/uploads\/2020\/01\/mordida-01.jpg 640w, https:\/\/jorgezanoni.com.br\/2019\/wp-content\/uploads\/2020\/01\/mordida-01-226x300.jpg 226w, https:\/\/jorgezanoni.com.br\/2019\/wp-content\/uploads\/2020\/01\/mordida-01-316x420.jpg 316w\" sizes=\"auto, (max-width: 640px) 100vw, 640px\" \/>Imagens de Laru Sanson, a argentina que foi mordida por um cachorro na casa de um amigo \u2014 Foto: Reprodu\u00e7\u00e3o\/Twitter<\/p>\n<p style=\"text-align: justify;\"><img loading=\"lazy\" decoding=\"async\" class=\"alignnone size-full wp-image-16574\" src=\"https:\/\/jorgezanoni.com.br\/2019\/wp-content\/uploads\/2020\/01\/mordida-02.jpg\" alt=\"\" width=\"640\" height=\"854\" srcset=\"https:\/\/jorgezanoni.com.br\/2019\/wp-content\/uploads\/2020\/01\/mordida-02.jpg 640w, https:\/\/jorgezanoni.com.br\/2019\/wp-content\/uploads\/2020\/01\/mordida-02-225x300.jpg 225w, https:\/\/jorgezanoni.com.br\/2019\/wp-content\/uploads\/2020\/01\/mordida-02-315x420.jpg 315w\" sizes=\"auto, (max-width: 640px) 100vw, 640px\" \/><\/p>\n<p style=\"text-align: justify;\">Laru Sanson, antes de ser mordida por um cachorro na casa de um amigo \u2014 Foto: Reprodu\u00e7\u00e3o\/Twitter<\/p>\n<p style=\"text-align: justify;\">Em entrevista ao canal Todo Not\u00edcias nesta quinta-feira (16), Sanson disse que est\u00e1 bem. &#8220;Eu estava na casa de um amigo meu, havia v\u00e1rias pessoas, e tinha um cachorro muito lindo. Eu gosto dos cachorros. Eu quis tirar uma foto e me dei mal. Eu j\u00e1 o conhecia, mas n\u00e3o frequento muito a casa&#8221;, disse ela.<\/p>\n<p style=\"text-align: justify;\"><img loading=\"lazy\" decoding=\"async\" class=\"alignnone size-full wp-image-16575\" src=\"https:\/\/jorgezanoni.com.br\/2019\/wp-content\/uploads\/2020\/01\/mordida-03.jpg\" alt=\"\" width=\"640\" height=\"860\" srcset=\"https:\/\/jorgezanoni.com.br\/2019\/wp-content\/uploads\/2020\/01\/mordida-03.jpg 640w, https:\/\/jorgezanoni.com.br\/2019\/wp-content\/uploads\/2020\/01\/mordida-03-223x300.jpg 223w, https:\/\/jorgezanoni.com.br\/2019\/wp-content\/uploads\/2020\/01\/mordida-03-313x420.jpg 313w\" sizes=\"auto, (max-width: 640px) 100vw, 640px\" \/><\/p>\n<div class=\"row medium-uncollapsed content-media content-photo\" style=\"text-align: justify;\" data-block-type=\"backstage-photo\" data-block-id=\"7\">\n<div class=\"mc-column content-media__container\">\n<p class=\"content-media__description \">Cachorro morde Laru Sanson na casa de um amigo dela em Tucum\u00e1n, na Argentina \u2014 Foto: Reprodu\u00e7\u00e3o\/Twitter<\/p>\n<\/div>\n<\/div>\n<div class=\"mc-column content-text active-extra-styles \" style=\"text-align: justify;\" data-block-type=\"unstyled\" data-block-weight=\"44\" data-block-id=\"8\">\n<p class=\"content-text__container \" data-track-category=\"Link no Texto\" data-track-links=\"\">Sanson afirma que pensa ter intimidado o bicho: &#8220;Eu o abracei, coloquei a cara muito perto do cachorro, ele ficou intimidado; \u00e9 um cachorro que nunca mordeu ningu\u00e9m, ele tem 10 anos, \u00e9 um pouco velhinho. Foi uma rea\u00e7\u00e3o dele, ele se sentiu invadido&#8221;.<\/p>\n<\/div>\n<div class=\"mc-column content-text active-extra-styles \" data-block-type=\"unstyled\" data-block-weight=\"22\" data-block-id=\"9\">\n<p class=\"content-text__container \" style=\"text-align: justify;\" data-track-category=\"Link no Texto\" data-track-links=\"\">A jovem diz ter ficado incomodada com os coment\u00e1rios que seria preciso sacrificar o cachorro. &#8220;N\u00e3o guardo nenhum rancor, n\u00e3o estou incomodada.&#8221;<\/p>\n<p style=\"text-align: justify;\" data-track-category=\"Link no Texto\" data-track-links=\"\"><img loading=\"lazy\" decoding=\"async\" class=\"alignnone size-full wp-image-16576\" src=\"https:\/\/jorgezanoni.com.br\/2019\/wp-content\/uploads\/2020\/01\/mordida-04.jpg\" alt=\"\" width=\"640\" height=\"910\" srcset=\"https:\/\/jorgezanoni.com.br\/2019\/wp-content\/uploads\/2020\/01\/mordida-04.jpg 640w, https:\/\/jorgezanoni.com.br\/2019\/wp-content\/uploads\/2020\/01\/mordida-04-211x300.jpg 211w, https:\/\/jorgezanoni.com.br\/2019\/wp-content\/uploads\/2020\/01\/mordida-04-295x420.jpg 295w\" sizes=\"auto, (max-width: 640px) 100vw, 640px\" \/>Jovem argentina mostra como ficou o rosto depois de mordida de cachorro \u2014 Foto: Reprodu\u00e7\u00e3o\/Twitter<\/p>\n<p style=\"text-align: justify;\" data-track-category=\"Link no Texto\" data-track-links=\"\">Fonte: G1<\/p>\n<\/div>\n","protected":false},"excerpt":{"rendered":"<p>Jovem de Tucum\u00e1n, na Argentina, disse estar bem: &#8216;N\u00e3o guardo nenhum rancor, n\u00e3o estou incomodada&#8217;. Laru Sanson, uma jovem de Tucum\u00e1n, na\u00a0Argentina, publicou, na ter\u00e7a-feira (14), uma sequ\u00eancia de fotos em uma rede social em que aparece ao lado de um cachorro que a morde no rosto. As imagens estavam acompanhadas do seguinte texto: &#8220;Sess\u00e3o [&hellip;]<\/p>\n","protected":false},"author":1,"featured_media":16575,"comment_status":"closed","ping_status":"open","sticky":false,"template":"","format":"standard","meta":{"footnotes":""},"categories":[114,110],"tags":[],"class_list":["post-16572","post","type-post","status-publish","format-standard","has-post-thumbnail","hentry","category-geralecomercio","category-noticiasdestaque"],"_links":{"self":[{"href":"https:\/\/jorgezanoni.com.br\/2019\/wp-json\/wp\/v2\/posts\/16572","targetHints":{"allow":["GET"]}}],"collection":[{"href":"https:\/\/jorgezanoni.com.br\/2019\/wp-json\/wp\/v2\/posts"}],"about":[{"href":"https:\/\/jorgezanoni.com.br\/2019\/wp-json\/wp\/v2\/types\/post"}],"author":[{"embeddable":true,"href":"https:\/\/jorgezanoni.com.br\/2019\/wp-json\/wp\/v2\/users\/1"}],"replies":[{"embeddable":true,"href":"https:\/\/jorgezanoni.com.br\/2019\/wp-json\/wp\/v2\/comments?post=16572"}],"version-history":[{"count":0,"href":"https:\/\/jorgezanoni.com.br\/2019\/wp-json\/wp\/v2\/posts\/16572\/revisions"}],"wp:featuredmedia":[{"embeddable":true,"href":"https:\/\/jorgezanoni.com.br\/2019\/wp-json\/wp\/v2\/media\/16575"}],"wp:attachment":[{"href":"https:\/\/jorgezanoni.com.br\/2019\/wp-json\/wp\/v2\/media?parent=16572"}],"wp:term":[{"taxonomy":"category","embeddable":true,"href":"https:\/\/jorgezanoni.com.br\/2019\/wp-json\/wp\/v2\/categories?post=16572"},{"taxonomy":"post_tag","embeddable":true,"href":"https:\/\/jorgezanoni.com.br\/2019\/wp-json\/wp\/v2\/tags?post=16572"}],"curies":[{"name":"wp","href":"https:\/\/api.w.org\/{rel}","templated":true}]}}