{"id":16558,"date":"2020-01-16T23:20:42","date_gmt":"2020-01-16T23:20:42","guid":{"rendered":"https:\/\/jorgezanoni.com.br\/2019\/?p=16558"},"modified":"2020-01-16T23:21:24","modified_gmt":"2020-01-16T23:21:24","slug":"ontem-15-foram-registrados-quatro-acidentes-com-vitimas-no-transito-de-dracena","status":"publish","type":"post","link":"https:\/\/jorgezanoni.com.br\/2019\/ontem-15-foram-registrados-quatro-acidentes-com-vitimas-no-transito-de-dracena\/","title":{"rendered":"Ontem (15) foram registrados quatro acidentes com v\u00edtimas no tr\u00e2nsito de Dracena"},"content":{"rendered":"<p style=\"text-align: justify;\">Na quarta-feira, 15, entre \u00e0s 7h07 at\u00e9 20h42, a Pol\u00edcia Militar atendeu quatro ocorr\u00eancias de acidentes com v\u00edtimas no tr\u00e2nsito dracenense. O primeiro foi na Avenida Presidente Vargas no cruzamento com a Rua Leordino Silva Costa, onde uma moto conduzida por uma mulher \u00a0se envolveu na colis\u00e3o com um ve\u00edculo. Segundo a Pol\u00edcia, a moto trafegava pela avenida e o carro cruzou a preferencial pela Leordino Silva Costa.<\/p>\n<div class=\"jeg_ad jeg_ad_article jnews_content_inline_ads \" style=\"text-align: justify;\">\n<div class=\"ads-wrapper align-right \">\n<div class=\"ads_google_ads\">A motociclista recusou ser socorrida pela Unidade de Resgate do Corpo de Bombeiros.<\/div>\n<\/div>\n<\/div>\n<p style=\"text-align: justify;\">Por volta de 7h57, o segundo acidente foi no cruzamento das Ruas Brasil e Martin Afonso, na Vila Barros envolvendo carro e moto. O ve\u00edculo transitava pela Martin Afonso quando foi atingido pela moto que seguia pela Brasil.<\/p>\n<p style=\"text-align: justify;\">O condutor da moto de 26 anos sofreu escoria\u00e7\u00f5es nas m\u00e3os e nas costas.<\/p>\n<p style=\"text-align: justify;\">A terceira ocorr\u00eancia foi \u00e0s 18h13, no cruzamento das Ruas Ant\u00f4nio Martins e Manaus, no bairro Metr\u00f3pole e envolveu dois autom\u00f3veis dirigidos por duas condutoras que constam como v\u00edtimas no acidente.<\/p>\n<p style=\"text-align: justify;\">O quarto e \u00faltimo acidente de quarta-feira ocorreu \u00e0s 20h42, na Avenida Jos\u00e9 Bonif\u00e1cio. Um ciclista que trafegava pela avenida bateu no retrovisor do ve\u00edculo dirigido por uma mulher e caiu no solo.<\/p>\n<p style=\"text-align: justify;\">Segundo a Pol\u00edcia, o condutor da bicicleta de 53 anos, sofreu ferimentos aparentemente leves.<\/p>\n<p style=\"text-align: justify;\">Fonte: Portal Regional<\/p>\n","protected":false},"excerpt":{"rendered":"<p>Na quarta-feira, 15, entre \u00e0s 7h07 at\u00e9 20h42, a Pol\u00edcia Militar atendeu quatro ocorr\u00eancias de acidentes com v\u00edtimas no tr\u00e2nsito dracenense. O primeiro foi na Avenida Presidente Vargas no cruzamento com a Rua Leordino Silva Costa, onde uma moto conduzida por uma mulher \u00a0se envolveu na colis\u00e3o com um ve\u00edculo. Segundo a Pol\u00edcia, a moto [&hellip;]<\/p>\n","protected":false},"author":1,"featured_media":16559,"comment_status":"closed","ping_status":"open","sticky":false,"template":"","format":"standard","meta":{"footnotes":""},"categories":[170,110],"tags":[],"class_list":["post-16558","post","type-post","status-publish","format-standard","has-post-thumbnail","hentry","category-acidentes","category-noticiasdestaque"],"_links":{"self":[{"href":"https:\/\/jorgezanoni.com.br\/2019\/wp-json\/wp\/v2\/posts\/16558","targetHints":{"allow":["GET"]}}],"collection":[{"href":"https:\/\/jorgezanoni.com.br\/2019\/wp-json\/wp\/v2\/posts"}],"about":[{"href":"https:\/\/jorgezanoni.com.br\/2019\/wp-json\/wp\/v2\/types\/post"}],"author":[{"embeddable":true,"href":"https:\/\/jorgezanoni.com.br\/2019\/wp-json\/wp\/v2\/users\/1"}],"replies":[{"embeddable":true,"href":"https:\/\/jorgezanoni.com.br\/2019\/wp-json\/wp\/v2\/comments?post=16558"}],"version-history":[{"count":0,"href":"https:\/\/jorgezanoni.com.br\/2019\/wp-json\/wp\/v2\/posts\/16558\/revisions"}],"wp:featuredmedia":[{"embeddable":true,"href":"https:\/\/jorgezanoni.com.br\/2019\/wp-json\/wp\/v2\/media\/16559"}],"wp:attachment":[{"href":"https:\/\/jorgezanoni.com.br\/2019\/wp-json\/wp\/v2\/media?parent=16558"}],"wp:term":[{"taxonomy":"category","embeddable":true,"href":"https:\/\/jorgezanoni.com.br\/2019\/wp-json\/wp\/v2\/categories?post=16558"},{"taxonomy":"post_tag","embeddable":true,"href":"https:\/\/jorgezanoni.com.br\/2019\/wp-json\/wp\/v2\/tags?post=16558"}],"curies":[{"name":"wp","href":"https:\/\/api.w.org\/{rel}","templated":true}]}}