{"id":16542,"date":"2020-01-16T21:30:30","date_gmt":"2020-01-16T21:30:30","guid":{"rendered":"https:\/\/jorgezanoni.com.br\/2019\/?p=16542"},"modified":"2020-01-16T21:30:30","modified_gmt":"2020-01-16T21:30:30","slug":"policiais-militares-de-adamantina-realizam-sonho-de-menina-de-9-anos","status":"publish","type":"post","link":"https:\/\/jorgezanoni.com.br\/2019\/policiais-militares-de-adamantina-realizam-sonho-de-menina-de-9-anos\/","title":{"rendered":"Policiais Militares de Adamantina realizam sonho de menina de 9 anos"},"content":{"rendered":"<p style=\"text-align: justify;\">ELA SAIU DE LONGE, S\u00d3 PARA TIRAR UMA FOTO? QUE NADA ELA V\u00d4OU PARA ALCAN\u00c7AR SEU SONHO E SURPREENDEU.<\/p>\n<p style=\"text-align: justify;\">Na tarde de hoje na cidade de Adamantina (2 Companhia do 25 BPMI) a pequena Maria J\u00falia realizou um desejo que tem a mais de 2 anos, tirar uma foto com os seus her\u00f3is, os policiais militares.<br \/>\nMas para quem acha que essa mocinha linda de apenas 9 anos queria s\u00f3 uma simples foto, se engana. Ela saiu de um bairro long\u00ednquo do centro de Adamantina, vestida com a roupa mais especial da sua vida s\u00f3 para tirar essa foto.<br \/>\nNo dia de hoje a fam\u00edlia da Ana J\u00falia conseguiu ter uma farda infantil, que era o sonho dela, mas ainda n\u00e3o estava completo, ela queria mostrar para os seus amigos.<br \/>\nEla fez seus pais irem at\u00e9 a cidade, ligar para os policiais militares e ap\u00f3s disso muitos flash, com a felicidade que n\u00e3o coube nas fotos.<br \/>\nO sonho dessa lindeza \u00e9 ser adivinhem? E com certeza ser\u00e1 uma maravilhosa policial militar.<br \/>\nParab\u00e9ns Cb PM Aur\u00e9lio e Fortunato por realizarem esse sonho.<\/p>\n<p><img loading=\"lazy\" decoding=\"async\" class=\"alignnone size-full wp-image-16543\" src=\"https:\/\/jorgezanoni.com.br\/2019\/wp-content\/uploads\/2020\/01\/pm-3.jpg\" alt=\"\" width=\"960\" height=\"1280\" srcset=\"https:\/\/jorgezanoni.com.br\/2019\/wp-content\/uploads\/2020\/01\/pm-3.jpg 960w, https:\/\/jorgezanoni.com.br\/2019\/wp-content\/uploads\/2020\/01\/pm-3-225x300.jpg 225w, https:\/\/jorgezanoni.com.br\/2019\/wp-content\/uploads\/2020\/01\/pm-3-768x1024.jpg 768w, https:\/\/jorgezanoni.com.br\/2019\/wp-content\/uploads\/2020\/01\/pm-3-696x928.jpg 696w, https:\/\/jorgezanoni.com.br\/2019\/wp-content\/uploads\/2020\/01\/pm-3-315x420.jpg 315w\" sizes=\"auto, (max-width: 960px) 100vw, 960px\" \/> <img loading=\"lazy\" decoding=\"async\" class=\"alignnone size-full wp-image-16544\" src=\"https:\/\/jorgezanoni.com.br\/2019\/wp-content\/uploads\/2020\/01\/pm1-2.jpg\" alt=\"\" width=\"960\" height=\"1280\" srcset=\"https:\/\/jorgezanoni.com.br\/2019\/wp-content\/uploads\/2020\/01\/pm1-2.jpg 960w, https:\/\/jorgezanoni.com.br\/2019\/wp-content\/uploads\/2020\/01\/pm1-2-225x300.jpg 225w, https:\/\/jorgezanoni.com.br\/2019\/wp-content\/uploads\/2020\/01\/pm1-2-768x1024.jpg 768w, https:\/\/jorgezanoni.com.br\/2019\/wp-content\/uploads\/2020\/01\/pm1-2-696x928.jpg 696w, https:\/\/jorgezanoni.com.br\/2019\/wp-content\/uploads\/2020\/01\/pm1-2-315x420.jpg 315w\" sizes=\"auto, (max-width: 960px) 100vw, 960px\" \/><\/p>\n<p style=\"text-align: justify;\">Fonte: Com. Social Pol\u00edcia Militar<\/p>\n","protected":false},"excerpt":{"rendered":"<p>ELA SAIU DE LONGE, S\u00d3 PARA TIRAR UMA FOTO? QUE NADA ELA V\u00d4OU PARA ALCAN\u00c7AR SEU SONHO E SURPREENDEU. Na tarde de hoje na cidade de Adamantina (2 Companhia do 25 BPMI) a pequena Maria J\u00falia realizou um desejo que tem a mais de 2 anos, tirar uma foto com os seus her\u00f3is, os policiais [&hellip;]<\/p>\n","protected":false},"author":1,"featured_media":16545,"comment_status":"closed","ping_status":"open","sticky":false,"template":"","format":"standard","meta":{"footnotes":""},"categories":[2],"tags":[],"class_list":["post-16542","post","type-post","status-publish","format-standard","has-post-thumbnail","hentry","category-policial"],"_links":{"self":[{"href":"https:\/\/jorgezanoni.com.br\/2019\/wp-json\/wp\/v2\/posts\/16542","targetHints":{"allow":["GET"]}}],"collection":[{"href":"https:\/\/jorgezanoni.com.br\/2019\/wp-json\/wp\/v2\/posts"}],"about":[{"href":"https:\/\/jorgezanoni.com.br\/2019\/wp-json\/wp\/v2\/types\/post"}],"author":[{"embeddable":true,"href":"https:\/\/jorgezanoni.com.br\/2019\/wp-json\/wp\/v2\/users\/1"}],"replies":[{"embeddable":true,"href":"https:\/\/jorgezanoni.com.br\/2019\/wp-json\/wp\/v2\/comments?post=16542"}],"version-history":[{"count":0,"href":"https:\/\/jorgezanoni.com.br\/2019\/wp-json\/wp\/v2\/posts\/16542\/revisions"}],"wp:featuredmedia":[{"embeddable":true,"href":"https:\/\/jorgezanoni.com.br\/2019\/wp-json\/wp\/v2\/media\/16545"}],"wp:attachment":[{"href":"https:\/\/jorgezanoni.com.br\/2019\/wp-json\/wp\/v2\/media?parent=16542"}],"wp:term":[{"taxonomy":"category","embeddable":true,"href":"https:\/\/jorgezanoni.com.br\/2019\/wp-json\/wp\/v2\/categories?post=16542"},{"taxonomy":"post_tag","embeddable":true,"href":"https:\/\/jorgezanoni.com.br\/2019\/wp-json\/wp\/v2\/tags?post=16542"}],"curies":[{"name":"wp","href":"https:\/\/api.w.org\/{rel}","templated":true}]}}