{"id":16539,"date":"2020-01-16T21:19:08","date_gmt":"2020-01-16T21:19:08","guid":{"rendered":"https:\/\/jorgezanoni.com.br\/2019\/?p=16539"},"modified":"2020-01-16T21:19:08","modified_gmt":"2020-01-16T21:19:08","slug":"policia-civil-de-dracena-realiza-operacao-saturno","status":"publish","type":"post","link":"https:\/\/jorgezanoni.com.br\/2019\/policia-civil-de-dracena-realiza-operacao-saturno\/","title":{"rendered":"Pol\u00edcia Civil de Dracena realiza Opera\u00e7\u00e3o Saturno"},"content":{"rendered":"<p style=\"text-align: justify;\">POL\u00cdCIA CIVIL DE DRACENA REALIZA OPERA\u00c7\u00c3O SATURNO<\/p>\n<p style=\"text-align: justify;\">A Pol\u00edcia Civil da regi\u00e3o de Dracena deflagrou nesta semana a opera\u00e7\u00e3o \u201cSATURNO\u201d objetivando o cumprimento de mandados de pris\u00e3o, busca e apreens\u00e3o, bem como policiamento preventivo especializado.<br \/>\nForam cumpridos no per\u00edodo da opera\u00e7\u00e3o 02 mandados de pris\u00e3o, tratando-se de 01 convers\u00e3o de pris\u00e3o em flagrante em pris\u00e3o preventiva pela DPM de Junqueir\u00f3polis, mediante representa\u00e7\u00e3o de autoridade policial em investiga\u00e7\u00e3o deflagrada por autos de pris\u00e3o em flagrante por tr\u00e1fico de drogas (artigo 33, &#8220;caput&#8221;, da Lei 11.343\/2006), bem como 01 pris\u00e3o deferida em autos de uma investiga\u00e7\u00e3o j\u00e1 encerrada, pris\u00e3o esta cumprida pela DPM de Ouro Verde (mandado expedido pela 1\u00aa Vara da Comarca de Dracena, com regime aberto).<br \/>\nOs presos s\u00e3o do sexo masculino, sendo o preso preventivamente encaminhado para o CDP I de Pacaembu\/SP e o capturado (regime aberto) encaminhado ao Foro da Comarca de Dracena\/SP para passar por Audi\u00eancia Admonit\u00f3ria.<\/p>\n<p style=\"text-align: justify;\">Os policiais ainda cumpriram 05 mandados de buscas, sendo 03 na cidade de Pacaembu (investiga\u00e7\u00e3o oriunda da DPM de Ouro Verde, visando esclarecimento sobre coautoria de crime de roubo ocorrido em Ouro Verde) e 02 na cidade de Junqueir\u00f3polis, visando o combate ao tr\u00e1fico de entorpecentes.<\/p>\n<p style=\"text-align: justify;\">As buscas tiveram o apoio do Grupo de Opera\u00e7\u00f5es Especiais de Dracena e de policiais civis da Delegacia de Pacaembu.<\/p>\n<p style=\"text-align: justify;\">Ainda foram promovidas a\u00e7\u00f5es relacionadas ao policiamento preventivo especializado objetivando identificar e abordar pessoas suspeitas e coibir pr\u00e1ticas il\u00edcitas, bem como realizaram a fiscaliza\u00e7\u00f5es em estabelecimentos previamente identificados como locais destinados \u00e0 comercializa\u00e7\u00e3o de produtos de origem duvidosa.<\/p>\n<p style=\"text-align: justify;\">A popula\u00e7\u00e3o poder\u00e1 ajudar os trabalhos da Pol\u00edcia Civil neste e tamb\u00e9m em outros casos realizando den\u00fancias nos telefones do disque den\u00fancia, a saber, 197 e 181, lembrando que n\u00e3o \u00e9 necess\u00e1rio se identificar.<\/p>\n<p style=\"text-align: justify;\">Fonte: Com. Social Pol\u00edcia Civil<\/p>\n","protected":false},"excerpt":{"rendered":"<p>POL\u00cdCIA CIVIL DE DRACENA REALIZA OPERA\u00c7\u00c3O SATURNO A Pol\u00edcia Civil da regi\u00e3o de Dracena deflagrou nesta semana a opera\u00e7\u00e3o \u201cSATURNO\u201d objetivando o cumprimento de mandados de pris\u00e3o, busca e apreens\u00e3o, bem como policiamento preventivo especializado. Foram cumpridos no per\u00edodo da opera\u00e7\u00e3o 02 mandados de pris\u00e3o, tratando-se de 01 convers\u00e3o de pris\u00e3o em flagrante em pris\u00e3o [&hellip;]<\/p>\n","protected":false},"author":1,"featured_media":16540,"comment_status":"closed","ping_status":"open","sticky":false,"template":"","format":"standard","meta":{"footnotes":""},"categories":[110,2],"tags":[],"class_list":["post-16539","post","type-post","status-publish","format-standard","has-post-thumbnail","hentry","category-noticiasdestaque","category-policial"],"_links":{"self":[{"href":"https:\/\/jorgezanoni.com.br\/2019\/wp-json\/wp\/v2\/posts\/16539","targetHints":{"allow":["GET"]}}],"collection":[{"href":"https:\/\/jorgezanoni.com.br\/2019\/wp-json\/wp\/v2\/posts"}],"about":[{"href":"https:\/\/jorgezanoni.com.br\/2019\/wp-json\/wp\/v2\/types\/post"}],"author":[{"embeddable":true,"href":"https:\/\/jorgezanoni.com.br\/2019\/wp-json\/wp\/v2\/users\/1"}],"replies":[{"embeddable":true,"href":"https:\/\/jorgezanoni.com.br\/2019\/wp-json\/wp\/v2\/comments?post=16539"}],"version-history":[{"count":0,"href":"https:\/\/jorgezanoni.com.br\/2019\/wp-json\/wp\/v2\/posts\/16539\/revisions"}],"wp:featuredmedia":[{"embeddable":true,"href":"https:\/\/jorgezanoni.com.br\/2019\/wp-json\/wp\/v2\/media\/16540"}],"wp:attachment":[{"href":"https:\/\/jorgezanoni.com.br\/2019\/wp-json\/wp\/v2\/media?parent=16539"}],"wp:term":[{"taxonomy":"category","embeddable":true,"href":"https:\/\/jorgezanoni.com.br\/2019\/wp-json\/wp\/v2\/categories?post=16539"},{"taxonomy":"post_tag","embeddable":true,"href":"https:\/\/jorgezanoni.com.br\/2019\/wp-json\/wp\/v2\/tags?post=16539"}],"curies":[{"name":"wp","href":"https:\/\/api.w.org\/{rel}","templated":true}]}}