{"id":16534,"date":"2020-01-16T21:04:41","date_gmt":"2020-01-16T21:04:41","guid":{"rendered":"https:\/\/jorgezanoni.com.br\/2019\/?p=16534"},"modified":"2020-01-16T21:40:14","modified_gmt":"2020-01-16T21:40:14","slug":"jovem-de-dracena-da-depoimento-sobre-o-narguile-apos-ficar-19-dias-em-coma","status":"publish","type":"post","link":"https:\/\/jorgezanoni.com.br\/2019\/jovem-de-dracena-da-depoimento-sobre-o-narguile-apos-ficar-19-dias-em-coma\/","title":{"rendered":"Jovem de Dracena d\u00e1 depoimento sobre o Narguil\u00e9 ap\u00f3s ficar 19 dias na UTI em Coma"},"content":{"rendered":"<p style=\"text-align: justify;\">Oii pessoal!!<br \/>\nDecidi contar minha hist\u00f3ria para voces, pois talvez sirva como alerta e ajude a evitar que mais pessoas passem pelo que eu estou passando&#8230;.POR FAVOR PAREM DE FUMAR NARGUIL\u00c9!<br \/>\nMeu nome \u00e9 Ta\u00edsa, tenho 23 anos e moro em Dracena SP, nesse exato momento estou a mais de 20 dias internada me recuperando aos danos que o NARGUIL\u00c9 causou no meu corpo recentemente. H\u00e1 um tempo vinha sentindo fortes dores nas costas e sempre que ia ao pronto socorro da minha cidade os m\u00e9dicos diziam que era problema na coluna, por\u00e9m no dia 25 de dezembro fui as pressas para a Santa Casa passando muito mal, me medicaram e voltei para minha casa, mas no dia 26 retornei novamente praticamente desmaiada de tanta dor, me internaram diretamente na UTI.<br \/>\nResumindo um pouco de tudo que aconteceu, os m\u00e9dicos n\u00e3o entendiam de onde vinha essa dor e como eu s\u00f3 piorava eles me entubaram e me colocaram em coma induzido, fiquei 19 dias em coma, durante esse tempo meus familiares me disseram que fui diagn\u00f3sticada com pneumonia e infec\u00e7\u00e3o nos \u00f3rg\u00e3os como, f\u00edgado, rins, basso e na urina, enfim estava com uma infe\u00e7\u00e3o chamada SEPTICEMIA causada pelo USO DO NARGUIL\u00c9!<br \/>\nDurante o tempo que fiquei em coma foram drenados litros de l\u00edquido dos meus \u00f3rg\u00e3os infectados, os m\u00e9dicos achavam que eu n\u00e3o sobreviveria, pois n\u00e3o respirava mais sozinha, somente com as m\u00e1quinas, mas gra\u00e7as a Deus eu sobrevivi por um milagre\u00a0<span class=\"_5mfr\"><span class=\"_6qdm\">\ud83d\ude4f<\/span><\/span><br \/>\nNesse momento estou h\u00e1 4 dias fora da UTI, tentando voltar aos poucos, ainda n\u00e3o consigo andar porque fiquei muito tempo deitada, tenho dores muito fortes, febre entre outros sintomas. Mas o que me importa \u00e9 que estou viva! Sei que minha vida a partir de agora ser\u00e1 completamente diferente por conta disso.<br \/>\nN\u00e3o foi f\u00e1cil para mim, minha fam\u00edlia e amigos presenciar tudo isso, mas eles foram e s\u00e3o essenciais pra eu ainda estar aqui\u00a0<span class=\"_5mfr\"><span class=\"_6qdm\">\u2764\ufe0f<\/span><\/span><br \/>\nFica meu alerta a todos que usam NARGUIL\u00c9, a gente nunca acha que vai acontecer com n\u00f3s, mas sou a prova que isso n\u00e3o \u00e9 mito, s\u00f3 PAREM POR FAVOR, n\u00e3o desejo o que estou passando h\u00e1 ningu\u00e9m!<br \/>\nMuito obrigada h\u00e1 todos que vem me ajudando de certa forma durante esse tempo, que Deus aben\u00e7oe voc\u00eas\u00a0<span class=\"_5mfr\"><span class=\"_6qdm\">\ud83d\ude4c<\/span><\/span><span class=\"_5mfr\"><span class=\"_6qdm\">\u2764\ufe0f<\/span><\/span>\u00a0CONTINUEM ORANDO POR MIM PFVR\u00a0<span class=\"_5mfr\"><span class=\"_6qdm\">\ud83d\ude4f<\/span><\/span><span class=\"_5mfr\"><span class=\"_6qdm\">\u2764\ufe0f<\/span><\/span><br \/>\nCOMPARTILHEM se puderem para que possa alcan\u00e7ar mais jovens que fazem o uso do NARGUIL\u00c9.<\/p>\n<p><img loading=\"lazy\" decoding=\"async\" class=\"alignnone size-full wp-image-16535\" src=\"https:\/\/jorgezanoni.com.br\/2019\/wp-content\/uploads\/2020\/01\/Taise.jpg\" alt=\"\" width=\"960\" height=\"960\" srcset=\"https:\/\/jorgezanoni.com.br\/2019\/wp-content\/uploads\/2020\/01\/Taise.jpg 960w, https:\/\/jorgezanoni.com.br\/2019\/wp-content\/uploads\/2020\/01\/Taise-150x150.jpg 150w, https:\/\/jorgezanoni.com.br\/2019\/wp-content\/uploads\/2020\/01\/Taise-300x300.jpg 300w, https:\/\/jorgezanoni.com.br\/2019\/wp-content\/uploads\/2020\/01\/Taise-768x768.jpg 768w, https:\/\/jorgezanoni.com.br\/2019\/wp-content\/uploads\/2020\/01\/Taise-696x696.jpg 696w, https:\/\/jorgezanoni.com.br\/2019\/wp-content\/uploads\/2020\/01\/Taise-420x420.jpg 420w\" sizes=\"auto, (max-width: 960px) 100vw, 960px\" \/><\/p>\n<h1 class=\"titulo-definicao\" style=\"text-align: justify;\"><strong>Riscos do uso de narguil\u00e9<\/strong><\/h1>\n<p style=\"text-align: justify;\"><strong>Os riscos do uso de narguil\u00e9 s\u00e3o grandes, pois ele pode ocasionar problemas cardiovasculares e respirat\u00f3rios e a contamina\u00e7\u00e3o por agentes como o v\u00edrus causador da herpes.<\/strong><\/p>\n<p style=\"text-align: justify;\">O\u00a0<a href=\"https:\/\/brasilescola.uol.com.br\/drogas\/cachimbos-daguaou-narguiles.htm\">narguil\u00e9<\/a>\u00a0definitivamente est\u00e1 na moda e caiu no gosto do brasileiro. Tamb\u00e9m conhecido como cachimbo d&#8217;\u00e1gua, o narguil\u00e9 teve sua origem na \u00cdndia e atualmente \u00e9 usado por mais de 100 milh\u00f5es de pessoas em todo o planeta. Segundo o Instituto Brasileiro de Geografia e Estat\u00edstica (IBGE), somente em nosso pa\u00eds, pelo menos\u00a0<strong>212 mil pessoas fumam narguil\u00e9.<\/strong><\/p>\n<h2 style=\"text-align: justify;\">\u2192\u00a0<strong>Como funciona o narguil\u00e9?<\/strong><\/h2>\n<p style=\"text-align: justify;\">O narguil\u00e9 possui um reservat\u00f3rio central que se assemelha a um vaso, onde se deposita \u00e1gua pura ou associada a outro l\u00edquido. Ligado a esse reservat\u00f3rio est\u00e1 o fornilho, local onde se coloca o tabaco. Acima do tabaco \u00e9 colocada uma tela que sustentar\u00e1 um carv\u00e3o em brasa que ser\u00e1 usado para acender o cachimbo. Na por\u00e7\u00e3o superior do narguil\u00e9, h\u00e1 uma mangueira, por onde se aspira a fuma\u00e7a. Na por\u00e7\u00e3o final dessa mangueira, h\u00e1 uma piteira.<\/p>\n<p style=\"text-align: justify;\">O mecanismo de funcionamento do narguil\u00e9 \u00e9 bastante simples. Inicialmente, o carv\u00e3o em brasa esquenta o tabaco, produzindo uma fuma\u00e7a. Essa fuma\u00e7a segue em dire\u00e7\u00e3o \u00e0 base, onde ser\u00e1 resfriada pela \u00e1gua. A fuma\u00e7a resfriada segue ent\u00e3o para a mangueira at\u00e9 chegar \u00e0 boca do usu\u00e1rio.<\/p>\n<h2 style=\"text-align: justify;\">\u2192\u00a0<strong>Quais s\u00e3o os efeitos nocivos do narguil\u00e9?<\/strong><\/h2>\n<div class=\"player_dynad_tv\" style=\"text-align: justify;\"><\/div>\n<p style=\"text-align: justify;\">Apesar do que muitas pessoas pensam, os danos decorrentes do uso do narguil\u00e9 s\u00e3o grandes e n\u00e3o s\u00e3o menos perigosos que os danos resultantes do uso do\u00a0<a href=\"https:\/\/brasilescola.uol.com.br\/drogas\/cigarro.htm\">cigarro<\/a>. Isso significa que pessoas que fazem uso desse famoso cachimbo podem desenvolver doen\u00e7as cardiovasculares e respirat\u00f3rias, depend\u00eancia, impot\u00eancia e o desenvolvimento de c\u00e2nceres, como o de pulm\u00e3o e boca.<\/p>\n<p style=\"text-align: justify;\">Um estudo publicado na\u00a0<em><strong>Public Health Reports<\/strong><\/em>\u00a0em 2016, intitulado\u00a0<em>\u201cSystematic Review and Meta-Analysis of Inhaled Toxicants from Waterpipe and Cigarette Smoking\u201d,\u00a0<\/em>comprovou que o uso do narguil\u00e9 exp\u00f5e uma pessoa a n\u00edveis muito maiores de subst\u00e2ncias t\u00f3xicas que o cigarro. De acordo com o estudo, uma sess\u00e3o de narguil\u00e9 exp\u00f5e uma pessoa cerca de 2,5 mais vezes \u00e0 nicotina do que o cigarro.<\/p>\n<p style=\"text-align: justify;\">Fato \u00e9 que pessoas que fazem uso do narguil\u00e9 utilizam o cachimbo com frequ\u00eancia relativamente menor do que os fumantes usam o cigarro. Entretanto, em uma sess\u00e3o, que pode durar at\u00e9 uma hora, uma pessoa inala a fuma\u00e7a correspondente a aproximadamente 100 cigarros, segundo a Organiza\u00e7\u00e3o Mundial de Sa\u00fade (OMS).<\/p>\n<p style=\"text-align: justify;\">Vale frisar ainda que o carv\u00e3o utilizado para acender o narguil\u00e9 tamb\u00e9m origina fuma\u00e7a, aumentando a quantidade de subst\u00e2ncias t\u00f3xicas \u00e0s quais uma pessoa \u00e9 exposta. Al\u00e9m disso, muitos m\u00e9dicos alertam para outros problemas decorrentes do uso do narguil\u00e9. Como normalmente a piteira \u00e9 compartilhada com v\u00e1rias pessoas, \u00e9 aumentado o risco de contrair doen\u00e7as contagiosas, como a herpes e a tuberculose.<\/p>\n<p>Por Ma. Vanessa dos Santos<\/p>\n<p style=\"text-align: justify;\">Fonte: https:\/\/brasilescola.uol.com.br\/saude-na-escola\/riscos-uso-narguile.htm<\/p>\n<p style=\"text-align: justify;\">Autorizado a divulga\u00e7\u00e3o por Taisa Cristiane, c\u00f3p\u00eda fiel do https:\/\/www.facebook.com\/taisa.cristiane<\/p>\n<p>Jorge Zanoni<\/p>\n","protected":false},"excerpt":{"rendered":"<p>Oii pessoal!! Decidi contar minha hist\u00f3ria para voces, pois talvez sirva como alerta e ajude a evitar que mais pessoas passem pelo que eu estou passando&#8230;.POR FAVOR PAREM DE FUMAR NARGUIL\u00c9! Meu nome \u00e9 Ta\u00edsa, tenho 23 anos e moro em Dracena SP, nesse exato momento estou a mais de 20 dias internada me recuperando [&hellip;]<\/p>\n","protected":false},"author":1,"featured_media":16536,"comment_status":"closed","ping_status":"open","sticky":false,"template":"","format":"standard","meta":{"footnotes":""},"categories":[110,122],"tags":[],"class_list":["post-16534","post","type-post","status-publish","format-standard","has-post-thumbnail","hentry","category-noticiasdestaque","category-saudeeducacaoeconcurso"],"_links":{"self":[{"href":"https:\/\/jorgezanoni.com.br\/2019\/wp-json\/wp\/v2\/posts\/16534","targetHints":{"allow":["GET"]}}],"collection":[{"href":"https:\/\/jorgezanoni.com.br\/2019\/wp-json\/wp\/v2\/posts"}],"about":[{"href":"https:\/\/jorgezanoni.com.br\/2019\/wp-json\/wp\/v2\/types\/post"}],"author":[{"embeddable":true,"href":"https:\/\/jorgezanoni.com.br\/2019\/wp-json\/wp\/v2\/users\/1"}],"replies":[{"embeddable":true,"href":"https:\/\/jorgezanoni.com.br\/2019\/wp-json\/wp\/v2\/comments?post=16534"}],"version-history":[{"count":0,"href":"https:\/\/jorgezanoni.com.br\/2019\/wp-json\/wp\/v2\/posts\/16534\/revisions"}],"wp:featuredmedia":[{"embeddable":true,"href":"https:\/\/jorgezanoni.com.br\/2019\/wp-json\/wp\/v2\/media\/16536"}],"wp:attachment":[{"href":"https:\/\/jorgezanoni.com.br\/2019\/wp-json\/wp\/v2\/media?parent=16534"}],"wp:term":[{"taxonomy":"category","embeddable":true,"href":"https:\/\/jorgezanoni.com.br\/2019\/wp-json\/wp\/v2\/categories?post=16534"},{"taxonomy":"post_tag","embeddable":true,"href":"https:\/\/jorgezanoni.com.br\/2019\/wp-json\/wp\/v2\/tags?post=16534"}],"curies":[{"name":"wp","href":"https:\/\/api.w.org\/{rel}","templated":true}]}}