{"id":16514,"date":"2020-01-16T16:33:51","date_gmt":"2020-01-16T16:33:51","guid":{"rendered":"https:\/\/jorgezanoni.com.br\/2019\/?p=16514"},"modified":"2020-01-16T16:33:51","modified_gmt":"2020-01-16T16:33:51","slug":"casal-de-ouro-verde-pede-colaboracao-para-que-alguem-arrume-um-medico-para-cuidar-de-doenca-rara-do-filho-recem-nascido","status":"publish","type":"post","link":"https:\/\/jorgezanoni.com.br\/2019\/casal-de-ouro-verde-pede-colaboracao-para-que-alguem-arrume-um-medico-para-cuidar-de-doenca-rara-do-filho-recem-nascido\/","title":{"rendered":"Casal de Ouro Verde pede colabora\u00e7\u00e3o para que algu\u00e9m arrume um m\u00e9dico para cuidar de doen\u00e7a rara do filho rec\u00e9m nascido"},"content":{"rendered":"<p style=\"text-align: left;\"><strong>HIST\u00d3RIA DE SA\u00daDE DE FRANCISCO SILVA DE CARVALHO e ANG\u00c9LICA DOS SANTOS SILVA \u2013 HR \u2013 PRESIDENTE PRUDENTE<\/strong><\/p>\n<p style=\"text-align: justify;\"># ABRE OS OLHOS FRANCISCO<\/p>\n<p><img loading=\"lazy\" decoding=\"async\" class=\"alignnone size-full wp-image-16515\" src=\"https:\/\/jorgezanoni.com.br\/2019\/wp-content\/uploads\/2020\/01\/bb.jpg\" alt=\"\" width=\"1280\" height=\"960\" srcset=\"https:\/\/jorgezanoni.com.br\/2019\/wp-content\/uploads\/2020\/01\/bb.jpg 1280w, https:\/\/jorgezanoni.com.br\/2019\/wp-content\/uploads\/2020\/01\/bb-300x225.jpg 300w, https:\/\/jorgezanoni.com.br\/2019\/wp-content\/uploads\/2020\/01\/bb-768x576.jpg 768w, https:\/\/jorgezanoni.com.br\/2019\/wp-content\/uploads\/2020\/01\/bb-1024x768.jpg 1024w, https:\/\/jorgezanoni.com.br\/2019\/wp-content\/uploads\/2020\/01\/bb-80x60.jpg 80w, https:\/\/jorgezanoni.com.br\/2019\/wp-content\/uploads\/2020\/01\/bb-265x198.jpg 265w, https:\/\/jorgezanoni.com.br\/2019\/wp-content\/uploads\/2020\/01\/bb-696x522.jpg 696w, https:\/\/jorgezanoni.com.br\/2019\/wp-content\/uploads\/2020\/01\/bb-1068x801.jpg 1068w, https:\/\/jorgezanoni.com.br\/2019\/wp-content\/uploads\/2020\/01\/bb-560x420.jpg 560w\" sizes=\"auto, (max-width: 1280px) 100vw, 1280px\" \/><\/p>\n<p style=\"text-align: justify;\">VENHO PEDIR A TODOS, UM FORTE E INTENSO CLAMOR A DEUS, EM FAVOR DO GUERREIRO FRANCISCO, QUE DESDE O SEU NASCIMENTO( 19\/10\/2019), N\u00c3O ABRIU OS SEUS LINDOS OLHOS AZUIS.<br \/>\nOS SEUS PAIS, ANG\u00c9LICA E LEANDRO, DE OURO VERDE E TODA FAM\u00cdLIA, CONTAM COM A ORA\u00c7\u00c3O DE TODOS.<br \/>\nSE ESSA PUBLICA\u00c7\u00c3O CHEGAR AT\u00c9 VOC\u00ca E SE TIVER F\u00c9 EM DEUS, POR FAVOR, FA\u00c7A UMA ORA\u00c7\u00c3O POR ELE E SE AS SUAS CONDI\u00c7\u00d5ES F\u00cdSICAS PERMITIREM, DOBRE OS SEUS JOELHOS, ELEVE SEUS PENSAMENTOS AO PAI E IMPLORE AO SENHOR, QUE LEVANTE UM M\u00c9DICO ESPECIALISTA E UM HOSPITAL DE REFER\u00caNCIA PARA CUIDAR DO NOSSO GAROTO.<\/p>\n<p style=\"text-align: justify;\"># ABRE OS OLHOS FRANCISCO<\/p>\n<p style=\"text-align: justify;\">DEUS \u00c9 FIEL EM SEU AGIR<br \/>\nDEUS DE MILAGRE<\/p>\n<p style=\"text-align: justify;\">RELATO DA M\u00c3E<\/p>\n<p style=\"text-align: justify;\">Nosso maior sonho n\u00e3o era ter uma casa pr\u00f3pria e carro, claro que a gente sonha com isso, mais isso seria consequ\u00eancia com o tempo do nosso trabalho, nosso maior sonho mesmo era ter um filho (a).<br \/>\nVai fazer 4 anos que estamos casados perante a Deus, e 9 anos juntos, ent\u00e3o resolvemos come\u00e7ar a tentar realizar esse sonho, comecei o acompanhamento com a ginecologista e descobri que eu tinha um mioma muito grande dentro do \u00fatero e que isso poderia atrapalhar a concep\u00e7\u00e3o, foi um baque, mais nunca desistimos.<br \/>\nNo ano de 2018 veio e t\u00e3o sonhado positivo, que alegria, que festa pra n\u00f3s e pra toda fam\u00edlia e amigos, infelizmente 2 dias depois de descobrir a gravidez tive um aborto espont\u00e2neo e nosso sonho foi literalmente ralo abaixo.<br \/>\nSofremos, choramos muito, mais entregamos nas m\u00e3os de Deus. Na \u00e9poca estava desempregada, passamos um perrengue , 2 meses depois consegui voltar pro meu antigo emprego, e mais uma vez Deus agiu na nossa vida me dando essa oportunidade.<br \/>\nNo ano de 2019, final de fevereiro precisamente minha v\u00f3 dona Adelzita que sofria de c\u00e2ncer de mama e met\u00e1stase nos ossos fez uma novena a Santa Rita pedindo a ela que intercedesse por mim e me ajudasse a realizar nosso sonho de ser pais, minha av\u00f3 de uma f\u00e9 inabal\u00e1vel, forte, guerreira, nosso alicerce, que j\u00e1 n\u00e3o andava mais, que precisava da ajuda de todos, pq o c\u00e2ncer tomou conta do corpo dela, ficou de cama, e com uma semana dia 10\/03\/2019 ela partiu dessa vida para uma bem melhor, aonde n\u00e3o existe dor e nem sofrimento, mais me deixou um presente muito especial, sua ora\u00e7\u00e3o foi atendida e no dia 08\/04 descobri que estava gr\u00e1vida, meu Deus n\u00e3o consigo descrever tamanha felicidade, por\u00e9m 3 dias depois tive um pequeno sangramento ,corri pro postinho e minha press\u00e3o estava alta, no mesmo dia consegui marcar consulta com a ginecologista que eu me tratava, e ela me deixou de repouso e foi assim a gravidez toda , repouso absoluto, pois tinha o mioma grande, press\u00e3o alta e no fim da gravidez diabetes gestacional que foi controlada pela alimenta\u00e7\u00e3o.<br \/>\nMeu parto estava previsto pro dia 14\/12 .Em junho dia 11 fizemos o ch\u00e1 revela\u00e7\u00e3o e que alegria em descobrir que eu teria um garot\u00e3o, Francisco o nome dele, nome ali\u00e1s escolhido pela minha amada v\u00f3 antes de falecer, foi uma emo\u00e7\u00e3o muito grande, um chororo danado rsrsrs e a\u00ed j\u00e1 come\u00e7amos a montar o quartinho do nosso pequeno Francisco, tudo em nuvens , pq nuvens lembra arco \u00edris e ele \u00e9 o nosso pequeno BB arco \u00edris, ele \u00e9 nossa luz.<br \/>\nNo dia 15 de outubro (ter\u00e7a feira) estava nos preparativos do ch\u00e1 de BB fazendo as lembrancinhas, fui fazer o caf\u00e9 da tarde conforme a nutricionista tinha me passado, quando bateu no est\u00f4mago me senti mal, come\u00e7ou a doer e eu comecei a vomitar.<br \/>\nPassei o resto da tarde assim, pensei que fosse normal, achei que o BB n\u00e3o estava aceitando toda essa comida fitnes rsrsrs. A noite ainda n\u00e3o tinha passado e eu mal sabia que come\u00e7aria todo meu tormento, meus pais me levaram pra Santa Casa de Dracena e chegando l\u00e1 o m\u00e9dico nem se levantou pra me examinar e s\u00f3 me receitou um Dramim e me mandou embora.<br \/>\nQuarta de manh\u00e3 passei no consult\u00f3rio da G.O e ela me internou, ela achava que eu tava sentindo a dor na barriga toda porque o BB estava sem espa\u00e7o e que nessa fase ele cresceria bastante e o mioma poderia estar comprimindo ele.<br \/>\nNa quinta de manh\u00e3 tive alta ainda sentindo dor, e no caminho fui reclamando que tava doendo muito, j\u00e1 em casa mal consegui descer do carro, fui direto pra cama e do jeito que eu deitei j\u00e1 n\u00e3o conseguia me mexer porque a dor estava demais, n\u00e3o conseguia comer, tudo o que comia vomitava, s\u00f3 estava a base de \u00e1gua e at\u00e9 fralda tive que usar pois n\u00e3o conseguia me levantar e andar.<br \/>\nNo mesmo dia a noite meu marido e minha m\u00e3e estava falando com a G.O e ela pediu pra eu voltar pra Santa Casa pois ela iria conversar com o m\u00e9dico de plant\u00e3o e explicar o meu caso, mais eu fiquei resistente, me lembrava da dor que eu senti vindo de Dracena a Ouro Verde e eu n\u00e3o queria sentir aquilo de novo.<br \/>\nDe tanto insistirem eu me rendi e l\u00e1 vai eu pra Dracena novamente, s\u00f3 que dessa vez de ambul\u00e2ncia, suava e gritava de tanta dor que senti, chegamos na Santa Casa o m\u00e9dico logo me atendeu e j\u00e1 come\u00e7ou a entrar com medicamentos e me disseram que eu teria que ser encaminhada para Presidente Prudente, porque estava ficando acian\u00f3tica ( acho que \u00e9 assim que se fala) e somente em PP que tem UTI Neonatal se precisasse.<br \/>\nAssim foi feito , vim de UTI m\u00f3vel na quinta de madrugada, novamente gritando de dor, suando muito, a enfermeira dizia que eu n\u00e3o estava tendo contra\u00e7\u00e3o, mais a dor se tornou insuport\u00e1vel ainda mais nessas pistas cheias de buraco. Chegamos na emerg\u00eancia do HR e me internaram, passei a sexta feira o dia todo fazendo exames,de sangue, ultrasom abdominal, ultrasom endovaginal, cardio toco. No final do dia a m\u00e9dica residente e o Obst\u00e9tra vieram falar comigo e com minha m\u00e3e e disseram que como eu estava de 33 semanas, o pulm\u00e3o do BB ainda n\u00e3o tinha amadurecido totalmente e que achava melhor aguardar at\u00e9 a quarta feira da semana seguinte para poder retirar o BB, e enquanto isso eu tomaria 2 inje\u00e7\u00f5es para ajudar a amadurecer o pulm\u00e3o dele, pois na ultrasom abdominal aparecia que eu estava com meu intestino obstru\u00eddo e com pedra na ves\u00edcula e que poderia ser isso o motivo da dor.<br \/>\nEnt\u00e3o ficou combinado isso e eu dizia que n\u00e3o estava sentindo o BB mexer , s\u00f3 que faziam cardio toco e o batimentos dele estava l\u00e1.<br \/>\nNo mesmo dia na troca de plant\u00e3o entrou um m\u00e9dico Obst\u00e9tra de mais idade e perguntou o que estava acontecendo, o porqu\u00ea de estar com o est\u00f4mago t\u00e3o alto e vermelho, na mesma hora ele mandou me passar uma sonda pelo nariz e na bexiga, a do nariz em menos de 2 min saiu 600 ml de sujeira que parecia lodo,ele pediu pra minha m\u00e3e juntar as nossas coisas e ir pra emerg\u00eancia e de l\u00e1 direto pra sala de cirurgia, e eu a todo momento pedindo pra chamar meu marido, pra assistir nosso menino nascer j\u00e1 que eu n\u00e3o veria porque iam me dar anestesia geral, s\u00f3 que infelizmente j\u00e1 era tarde e eles precisariam me operar o mais r\u00e1pido poss\u00edvel.<br \/>\nFizeram uma laparotomia explorat\u00f3ria, aonde constataram que n\u00e3o era meu intestino que estava obstru\u00eddo e nem a pedra na vis\u00edcula que estava me causando tamanha dor e sim a ap\u00eandice que estourou e inflamou tudo por dentro, eu tive Ap\u00eandicite aguda grau 4, sai da cirurgia direto pra UTI e o Francisco direto pra UTI Neonatal, ele nasceu com dificuldade para respirar pois o pulm\u00e3o n\u00e3o estava pronto, e acabou sendo entubado.<br \/>\nDurante esse per\u00edodo que fiquei na UTI eu n\u00e3o conhecia ele nem por foto, pois \u00e9 proibido tirar foto na UTI, fiquei esses dias todos angustiada, sofri muito, tanto fisicamente quanto psicologicamente, at\u00e9 que na segunda feira me liberaram pra ir v\u00ea-lo na Neo.<br \/>\nCheguei l\u00e1 e ele estava entubado, tomando banho de luz, com o olhinho tampado com uma m\u00e1scara, comecei a falar com ele e ele come\u00e7ou a se mexer todo, ele conhecia a minha voz e quanta emo\u00e7\u00e3o eu senti, e que nen\u00e9m mais lindo ele era.<br \/>\nNa ter\u00e7a feira tive alta da UTI e fui para o quarto, s\u00f3 que para ir v\u00ea-lo eu teria que esperar o resultado do exame de infec\u00e7\u00e3o que saia em at\u00e9 24 horas.<br \/>\nPassou o tempo, muito mais que 24 horas e ainda n\u00e3o tinha sa\u00eddo esse resultado e meu esposo foi ver ele durante o dia e voltava com uma cara de desanimado e triste e eu senti que algo estava errado com o Francisco e disse isso para ele e pra minha m\u00e3e.<br \/>\nNa ter\u00e7a a tarde me liberaram pra ver ele, depois de um pequeno surto que eu tive, quando cheguei na incubadora meu t\u00e3o amado filho j\u00e1 estava em coma, ele sofreu uma parada cardiorrespirat\u00f3ria seguida de convuls\u00e3o, aonde gerou um sangramento grande na cabe\u00e7a.<br \/>\nA UTI \u00e9 um exerc\u00edcio de F\u00e9, pois vc exercita ela todos os dias a todo minuto, l\u00e1 \u00e9 uma montanha russa, tinha dia que chegava l\u00e1 estava tudo bem, j\u00e1 no outro j\u00e1 n\u00e3o estava e assim foi, um passo pra frente e 3 pra tr\u00e1s eles tentaram desentubar ele 2x antes dele entrar em coma, mais ele n\u00e3o aguentou e entubaram ele de novo.<br \/>\nEle parecia um boneco de pano, n\u00e3o tinha movimento nenhum, fazia xixi s\u00f3 pela sonda, at\u00e9 que minha m\u00e3e pediu pra batizar ele e o padre do Hospital batizou somente com a \u00e1gua benta e o restante do batismo ser\u00e1 feito quando ele melhorar e for pra casa. Ele estava muito mal, achei que ia perd\u00ea-lo, depois do batismo ele come\u00e7ou a melhorar com o passar dos dias ele come\u00e7ou a ter alguns est\u00edmulos, come\u00e7ou mexendo os dedos das m\u00e3os, depois dos p\u00e9s , e depois a cabe\u00e7a , quando est\u00e1 de lado tira a perninha do lugar e volta, s\u00f3 que permanece com os olhos fechados.<br \/>\nTentaram tirar a sonda de xixi dele 2x, mais ele n\u00e3o conseguia fazer xixi sozinho. Chamaram o Urologista Pedi\u00e1trico e ele deu duas op\u00e7\u00f5es ou deixava a sonda que j\u00e1 estava e ia fechando a cada 4 horas ou tirava e passava uma sonda de al\u00edvio a cada 4 horas.<br \/>\nEles queriam tirar ele desse dispositivo invasivo. Pedi tanto a Deus que n\u00e3o deixasse meu amorzinho sofrer com isso, e fui atendida, no outro dia qual foi minha surpresa quando cheguei l\u00e1 e vi que ele estava fazendo xixi sozinho e bastante xixi.<br \/>\nEles diziam que talvez ele n\u00e3o fizesse xixi sozinho, pq uma parte do c\u00e9rebro dele que manda o corpo fazer xixi tinha sido danificada e Deus mostrou mais uma vez que a \u00faltima palavra sempre vem dele.<br \/>\nA equipe m\u00e9dica marcou uma reuni\u00e3o conosco para falar com a equipe da neuro pediatria pois nunca nos encontramos e o m\u00e9dico nos explicou tudo o que tinha acontecido com o c\u00e9rebro dele, que tinha sofrido muito com toda a infec\u00e7\u00e3o que estava dentro de mim e que o c\u00e9rebro \u00e9 a \u00fanica parte do nosso corpo que n\u00e3o se regenera e que pela experi\u00eancia dele o quadro do Francisco poderia evoluir para uma paralisia cerebral. Confesso que ficamos arrasados, mais confiante em Deus, pois isso n\u00e3o foi o que ele nos prometeu, e o Francisco \u00e9 promessa na nossa vida.<br \/>\nLogo tamb\u00e9m marcaram uma reuni\u00e3o com o m\u00e9dico de cuidados paliativos, aonde o mesmo nos explicou o que \u00e9 isso e como seria a conduta de cuidar dele do jeito que ele est\u00e1, sem acordar, ainda respirando com a ajuda da m\u00e1quina.<br \/>\nFoi mais um baque pra gente, pensamos que estavam desistindo do nosso menino, e realmente ainda pensamos isso.<br \/>\nFoi dito que precisavam fazer a Traqueostomia nele, pois ele estava a muito tempo com o tubo pela boca e poderia ter o risco de grudar na traqu\u00e9ia. E no dia 23\/12 a Traqueo foi feita, e percebemos que ele ficou realmente bom com ela.<br \/>\nA equipe da Neo s\u00e3o sensacionais, principalmente as auxiliares de enfermagem que cuidam deles com muito amor, como se fossem delas, e me ajudaram muito nas minhas crises de choro e de desespero. S\u00f3 tenho que agradecer a todas elas.<br \/>\nNo dia 30\/12 ele foi pra UTI Pedi\u00e1trica e no dia 02\/01 teve alta e foi encaminhado pra enfermaria da pediatria aonde permanece at\u00e9 hoje.<br \/>\nEu fiquei internada de novo, no mesmo dia que ele desceu pro quarto. Passei mal de tanta dor na p\u00e9lvis e ai descobriram que meu \u00fatero n\u00e3o contraiu e estava grande ainda e com co\u00e1gulos de sangue dentro dele.<br \/>\nAl\u00e9m de infec\u00e7\u00e3o de urina e anemia tive alta s\u00e1bado dia 11\/01 e todo esse tempo era minha m\u00e3e que estava cuidando do Francisco.<br \/>\nO Hospital deu entrada na programa\u00e7\u00e3o de alta dele, aonde solicita ao munic\u00edpio a m\u00e1quina de ventila\u00e7\u00e3o mec\u00e2nica e todos os materiais necess\u00e1rio para os cuidados dele em casa e querem mandar ele embora assim do jeito que est\u00e1, dormindo.<br \/>\nQuestionei muito a Deus sobre tudo isso, o pq isso aconteceu com a gente, no entanto, hoje eu s\u00f3 pe\u00e7o for\u00e7as a ele pra continuar na luta, e dar for\u00e7as ao nosso amado filho.<\/p>\n<p><img loading=\"lazy\" decoding=\"async\" class=\"alignnone size-full wp-image-16516\" src=\"https:\/\/jorgezanoni.com.br\/2019\/wp-content\/uploads\/2020\/01\/bb-1.jpg\" alt=\"\" width=\"1280\" height=\"960\" srcset=\"https:\/\/jorgezanoni.com.br\/2019\/wp-content\/uploads\/2020\/01\/bb-1.jpg 1280w, https:\/\/jorgezanoni.com.br\/2019\/wp-content\/uploads\/2020\/01\/bb-1-300x225.jpg 300w, https:\/\/jorgezanoni.com.br\/2019\/wp-content\/uploads\/2020\/01\/bb-1-768x576.jpg 768w, https:\/\/jorgezanoni.com.br\/2019\/wp-content\/uploads\/2020\/01\/bb-1-1024x768.jpg 1024w, https:\/\/jorgezanoni.com.br\/2019\/wp-content\/uploads\/2020\/01\/bb-1-80x60.jpg 80w, https:\/\/jorgezanoni.com.br\/2019\/wp-content\/uploads\/2020\/01\/bb-1-265x198.jpg 265w, https:\/\/jorgezanoni.com.br\/2019\/wp-content\/uploads\/2020\/01\/bb-1-696x522.jpg 696w, https:\/\/jorgezanoni.com.br\/2019\/wp-content\/uploads\/2020\/01\/bb-1-1068x801.jpg 1068w, https:\/\/jorgezanoni.com.br\/2019\/wp-content\/uploads\/2020\/01\/bb-1-560x420.jpg 560w\" sizes=\"auto, (max-width: 1280px) 100vw, 1280px\" \/><\/p>\n<p>Extra\u00eddo do Facebook dos pais: https:\/\/www.facebook.com\/claudete.marianovalerio\/posts\/2477441525856338<\/p>\n<p>Contatos podem ser feitos com os pais oi com a tia senhora Meire Galbiatti cel. 99722-3204.<\/p>\n","protected":false},"excerpt":{"rendered":"<p>HIST\u00d3RIA DE SA\u00daDE DE FRANCISCO SILVA DE CARVALHO e ANG\u00c9LICA DOS SANTOS SILVA \u2013 HR \u2013 PRESIDENTE PRUDENTE # ABRE OS OLHOS FRANCISCO VENHO PEDIR A TODOS, UM FORTE E INTENSO CLAMOR A DEUS, EM FAVOR DO GUERREIRO FRANCISCO, QUE DESDE O SEU NASCIMENTO( 19\/10\/2019), N\u00c3O ABRIU OS SEUS LINDOS OLHOS AZUIS. OS SEUS PAIS, [&hellip;]<\/p>\n","protected":false},"author":1,"featured_media":16517,"comment_status":"closed","ping_status":"open","sticky":false,"template":"","format":"standard","meta":{"footnotes":""},"categories":[110,122],"tags":[],"class_list":["post-16514","post","type-post","status-publish","format-standard","has-post-thumbnail","hentry","category-noticiasdestaque","category-saudeeducacaoeconcurso"],"_links":{"self":[{"href":"https:\/\/jorgezanoni.com.br\/2019\/wp-json\/wp\/v2\/posts\/16514","targetHints":{"allow":["GET"]}}],"collection":[{"href":"https:\/\/jorgezanoni.com.br\/2019\/wp-json\/wp\/v2\/posts"}],"about":[{"href":"https:\/\/jorgezanoni.com.br\/2019\/wp-json\/wp\/v2\/types\/post"}],"author":[{"embeddable":true,"href":"https:\/\/jorgezanoni.com.br\/2019\/wp-json\/wp\/v2\/users\/1"}],"replies":[{"embeddable":true,"href":"https:\/\/jorgezanoni.com.br\/2019\/wp-json\/wp\/v2\/comments?post=16514"}],"version-history":[{"count":0,"href":"https:\/\/jorgezanoni.com.br\/2019\/wp-json\/wp\/v2\/posts\/16514\/revisions"}],"wp:featuredmedia":[{"embeddable":true,"href":"https:\/\/jorgezanoni.com.br\/2019\/wp-json\/wp\/v2\/media\/16517"}],"wp:attachment":[{"href":"https:\/\/jorgezanoni.com.br\/2019\/wp-json\/wp\/v2\/media?parent=16514"}],"wp:term":[{"taxonomy":"category","embeddable":true,"href":"https:\/\/jorgezanoni.com.br\/2019\/wp-json\/wp\/v2\/categories?post=16514"},{"taxonomy":"post_tag","embeddable":true,"href":"https:\/\/jorgezanoni.com.br\/2019\/wp-json\/wp\/v2\/tags?post=16514"}],"curies":[{"name":"wp","href":"https:\/\/api.w.org\/{rel}","templated":true}]}}