{"id":16511,"date":"2020-01-16T16:09:51","date_gmt":"2020-01-16T16:09:51","guid":{"rendered":"https:\/\/jorgezanoni.com.br\/2019\/?p=16511"},"modified":"2020-01-16T16:09:51","modified_gmt":"2020-01-16T16:09:51","slug":"dengue-hemorragica-mata-venceslauense-de-48-anos","status":"publish","type":"post","link":"https:\/\/jorgezanoni.com.br\/2019\/dengue-hemorragica-mata-venceslauense-de-48-anos\/","title":{"rendered":"Dengue hemorr\u00e1gica mata venceslauense de 48 anos"},"content":{"rendered":"<p style=\"text-align: justify;\">O venceslauense Aylton Silveira Vieira, de 48 anos de idade, morreu nesta quinta-feira (16) v\u00edtima\u00a0de dengue hemorr\u00e1gica. Este \u00e9 o primeiro caso de \u00f3bito registrado na cidade neste ano.<\/p>\n<p style=\"text-align: justify;\">A dengue hemorr\u00e1gica foi apontada como causa da morte no atestado de \u00f3bito, mas o diagn\u00f3stico definitivo ainda n\u00e3o foi confirmado pelos \u00f3rg\u00e3os de controle.<\/p>\n<p style=\"text-align: justify;\">Ele estava internado desde a \u00faltima sexta-feira (10) na Santa Casa de Presidente Venceslau e a morte foi constatada \u00e0s 03h30 desta madrugada de quinta-feira.<\/p>\n<p>Aylton atuava como escritur\u00e1rio da Prefeitura de Presidente Venceslau. Tamb\u00e9m era professor particular de matem\u00e1tica, f\u00edsica e qu\u00edmica, Ele \u00e9 filho do casal Toninho e Zoraide Silveira Vieira.<\/p>\n<p style=\"text-align: justify;\"><strong>Vel\u00f3rio e sepultamento<\/strong><br \/>\nO corpo de Aylrton est\u00e1 sendo velado na Organiza\u00e7\u00e3o Presidente. O sepultamento est\u00e1 previsto para as 18 horas desta quinta-feira (16) no cemit\u00e9rio de Presidente Venceslau.<\/p>\n<p style=\"text-align: justify;\">Fonte: Portal Bueno<\/p>\n","protected":false},"excerpt":{"rendered":"<p>O venceslauense Aylton Silveira Vieira, de 48 anos de idade, morreu nesta quinta-feira (16) v\u00edtima\u00a0de dengue hemorr\u00e1gica. Este \u00e9 o primeiro caso de \u00f3bito registrado na cidade neste ano. A dengue hemorr\u00e1gica foi apontada como causa da morte no atestado de \u00f3bito, mas o diagn\u00f3stico definitivo ainda n\u00e3o foi confirmado pelos \u00f3rg\u00e3os de controle. Ele [&hellip;]<\/p>\n","protected":false},"author":1,"featured_media":16512,"comment_status":"closed","ping_status":"open","sticky":false,"template":"","format":"standard","meta":{"footnotes":""},"categories":[178,110],"tags":[],"class_list":["post-16511","post","type-post","status-publish","format-standard","has-post-thumbnail","hentry","category-notadefalecimento","category-noticiasdestaque"],"_links":{"self":[{"href":"https:\/\/jorgezanoni.com.br\/2019\/wp-json\/wp\/v2\/posts\/16511","targetHints":{"allow":["GET"]}}],"collection":[{"href":"https:\/\/jorgezanoni.com.br\/2019\/wp-json\/wp\/v2\/posts"}],"about":[{"href":"https:\/\/jorgezanoni.com.br\/2019\/wp-json\/wp\/v2\/types\/post"}],"author":[{"embeddable":true,"href":"https:\/\/jorgezanoni.com.br\/2019\/wp-json\/wp\/v2\/users\/1"}],"replies":[{"embeddable":true,"href":"https:\/\/jorgezanoni.com.br\/2019\/wp-json\/wp\/v2\/comments?post=16511"}],"version-history":[{"count":0,"href":"https:\/\/jorgezanoni.com.br\/2019\/wp-json\/wp\/v2\/posts\/16511\/revisions"}],"wp:featuredmedia":[{"embeddable":true,"href":"https:\/\/jorgezanoni.com.br\/2019\/wp-json\/wp\/v2\/media\/16512"}],"wp:attachment":[{"href":"https:\/\/jorgezanoni.com.br\/2019\/wp-json\/wp\/v2\/media?parent=16511"}],"wp:term":[{"taxonomy":"category","embeddable":true,"href":"https:\/\/jorgezanoni.com.br\/2019\/wp-json\/wp\/v2\/categories?post=16511"},{"taxonomy":"post_tag","embeddable":true,"href":"https:\/\/jorgezanoni.com.br\/2019\/wp-json\/wp\/v2\/tags?post=16511"}],"curies":[{"name":"wp","href":"https:\/\/api.w.org\/{rel}","templated":true}]}}