{"id":16493,"date":"2020-01-16T12:08:17","date_gmt":"2020-01-16T12:08:17","guid":{"rendered":"https:\/\/jorgezanoni.com.br\/2019\/?p=16493"},"modified":"2020-01-16T12:08:17","modified_gmt":"2020-01-16T12:08:17","slug":"onibus-tomba-e-deixa-feridos-na-regis-bittencourt-na-grande-sp","status":"publish","type":"post","link":"https:\/\/jorgezanoni.com.br\/2019\/onibus-tomba-e-deixa-feridos-na-regis-bittencourt-na-grande-sp\/","title":{"rendered":"\u00d4nibus tomba e deixa feridos na R\u00e9gis Bittencourt, na Grande SP"},"content":{"rendered":"<h2 class=\"content-head__subtitle\" style=\"text-align: justify;\"><strong>Passageiros sofreram ferimentos moderados. Ve\u00edculo fazia trajeto de Curitiba para S\u00e3o Paulo. Motorista perdeu o controle, bateu em um talude e acabou tombando na pista.<\/strong><\/h2>\n<div class=\"mc-column content-text active-extra-styles \" data-block-type=\"unstyled\" data-block-weight=\"39\" data-block-id=\"2\">\n<p class=\"content-text__container \" style=\"text-align: justify;\" data-track-category=\"Link no Texto\" data-track-links=\"\">Um \u00f4nibus que transportava 48 pessoas tombou na manh\u00e3 desta quinta-feira (16) na rodovia R\u00e9gis Bittencourt, na regi\u00e3o de Louren\u00e7o da Serra, na Grande S\u00e3o Paulo. Segundo a Pol\u00edcia Rodovi\u00e1ria, 14 pessoas sofreram ferimentos leves e uma, moderado.<\/p>\n<\/div>\n<div class=\"wall protected-content\">\n<div class=\"mc-column content-text active-extra-styles \" style=\"text-align: justify;\" data-block-type=\"unstyled\" data-block-weight=\"26\" data-block-id=\"3\">\n<p class=\"content-text__container \" data-track-category=\"Link no Texto\" data-track-links=\"\">A assessoria da Arteris, concession\u00e1ria que administra a Rodovia, afirma que o \u00f4nibus pertence a empresa Eucatur e fazia trajeto de Curitiba para S\u00e3o Paulo.<\/p>\n<\/div>\n<div class=\"mc-column content-text active-extra-styles \" data-block-type=\"unstyled\" data-block-weight=\"22\" data-block-id=\"4\">\n<p class=\"content-text__container \" style=\"text-align: justify;\" data-track-category=\"Link no Texto\" data-track-links=\"\">O motorista perdeu o controle, bateu em um talude e acabou tombando na pista. No total, 48 pessoas estavam viajando no ve\u00edculo.<\/p>\n<div class=\"mc-column content-text active-extra-styles \" style=\"text-align: justify;\" data-block-type=\"unstyled\" data-block-weight=\"16\" data-block-id=\"6\">\n<p class=\"content-text__container \" data-track-category=\"Link no Texto\" data-track-links=\"\">Os feridos receberam atendimento ainda na pista e foram encaminhados ao Hospital Geral de Juquitiba.<\/p>\n<\/div>\n<div class=\"content-ads content-ads--reveal\" style=\"text-align: justify;\" data-block-type=\"ads\" data-block-id=\"7\"><\/div>\n<div class=\"mc-column content-text active-extra-styles \" style=\"text-align: justify;\" data-block-type=\"unstyled\" data-block-weight=\"45\" data-block-id=\"8\">\n<p class=\"content-text__container \" data-track-category=\"Link no Texto\" data-track-links=\"\">De acordo com o Corpo de Bombeiros, duas pessoas foram encaminhadas ao Pronto-Socorro Central de Itapecerica da Serra, dentre eles, uma mulher de 44 anos, com fratura no bra\u00e7o e regi\u00e3o da pelve, e um homem com corte na cabe\u00e7a fratura no bra\u00e7o esquerdo.<\/p>\n<\/div>\n<div class=\"mc-column content-text active-extra-styles \" style=\"text-align: justify;\" data-block-type=\"unstyled\" data-block-weight=\"15\" data-block-id=\"9\">\n<p class=\"content-text__container \" data-track-category=\"Link no Texto\" data-track-links=\"\">Equipes do Corpo de Bombeiros, da Pol\u00edcia Militar e da Concession\u00e1ria seguem no local.<\/p>\n<\/div>\n<div class=\"mc-column content-text active-extra-styles \" data-block-type=\"unstyled\" data-block-weight=\"40\" data-block-id=\"10\">\n<p class=\"content-text__container \" style=\"text-align: justify;\" data-track-category=\"Link no Texto\" data-track-links=\"\">O acidente ocorreu no km 313 da rodovia, no sentido S\u00e3o Paulo. Por volta das 6h25, o \u00f4nibus tinha sido retirado da via. \u00c0s 6h50, a via j\u00e1 tinha sido liberada, mas o acidente ainda provocava tr\u00eas quil\u00f4metros de congestionamento.<\/p>\n<p style=\"text-align: justify;\" data-track-category=\"Link no Texto\" data-track-links=\"\"><img loading=\"lazy\" decoding=\"async\" class=\"alignnone size-full wp-image-16495\" src=\"https:\/\/jorgezanoni.com.br\/2019\/wp-content\/uploads\/2020\/01\/bus\u00e3o1.jpg\" alt=\"\" width=\"640\" height=\"360\" srcset=\"https:\/\/jorgezanoni.com.br\/2019\/wp-content\/uploads\/2020\/01\/bus\u00e3o1.jpg 640w, https:\/\/jorgezanoni.com.br\/2019\/wp-content\/uploads\/2020\/01\/bus\u00e3o1-300x169.jpg 300w\" sizes=\"auto, (max-width: 640px) 100vw, 640px\" \/>Socorro a feridos em acidente na R\u00e9gis Bittencourt \u2014 Foto: Reprodu\u00e7\u00e3o\/TV Globo<\/p>\n<div class=\"mc-column content-text active-extra-styles\" style=\"text-align: justify;\" data-block-type=\"raw\" data-block-weight=\"1\" data-block-id=\"12\">\n<div class=\"content-intertitle\">\n<h2>Susto<\/h2>\n<\/div>\n<\/div>\n<div class=\"mc-column content-text active-extra-styles \" style=\"text-align: justify;\" data-block-type=\"unstyled\" data-block-weight=\"15\" data-block-id=\"13\">\n<p class=\"content-text__container \" data-track-category=\"Link no Texto\" data-track-links=\"\">Passageiros que estavam no \u00f4nibus relataram os momentos de p\u00e2nico vividos durante o acidente.<\/p>\n<\/div>\n<div class=\"mc-column content-text active-extra-styles \" style=\"text-align: justify;\" data-block-type=\"unstyled\" data-block-weight=\"44\" data-block-id=\"14\">\n<p class=\"content-text__container \" data-track-category=\"Link no Texto\" data-track-links=\"\">&#8220;Tinha acabado de pegar no sono depois da parada. S\u00f3 senti o \u00f4nibus virando. Minha sorte foi que eu estava de cinto. Meu cora\u00e7\u00e3o disparou, corri para ver minha filha, que estava com minha mulher no banco de tr\u00e1s&#8221;, contou uma das v\u00edtimas.<\/p>\n<\/div>\n<div data-track-category=\"multicontent\" data-track-action=\"ultimo chunk conteudo\" data-track-noninteraction=\"false\" data-track-scroll=\"view\">\n<div class=\"mc-column content-text active-extra-styles \" data-block-type=\"unstyled\" data-block-weight=\"23\" data-block-id=\"15\">\n<p class=\"content-text__container \" style=\"text-align: justify;\" data-track-category=\"Link no Texto\" data-track-links=\"\">&#8220;Estava bem acordado, vi quando ele saiu da BR. Acredito que o motorista deu uma cochilada na dire\u00e7\u00e3o&#8221;, relatou outro passageiro.<\/p>\n<p style=\"text-align: justify;\" data-track-category=\"Link no Texto\" data-track-links=\"\">Fonte: G1<\/p>\n<\/div>\n<\/div>\n<\/div>\n<\/div>\n<\/div>\n","protected":false},"excerpt":{"rendered":"<p>Passageiros sofreram ferimentos moderados. Ve\u00edculo fazia trajeto de Curitiba para S\u00e3o Paulo. Motorista perdeu o controle, bateu em um talude e acabou tombando na pista. Um \u00f4nibus que transportava 48 pessoas tombou na manh\u00e3 desta quinta-feira (16) na rodovia R\u00e9gis Bittencourt, na regi\u00e3o de Louren\u00e7o da Serra, na Grande S\u00e3o Paulo. Segundo a Pol\u00edcia Rodovi\u00e1ria, [&hellip;]<\/p>\n","protected":false},"author":1,"featured_media":16494,"comment_status":"closed","ping_status":"open","sticky":false,"template":"","format":"standard","meta":{"footnotes":""},"categories":[170,110],"tags":[],"class_list":["post-16493","post","type-post","status-publish","format-standard","has-post-thumbnail","hentry","category-acidentes","category-noticiasdestaque"],"_links":{"self":[{"href":"https:\/\/jorgezanoni.com.br\/2019\/wp-json\/wp\/v2\/posts\/16493","targetHints":{"allow":["GET"]}}],"collection":[{"href":"https:\/\/jorgezanoni.com.br\/2019\/wp-json\/wp\/v2\/posts"}],"about":[{"href":"https:\/\/jorgezanoni.com.br\/2019\/wp-json\/wp\/v2\/types\/post"}],"author":[{"embeddable":true,"href":"https:\/\/jorgezanoni.com.br\/2019\/wp-json\/wp\/v2\/users\/1"}],"replies":[{"embeddable":true,"href":"https:\/\/jorgezanoni.com.br\/2019\/wp-json\/wp\/v2\/comments?post=16493"}],"version-history":[{"count":0,"href":"https:\/\/jorgezanoni.com.br\/2019\/wp-json\/wp\/v2\/posts\/16493\/revisions"}],"wp:featuredmedia":[{"embeddable":true,"href":"https:\/\/jorgezanoni.com.br\/2019\/wp-json\/wp\/v2\/media\/16494"}],"wp:attachment":[{"href":"https:\/\/jorgezanoni.com.br\/2019\/wp-json\/wp\/v2\/media?parent=16493"}],"wp:term":[{"taxonomy":"category","embeddable":true,"href":"https:\/\/jorgezanoni.com.br\/2019\/wp-json\/wp\/v2\/categories?post=16493"},{"taxonomy":"post_tag","embeddable":true,"href":"https:\/\/jorgezanoni.com.br\/2019\/wp-json\/wp\/v2\/tags?post=16493"}],"curies":[{"name":"wp","href":"https:\/\/api.w.org\/{rel}","templated":true}]}}