{"id":16467,"date":"2020-01-16T01:49:30","date_gmt":"2020-01-16T01:49:30","guid":{"rendered":"https:\/\/jorgezanoni.com.br\/2019\/?p=16467"},"modified":"2020-01-16T01:49:30","modified_gmt":"2020-01-16T01:49:30","slug":"policia-militar-prende-dois-homens-por-trafico-de-cocaina-em-ouro-verde","status":"publish","type":"post","link":"https:\/\/jorgezanoni.com.br\/2019\/policia-militar-prende-dois-homens-por-trafico-de-cocaina-em-ouro-verde\/","title":{"rendered":"Pol\u00edcia Militar prende dois homens por Tr\u00e1fico de Coca\u00edna em Ouro Verde"},"content":{"rendered":"<div id=\"js_h\" class=\"_5pbx userContent _3576\" data-testid=\"post_message\" data-ft=\"{&quot;tn&quot;:&quot;K&quot;}\">\n<p style=\"text-align: justify;\">TIROC\u00cdNIO: EM OURO VERDE, POL\u00cdCIA MILITAR PRENDE DOIS HOMENS POR TR\u00c1FICO DE COCA\u00cdNA.<\/p>\n<p style=\"text-align: justify;\">Na data de hoje (14) por volta das 14h10min em patrulhamento pelo bairro Apia\u00ed na cidade de Ouro Verde, foi avistado uma motocicleta com dois indiv\u00edduos, tendo um 26 anos e outro com 19 anos, ambos moradores do munic\u00edpio e diante da atitude suspeita foram abordados e localizado no ch\u00e3o um inv\u00f3lucro da cor preta e no interior aparentando ser coca\u00edna, pesando 0,010 Kg, os mesmos confessaram que foram a cidade de Dracena comprar a droga n\u00e3o informando o local. Diante dos fatos foi dado voz pris\u00e3o em flagrante por tr\u00e1fico de drogas permanecendo ambos presos \u00e0 disposi\u00e7\u00e3o da Justi\u00e7a.<\/p>\n<p style=\"text-align: justify;\"><a class=\"_58cn\" href=\"https:\/\/www.facebook.com\/hashtag\/25bpmi?source=feed_text&amp;epa=HASHTAG&amp;__xts__%5B0%5D=68.ARBLdwojuIOdAEPi9XIX3gtlnZjzwMkUnntgqargoStTcc4IuhT4Db-738kmTZDlo422xxzYjU84MSSAKD3tD1zV_4Hy1i8rwy9w1_VqTNCBZW51DC6ABwXe6aZx7ZOScUxCmoIxd3pZfQXTL0pMA9m24q03zaX2GS4pQ0FHOMo8CyQ7SjUV9yVBRWXbXVZa-kDa94y3EIAqBO1OEg2XZsub9xzssRKwNCIkHxgwpkhVblY6AxWDq3mkwACoT_2wv9NoRt4zkt5lBIZW7mlimcTAW5HJDtiN808EmIvB6TMyi4jNC86WSlOwZSZoEy6fwBZmmYK-T86nIfsh6xAuRx0&amp;__tn__=%2ANK-R\" data-ft=\"{&quot;type&quot;:104,&quot;tn&quot;:&quot;*N&quot;}\"><span class=\"_5afx\"><span class=\"_58cl _5afz\" aria-label=\"hashtag\">#<\/span><span class=\"_58cm\">25BPMI<\/span><\/span><\/a><br \/>\n<a class=\"_58cn\" href=\"https:\/\/www.facebook.com\/hashtag\/policiamilitarsp?source=feed_text&amp;epa=HASHTAG&amp;__xts__%5B0%5D=68.ARBLdwojuIOdAEPi9XIX3gtlnZjzwMkUnntgqargoStTcc4IuhT4Db-738kmTZDlo422xxzYjU84MSSAKD3tD1zV_4Hy1i8rwy9w1_VqTNCBZW51DC6ABwXe6aZx7ZOScUxCmoIxd3pZfQXTL0pMA9m24q03zaX2GS4pQ0FHOMo8CyQ7SjUV9yVBRWXbXVZa-kDa94y3EIAqBO1OEg2XZsub9xzssRKwNCIkHxgwpkhVblY6AxWDq3mkwACoT_2wv9NoRt4zkt5lBIZW7mlimcTAW5HJDtiN808EmIvB6TMyi4jNC86WSlOwZSZoEy6fwBZmmYK-T86nIfsh6xAuRx0&amp;__tn__=%2ANK-R\" data-ft=\"{&quot;type&quot;:104,&quot;tn&quot;:&quot;*N&quot;}\"><span class=\"_5afx\"><span class=\"_58cl _5afz\" aria-label=\"hashtag\">#<\/span><span class=\"_58cm\">POLICIAMILITARSP<\/span><\/span><\/a><br \/>\n<a class=\"_58cn\" href=\"https:\/\/www.facebook.com\/hashtag\/afor%C3%A7ap%C3%BAblicades%C3%A3opaulo?source=feed_text&amp;epa=HASHTAG&amp;__xts__%5B0%5D=68.ARBLdwojuIOdAEPi9XIX3gtlnZjzwMkUnntgqargoStTcc4IuhT4Db-738kmTZDlo422xxzYjU84MSSAKD3tD1zV_4Hy1i8rwy9w1_VqTNCBZW51DC6ABwXe6aZx7ZOScUxCmoIxd3pZfQXTL0pMA9m24q03zaX2GS4pQ0FHOMo8CyQ7SjUV9yVBRWXbXVZa-kDa94y3EIAqBO1OEg2XZsub9xzssRKwNCIkHxgwpkhVblY6AxWDq3mkwACoT_2wv9NoRt4zkt5lBIZW7mlimcTAW5HJDtiN808EmIvB6TMyi4jNC86WSlOwZSZoEy6fwBZmmYK-T86nIfsh6xAuRx0&amp;__tn__=%2ANK-R\" data-ft=\"{&quot;type&quot;:104,&quot;tn&quot;:&quot;*N&quot;}\"><span class=\"_5afx\"><span class=\"_58cl _5afz\" aria-label=\"hashtag\">#<\/span><span class=\"_58cm\">AFOR\u00c7AP\u00daBLICADES\u00c3OPAULO<\/span><\/span><\/a><br \/>\nFonte: COMUNICA\u00c7\u00c3O SOCIAL DO 25\u00ba BPM\/I e regi\u00e3o.<\/p>\n<\/div>\n<div class=\"_3x-2\" data-ft=\"{&quot;tn&quot;:&quot;H&quot;}\">\n<div data-ft=\"{&quot;tn&quot;:&quot;H&quot;}\">\n<div class=\"mtm\">\n<div>\n<div class=\"_1ktf\" data-ft=\"{&quot;tn&quot;:&quot;E&quot;}\"><\/div>\n<\/div>\n<\/div>\n<\/div>\n<\/div>\n","protected":false},"excerpt":{"rendered":"<p>TIROC\u00cdNIO: EM OURO VERDE, POL\u00cdCIA MILITAR PRENDE DOIS HOMENS POR TR\u00c1FICO DE COCA\u00cdNA. Na data de hoje (14) por volta das 14h10min em patrulhamento pelo bairro Apia\u00ed na cidade de Ouro Verde, foi avistado uma motocicleta com dois indiv\u00edduos, tendo um 26 anos e outro com 19 anos, ambos moradores do munic\u00edpio e diante da [&hellip;]<\/p>\n","protected":false},"author":1,"featured_media":16468,"comment_status":"closed","ping_status":"open","sticky":false,"template":"","format":"standard","meta":{"footnotes":""},"categories":[110,2],"tags":[],"class_list":["post-16467","post","type-post","status-publish","format-standard","has-post-thumbnail","hentry","category-noticiasdestaque","category-policial"],"_links":{"self":[{"href":"https:\/\/jorgezanoni.com.br\/2019\/wp-json\/wp\/v2\/posts\/16467","targetHints":{"allow":["GET"]}}],"collection":[{"href":"https:\/\/jorgezanoni.com.br\/2019\/wp-json\/wp\/v2\/posts"}],"about":[{"href":"https:\/\/jorgezanoni.com.br\/2019\/wp-json\/wp\/v2\/types\/post"}],"author":[{"embeddable":true,"href":"https:\/\/jorgezanoni.com.br\/2019\/wp-json\/wp\/v2\/users\/1"}],"replies":[{"embeddable":true,"href":"https:\/\/jorgezanoni.com.br\/2019\/wp-json\/wp\/v2\/comments?post=16467"}],"version-history":[{"count":0,"href":"https:\/\/jorgezanoni.com.br\/2019\/wp-json\/wp\/v2\/posts\/16467\/revisions"}],"wp:featuredmedia":[{"embeddable":true,"href":"https:\/\/jorgezanoni.com.br\/2019\/wp-json\/wp\/v2\/media\/16468"}],"wp:attachment":[{"href":"https:\/\/jorgezanoni.com.br\/2019\/wp-json\/wp\/v2\/media?parent=16467"}],"wp:term":[{"taxonomy":"category","embeddable":true,"href":"https:\/\/jorgezanoni.com.br\/2019\/wp-json\/wp\/v2\/categories?post=16467"},{"taxonomy":"post_tag","embeddable":true,"href":"https:\/\/jorgezanoni.com.br\/2019\/wp-json\/wp\/v2\/tags?post=16467"}],"curies":[{"name":"wp","href":"https:\/\/api.w.org\/{rel}","templated":true}]}}