{"id":16445,"date":"2020-01-16T00:38:51","date_gmt":"2020-01-16T00:38:51","guid":{"rendered":"https:\/\/jorgezanoni.com.br\/2019\/?p=16445"},"modified":"2020-01-16T01:29:38","modified_gmt":"2020-01-16T01:29:38","slug":"falecimento-15-01-20","status":"publish","type":"post","link":"https:\/\/jorgezanoni.com.br\/2019\/falecimento-15-01-20\/","title":{"rendered":"Falecimento 15\/01\/20"},"content":{"rendered":"<p style=\"text-align: justify;\">Comunicamos com pesar o falecimento da senhora MARIA TARICANI, Av\u00f3 do Thierry Bregolin.<\/p>\n<p style=\"text-align: justify;\">Dona Maria faleceu em Presidente Prudente. O vel\u00f3rio ser\u00e1 realizado na Mutu\u00e1ria Dracenense, com sepultamento amanh\u00e3 (16) \u00e0s 16:00 Horas.<\/p>\n<p><img loading=\"lazy\" decoding=\"async\" class=\"alignnone size-full wp-image-16461\" src=\"https:\/\/jorgezanoni.com.br\/2019\/wp-content\/uploads\/2020\/01\/Maria-Taricani-Bregolin.jpg\" alt=\"\" width=\"364\" height=\"280\" srcset=\"https:\/\/jorgezanoni.com.br\/2019\/wp-content\/uploads\/2020\/01\/Maria-Taricani-Bregolin.jpg 364w, https:\/\/jorgezanoni.com.br\/2019\/wp-content\/uploads\/2020\/01\/Maria-Taricani-Bregolin-300x231.jpg 300w\" sizes=\"auto, (max-width: 364px) 100vw, 364px\" \/><\/p>\n","protected":false},"excerpt":{"rendered":"<p>Comunicamos com pesar o falecimento da senhora MARIA TARICANI, Av\u00f3 do Thierry Bregolin. Dona Maria faleceu em Presidente Prudente. O vel\u00f3rio ser\u00e1 realizado na Mutu\u00e1ria Dracenense, com sepultamento amanh\u00e3 (16) \u00e0s 16:00 Horas.<\/p>\n","protected":false},"author":1,"featured_media":16446,"comment_status":"closed","ping_status":"open","sticky":false,"template":"","format":"standard","meta":{"footnotes":""},"categories":[178],"tags":[],"class_list":["post-16445","post","type-post","status-publish","format-standard","has-post-thumbnail","hentry","category-notadefalecimento"],"_links":{"self":[{"href":"https:\/\/jorgezanoni.com.br\/2019\/wp-json\/wp\/v2\/posts\/16445","targetHints":{"allow":["GET"]}}],"collection":[{"href":"https:\/\/jorgezanoni.com.br\/2019\/wp-json\/wp\/v2\/posts"}],"about":[{"href":"https:\/\/jorgezanoni.com.br\/2019\/wp-json\/wp\/v2\/types\/post"}],"author":[{"embeddable":true,"href":"https:\/\/jorgezanoni.com.br\/2019\/wp-json\/wp\/v2\/users\/1"}],"replies":[{"embeddable":true,"href":"https:\/\/jorgezanoni.com.br\/2019\/wp-json\/wp\/v2\/comments?post=16445"}],"version-history":[{"count":0,"href":"https:\/\/jorgezanoni.com.br\/2019\/wp-json\/wp\/v2\/posts\/16445\/revisions"}],"wp:featuredmedia":[{"embeddable":true,"href":"https:\/\/jorgezanoni.com.br\/2019\/wp-json\/wp\/v2\/media\/16446"}],"wp:attachment":[{"href":"https:\/\/jorgezanoni.com.br\/2019\/wp-json\/wp\/v2\/media?parent=16445"}],"wp:term":[{"taxonomy":"category","embeddable":true,"href":"https:\/\/jorgezanoni.com.br\/2019\/wp-json\/wp\/v2\/categories?post=16445"},{"taxonomy":"post_tag","embeddable":true,"href":"https:\/\/jorgezanoni.com.br\/2019\/wp-json\/wp\/v2\/tags?post=16445"}],"curies":[{"name":"wp","href":"https:\/\/api.w.org\/{rel}","templated":true}]}}