{"id":16428,"date":"2020-01-15T22:14:15","date_gmt":"2020-01-15T22:14:15","guid":{"rendered":"https:\/\/jorgezanoni.com.br\/2019\/?p=16428"},"modified":"2020-01-15T22:14:15","modified_gmt":"2020-01-15T22:14:15","slug":"vagas-para-concursos-publicos-estao-abertas-em-cinco-cidades-do-oeste-paulista","status":"publish","type":"post","link":"https:\/\/jorgezanoni.com.br\/2019\/vagas-para-concursos-publicos-estao-abertas-em-cinco-cidades-do-oeste-paulista\/","title":{"rendered":"Vagas para concursos p\u00fablicos est\u00e3o abertas em cinco cidades do Oeste Paulista"},"content":{"rendered":"<h2 class=\"content-head__subtitle\" style=\"text-align: justify;\"><strong>Remunera\u00e7\u00e3o pode chegar a R$ 11.091,25 conforme o cargo escolhido pelo candidato.<\/strong><\/h2>\n<div class=\"mc-column content-text active-extra-styles \" data-block-type=\"unstyled\" data-block-weight=\"18\" data-block-id=\"2\">\n<p class=\"content-text__container \" style=\"text-align: justify;\" data-track-category=\"Link no Texto\" data-track-links=\"\">Vagas para concurso p\u00fablicos est\u00e3o abertas em cinco cidades do Oeste Paulista. As inscri\u00e7\u00f5es j\u00e1 est\u00e3o abertas.<\/p>\n<\/div>\n<div class=\"wall protected-content\" style=\"text-align: justify;\">\n<div class=\"mc-column content-text active-extra-styles \" data-block-type=\"unstyled\" data-block-weight=\"4\" data-block-id=\"3\">\n<p class=\"content-text__container \" data-track-category=\"Link no Texto\" data-track-links=\"\">Veja as oportunidades dispon\u00edveis:<\/p>\n<\/div>\n<div class=\"mc-column content-text active-extra-styles\" data-block-type=\"raw\" data-block-weight=\"2\" data-block-id=\"4\">\n<div class=\"content-intertitle\">\n<h2>Presidente Prudente<\/h2>\n<\/div>\n<\/div>\n<div class=\"mc-column content-text active-extra-styles \" data-block-type=\"unstyled\" data-block-weight=\"17\" data-block-id=\"5\">\n<p class=\"content-text__container \" data-track-category=\"Link no Texto\" data-track-links=\"\">A Universidade Estadual Paulista (Unesp) de\u00a0<a href=\"https:\/\/g1.globo.com\/sp\/presidente-prudente-regiao\/cidade\/presidente-prudente\/\">Presidente Prudente<\/a>\u00a0abre vagas para concursos p\u00fablicos na \u00e1rea da educa\u00e7\u00e3o.<\/p>\n<\/div>\n<div class=\"mc-column content-text active-extra-styles \" data-block-type=\"unstyled\" data-block-weight=\"26\" data-block-id=\"6\">\n<p class=\"content-text__container \" data-track-category=\"Link no Texto\" data-track-links=\"\">As vagas s\u00e3o destinadas a professor substituto de sociologia, de acordo com\u00a0<a href=\"https:\/\/inscricoes.unesp.br\/publico\/31921c410ffc15ebe9b7b57de613e6ec.pdf\" target=\"_blank\" rel=\"noopener noreferrer\">edital<\/a>, e para professor substituto na \u00e1rea de geografia, conforme publicado tamb\u00e9m em\u00a0<a href=\"https:\/\/inscricoes.unesp.br\/publico\/4ba4ebcddc995fdcf32a15d3da608c7e.pdf\" target=\"_blank\" rel=\"noopener noreferrer\">edital<\/a>.<\/p>\n<\/div>\n<div class=\"mc-column content-text active-extra-styles \" data-block-type=\"unstyled\" data-block-weight=\"20\" data-block-id=\"7\">\n<p class=\"content-text__container \" data-track-category=\"Link no Texto\" data-track-links=\"\">Para o cargo de professor substituto de sociologia as inscri\u00e7\u00f5es devem ser feitas at\u00e9 dia 21 de janeiro no\u00a0<a href=\"https:\/\/inscricoes.unesp.br\/inscricao\/concurso\/detalhes-606\" target=\"_blank\" rel=\"noopener noreferrer\">site<\/a>.<\/p>\n<\/div>\n<div class=\"mc-column content-text active-extra-styles \" data-block-type=\"unstyled\" data-block-weight=\"21\" data-block-id=\"8\">\n<p class=\"content-text__container \" data-track-category=\"Link no Texto\" data-track-links=\"\">As inscri\u00e7\u00f5es para o cargo de professor substituto de geografia devem ser feitas at\u00e9 o dia 17 de janeiro pela\u00a0<a href=\"https:\/\/inscricoes.unesp.br\/inscricao\/concurso\/detalhes-578\" target=\"_blank\" rel=\"noopener noreferrer\">internet<\/a>.<\/p>\n<\/div>\n<div class=\"mc-column content-text active-extra-styles\" data-block-type=\"raw\" data-block-weight=\"1\" data-block-id=\"9\">\n<div class=\"content-intertitle\">\n<h2>Narandiba<\/h2>\n<\/div>\n<\/div>\n<div class=\"mc-column content-text active-extra-styles \" data-block-type=\"unstyled\" data-block-weight=\"21\" data-block-id=\"10\">\n<p class=\"content-text__container \" data-track-category=\"Link no Texto\" data-track-links=\"\">A Prefeitura de\u00a0<a href=\"https:\/\/g1.globo.com\/sp\/presidente-prudente-regiao\/cidade\/narandiba\/\">Narandiba\u00a0<\/a>anuncia a realiza\u00e7\u00e3o de concurso p\u00fablico para o preenchimento de 14 vagas, destinadas \u00e0 contrata\u00e7\u00e3o de servidores.<\/p>\n<\/div>\n<div class=\"mc-column content-text active-extra-styles \" data-block-type=\"unstyled\" data-block-weight=\"65\" data-block-id=\"11\">\n<p class=\"content-text__container \" data-track-category=\"Link no Texto\" data-track-links=\"\">As oportunidades dispon\u00edveis, de acordo com a descri\u00e7\u00e3o do\u00a0<a href=\"https:\/\/cdn.gestoreditais.com.br\/edital\/63\/2503\/9505ef287c7e20d96b4ad31194cce690.pdf\" target=\"_blank\" rel=\"noopener noreferrer\">edital<\/a>, s\u00e3o: merendeiro (1), agente de controle de vetores, monitor de transporte escolar (4), secret\u00e1rio de escola (2), assistente social (1), enfermeiro (1), farmac\u00eautico (1), professor de educa\u00e7\u00e3o b\u00e1sica I (3), professor de educa\u00e7\u00e3o b\u00e1sica II de artes, professor de educa\u00e7\u00e3o b\u00e1sica II de educa\u00e7\u00e3o f\u00edsica, professor de educa\u00e7\u00e3o b\u00e1sica II de hist\u00f3ria e psic\u00f3logo (1).<\/p>\n<\/div>\n<div class=\"mc-column content-text active-extra-styles \" data-block-type=\"unstyled\" data-block-weight=\"25\" data-block-id=\"12\">\n<p class=\"content-text__container \" data-track-category=\"Link no Texto\" data-track-links=\"\">Ao ser contratado, o servidor deve exercer regime de 15 a 40 horas semanais, sendo remunerado mensalmente no valor entre R$ 1.047,81 a R$ 2.295,65.<\/p>\n<p class=\"content-text__container \" data-track-category=\"Link no Texto\" data-track-links=\"\"><span style=\"font-family: inherit; font-size: inherit; font-style: inherit; font-variant-ligatures: inherit; font-variant-caps: inherit; font-weight: inherit; text-align: center;\">Inscri\u00e7\u00f5es devem ser feitas pelo <\/span><a style=\"font-family: inherit; font-size: inherit; font-style: inherit; font-variant-ligatures: inherit; font-variant-caps: inherit; font-weight: inherit; text-align: center;\" href=\"https:\/\/cmm.areadocandidato.com.br\/login\/\" target=\"_blank\" rel=\"noopener noreferrer\">site<\/a><span style=\"font-family: inherit; font-size: inherit; font-style: inherit; font-variant-ligatures: inherit; font-variant-caps: inherit; font-weight: inherit; text-align: center;\">\u00a0at\u00e9 o dia 26 de janeiro.<\/span><\/p>\n<\/div>\n<div class=\"mc-column content-text active-extra-styles\" data-block-type=\"raw\" data-block-weight=\"2\" data-block-id=\"15\">\n<div class=\"content-intertitle\">\n<h2>Ouro Verde<\/h2>\n<\/div>\n<\/div>\n<div class=\"mc-column content-text active-extra-styles \" data-block-type=\"unstyled\" data-block-weight=\"13\" data-block-id=\"16\">\n<p class=\"content-text__container \" data-track-category=\"Link no Texto\" data-track-links=\"\">A Prefeitura de\u00a0<a href=\"https:\/\/g1.globo.com\/sp\/presidente-prudente-regiao\/cidade\/ouro-verde-sp\/\">Ouro Verde<\/a>\u00a0anuncia a abertura de novo concurso p\u00fablico.<\/p>\n<\/div>\n<div class=\"mc-column content-text active-extra-styles \" data-block-type=\"unstyled\" data-block-weight=\"26\" data-block-id=\"17\">\n<p class=\"content-text__container \" data-track-category=\"Link no Texto\" data-track-links=\"\">As oportunidades dispon\u00edveis s\u00e3o para os cargos de m\u00e9dico (1), m\u00e9dico veterin\u00e1rio (1), motorista (1), operador de m\u00e1quinas (1) e operador de vaca mec\u00e2nica (1).<\/p>\n<\/div>\n<div class=\"mc-column content-text active-extra-styles \" data-block-type=\"unstyled\" data-block-weight=\"25\" data-block-id=\"18\">\n<p class=\"content-text__container \" data-track-category=\"Link no Texto\" data-track-links=\"\">Conforme disponibilizado no\u00a0<a href=\"https:\/\/www.consesp.com.br\/imagens_arquivos\/concursos\/arquivos\/3418_ouroverde0012020.pdf\" target=\"_blank\" rel=\"noopener noreferrer\">edital<\/a>, os profissionais cumprir\u00e3o jornadas de 10 a 40 horas semanais. A remunera\u00e7\u00e3o prevista varia de R$ 1.039 a R$ 2.672,48.<\/p>\n<\/div>\n<div class=\"mc-column content-text active-extra-styles \" data-block-type=\"unstyled\" data-block-weight=\"13\" data-block-id=\"19\">\n<p class=\"content-text__container \" data-track-category=\"Link no Texto\" data-track-links=\"\">As inscri\u00e7\u00f5es devem ser feitas pela\u00a0<a href=\"https:\/\/www.consesp.com.br\/site\/index.php?pg=concursos\/inscrevasev&amp;cod_concurso=3418\" target=\"_blank\" rel=\"noopener noreferrer\">internet<\/a>\u00a0at\u00e9 o dia 26 de janeiro.<\/p>\n<\/div>\n<div class=\"mc-column content-text active-extra-styles\" data-block-type=\"raw\" data-block-weight=\"1\" data-block-id=\"20\">\n<div class=\"content-intertitle\">\n<h2>Adamantina<\/h2>\n<\/div>\n<\/div>\n<div class=\"mc-column content-text active-extra-styles \" data-block-type=\"unstyled\" data-block-weight=\"12\" data-block-id=\"21\">\n<p class=\"content-text__container \" data-track-category=\"Link no Texto\" data-track-links=\"\">Inscri\u00e7\u00f5es de concursos p\u00fablicos para a Prefeitura de\u00a0<a href=\"https:\/\/g1.globo.com\/sp\/presidente-prudente-regiao\/cidade\/adamantina\/\">Adamantina<\/a>\u00a0est\u00e3o abertas.<\/p>\n<\/div>\n<div class=\"mc-column content-text active-extra-styles \" data-block-type=\"unstyled\" data-block-weight=\"8\" data-block-id=\"22\">\n<p class=\"content-text__container \" data-track-category=\"Link no Texto\" data-track-links=\"\">As vagas s\u00e3o divididas por dois editais.<\/p>\n<\/div>\n<div class=\"mc-column content-text active-extra-styles \" data-block-type=\"unstyled\" data-block-weight=\"46\" data-block-id=\"23\">\n<p class=\"content-text__container \" data-track-category=\"Link no Texto\" data-track-links=\"\">No primeiro\u00a0<a href=\"http:\/\/www.conscamweb.com.br\/concurso\/downloadAnexo.do?idAnexo=2935\" target=\"_blank\" rel=\"noopener noreferrer\">edital<\/a>, as oportunidades s\u00e3o para auxiliar de enfermagem &#8211; ESF (4), agente de receita tribut\u00e1ria (1), cuidador domiciliar (1), enfermeiro ESF (7), m\u00e9dico cl\u00ednico geral ESF (2), nutricionista (2), psic\u00f3logo (1), m\u00e9dico seguran\u00e7a do trabalho (1), m\u00e9dico pediatra (1) e m\u00e9dico psiquiatra (1).<\/p>\n<\/div>\n<div class=\"mc-column content-text active-extra-styles \" data-block-type=\"unstyled\" data-block-weight=\"27\" data-block-id=\"24\">\n<p class=\"content-text__container \" data-track-category=\"Link no Texto\" data-track-links=\"\">Vagas para eletricista (1), eletricista de autos (1), motorista (1), operador de m\u00e1quina pesada (1), zelador (1) e t\u00e9cnico de esportes (1), est\u00e3o dispon\u00edveis no segundo\u00a0<a href=\"http:\/\/www.conscamweb.com.br\/concurso\/downloadAnexo.do?idAnexo=2936\" target=\"_blank\" rel=\"noopener noreferrer\">edital<\/a>.<\/p>\n<\/div>\n<div class=\"mc-column content-text active-extra-styles \" data-block-type=\"unstyled\" data-block-weight=\"17\" data-block-id=\"25\">\n<p class=\"content-text__container \" data-track-category=\"Link no Texto\" data-track-links=\"\">Sal\u00e1rio a ser recebido varia de R$ 1.123,57 a R$ 11.091,25 conforme o cargo escolhido pelo candidato.<\/p>\n<\/div>\n<div class=\"mc-column content-text active-extra-styles \" data-block-type=\"unstyled\" data-block-weight=\"14\" data-block-id=\"26\">\n<p class=\"content-text__container \" data-track-category=\"Link no Texto\" data-track-links=\"\">As inscri\u00e7\u00f5es devem ser realizadas at\u00e9 o dia 30 de janeiro, no\u00a0<a href=\"http:\/\/www.conscamweb.com.br\/concurso\/concursoPaginaInterna.do?idInstituicao=32&amp;idConcurso=8\" target=\"_blank\" rel=\"noopener noreferrer\">site<\/a>.<\/p>\n<\/div>\n<div class=\"mc-column content-text active-extra-styles\" data-block-type=\"raw\" data-block-weight=\"2\" data-block-id=\"27\">\n<div class=\"content-intertitle\">\n<h2>Presidente Bernardes<\/h2>\n<\/div>\n<\/div>\n<div class=\"mc-column content-text active-extra-styles \" data-block-type=\"unstyled\" data-block-weight=\"13\" data-block-id=\"28\">\n<p class=\"content-text__container \" data-track-category=\"Link no Texto\" data-track-links=\"\">A Prefeitura de\u00a0<a href=\"https:\/\/g1.globo.com\/sp\/presidente-prudente-regiao\/cidade\/presidente-bernardes-sp\/\">Presidente Bernardes<\/a>\u00a0abriu concurso p\u00fablico para preenchimento de vaga.<\/p>\n<\/div>\n<div class=\"mc-column content-text active-extra-styles \" data-block-type=\"unstyled\" data-block-weight=\"6\" data-block-id=\"29\">\n<p class=\"content-text__container \" data-track-category=\"Link no Texto\" data-track-links=\"\">Oportunidade dispon\u00edvel \u00e9 para psic\u00f3logo.<\/p>\n<\/div>\n<div class=\"mc-column content-text active-extra-styles \" data-block-type=\"unstyled\" data-block-weight=\"31\" data-block-id=\"30\">\n<p class=\"content-text__container \" data-track-category=\"Link no Texto\" data-track-links=\"\">Conforme o\u00a0<a href=\"https:\/\/cdn.gestoreditais.com.br\/edital\/63\/2514\/cb552fc18339639e0cff19429dc8dc7e.pdf\" target=\"_blank\" rel=\"noopener noreferrer\">edital<\/a>, a carga hor\u00e1ria \u00e9 de 20 horas semanais, com sal\u00e1rio de R$ 2.459,99. \u00c9 necess\u00e1rio ter o n\u00edvel superior completo e registro no Conselho Regional de Psicologia.<\/p>\n<\/div>\n<div class=\"mc-column content-text active-extra-styles \" data-block-type=\"unstyled\" data-block-weight=\"12\" data-block-id=\"31\">\n<p class=\"content-text__container \" data-track-category=\"Link no Texto\" data-track-links=\"\">Inscri\u00e7\u00f5es podem ser feitas at\u00e9 o dia 26 de janeiro, na\u00a0<a href=\"https:\/\/cmm.areadocandidato.com.br\/login\/\" target=\"_blank\" rel=\"noopener noreferrer\">internet<\/a>.<\/p>\n<p data-track-category=\"Link no Texto\" data-track-links=\"\">Fonte: G1<\/p>\n<\/div>\n<\/div>\n<p style=\"text-align: justify;\">\n","protected":false},"excerpt":{"rendered":"<p>Remunera\u00e7\u00e3o pode chegar a R$ 11.091,25 conforme o cargo escolhido pelo candidato. Vagas para concurso p\u00fablicos est\u00e3o abertas em cinco cidades do Oeste Paulista. As inscri\u00e7\u00f5es j\u00e1 est\u00e3o abertas. Veja as oportunidades dispon\u00edveis: Presidente Prudente A Universidade Estadual Paulista (Unesp) de\u00a0Presidente Prudente\u00a0abre vagas para concursos p\u00fablicos na \u00e1rea da educa\u00e7\u00e3o. As vagas s\u00e3o destinadas a [&hellip;]<\/p>\n","protected":false},"author":1,"featured_media":16429,"comment_status":"closed","ping_status":"open","sticky":false,"template":"","format":"standard","meta":{"footnotes":""},"categories":[122],"tags":[],"class_list":["post-16428","post","type-post","status-publish","format-standard","has-post-thumbnail","hentry","category-saudeeducacaoeconcurso"],"_links":{"self":[{"href":"https:\/\/jorgezanoni.com.br\/2019\/wp-json\/wp\/v2\/posts\/16428","targetHints":{"allow":["GET"]}}],"collection":[{"href":"https:\/\/jorgezanoni.com.br\/2019\/wp-json\/wp\/v2\/posts"}],"about":[{"href":"https:\/\/jorgezanoni.com.br\/2019\/wp-json\/wp\/v2\/types\/post"}],"author":[{"embeddable":true,"href":"https:\/\/jorgezanoni.com.br\/2019\/wp-json\/wp\/v2\/users\/1"}],"replies":[{"embeddable":true,"href":"https:\/\/jorgezanoni.com.br\/2019\/wp-json\/wp\/v2\/comments?post=16428"}],"version-history":[{"count":0,"href":"https:\/\/jorgezanoni.com.br\/2019\/wp-json\/wp\/v2\/posts\/16428\/revisions"}],"wp:featuredmedia":[{"embeddable":true,"href":"https:\/\/jorgezanoni.com.br\/2019\/wp-json\/wp\/v2\/media\/16429"}],"wp:attachment":[{"href":"https:\/\/jorgezanoni.com.br\/2019\/wp-json\/wp\/v2\/media?parent=16428"}],"wp:term":[{"taxonomy":"category","embeddable":true,"href":"https:\/\/jorgezanoni.com.br\/2019\/wp-json\/wp\/v2\/categories?post=16428"},{"taxonomy":"post_tag","embeddable":true,"href":"https:\/\/jorgezanoni.com.br\/2019\/wp-json\/wp\/v2\/tags?post=16428"}],"curies":[{"name":"wp","href":"https:\/\/api.w.org\/{rel}","templated":true}]}}