{"id":16425,"date":"2020-01-15T22:01:26","date_gmt":"2020-01-15T22:01:26","guid":{"rendered":"https:\/\/jorgezanoni.com.br\/2019\/?p=16425"},"modified":"2020-01-15T22:01:26","modified_gmt":"2020-01-15T22:01:26","slug":"neto-joga-o-avo-de-88-anos-no-vaso-sanitario-e-acaba-preso-em-flagrante-por-violencia-domestica","status":"publish","type":"post","link":"https:\/\/jorgezanoni.com.br\/2019\/neto-joga-o-avo-de-88-anos-no-vaso-sanitario-e-acaba-preso-em-flagrante-por-violencia-domestica\/","title":{"rendered":"Neto joga o av\u00f4 de 88 anos no vaso sanit\u00e1rio e acaba preso em flagrante por viol\u00eancia dom\u00e9stica"},"content":{"rendered":"<h2 class=\"content-head__subtitle\" style=\"text-align: justify;\"><strong>M\u00e3e do rapaz disse \u00e0 Pol\u00edcia Civil que o jovem praticou a agress\u00e3o para fazer o idoso urinar sentado para n\u00e3o sujar o banheiro da resid\u00eancia, na Vila Ang\u00e9lica, em Presidente Prudente.<\/strong><\/h2>\n<div class=\"mc-column content-text active-extra-styles \" data-block-type=\"unstyled\" data-block-weight=\"34\" data-block-id=\"2\">\n<p class=\"content-text__container \" style=\"text-align: justify;\" data-track-category=\"Link no Texto\" data-track-links=\"\">Um rapaz de 20 anos foi preso em flagrante, na manh\u00e3 desta quarta-feira (15), ap\u00f3s agredir o seu pr\u00f3prio av\u00f4, de 88 anos, na resid\u00eancia da fam\u00edlia, na Vila Ang\u00e9lica, em\u00a0<a href=\"https:\/\/g1.globo.com\/sp\/presidente-prudente-regiao\/cidade\/presidente-prudente\/\">Presidente Prudente (SP)<\/a>.<\/p>\n<\/div>\n<div class=\"wall protected-content\">\n<div class=\"mc-column content-text active-extra-styles \" style=\"text-align: justify;\" data-block-type=\"unstyled\" data-block-weight=\"52\" data-block-id=\"3\">\n<p class=\"content-text__container \" data-track-category=\"Link no Texto\" data-track-links=\"\">De acordo com o Boletim de Ocorr\u00eancia registrado na Delegacia Participativa da Pol\u00edcia Civil, a pr\u00f3pria m\u00e3e do rapaz disse que acordou e viu o filho jogando o av\u00f4 no vaso sanit\u00e1rio do banheiro da casa. Em seguida, a mulher constatou que a m\u00e3o do idoso, que \u00e9 pai dela, estava sangrando.<\/p>\n<\/div>\n<div class=\"mc-column content-text active-extra-styles \" style=\"text-align: justify;\" data-block-type=\"unstyled\" data-block-weight=\"30\" data-block-id=\"4\">\n<p class=\"content-text__container \" data-track-category=\"Link no Texto\" data-track-links=\"\">O motivo da agress\u00e3o, segundo a mulher informou no Boletim de Ocorr\u00eancia, foi que o neto queria que o av\u00f4 urinasse sentado no vaso sanit\u00e1rio para n\u00e3o sujar o banheiro.<\/p>\n<\/div>\n<div class=\"mc-column content-text active-extra-styles \" style=\"text-align: justify;\" data-block-type=\"unstyled\" data-block-weight=\"57\" data-block-id=\"5\">\n<p class=\"content-text__container \" data-track-category=\"Link no Texto\" data-track-links=\"\">A m\u00e3e contou que o filho \u00e9 usu\u00e1rio de drogas e que j\u00e1 pediu para que ele deixasse a casa da fam\u00edlia, mas o rapaz se recusa a sair do local. Al\u00e9m disso, a mulher tamb\u00e9m deseja que o filho, caso saia da pris\u00e3o, seja impedido de retornar \u00e0 resid\u00eancia ou de aproximar dela e do av\u00f4.<\/p>\n<\/div>\n<div class=\"mc-column content-text active-extra-styles \" data-block-type=\"unstyled\" data-block-weight=\"42\" data-block-id=\"6\">\n<p class=\"content-text__container \" style=\"text-align: justify;\" data-track-category=\"Link no Texto\" data-track-links=\"\">O idoso relatou \u00e0 Pol\u00edcia Civil que o neto, sem motivo aparente, o empurrou contra a parede, causando-lhe o ferimento. A v\u00edtima tamb\u00e9m manifestou o desejo de que o rapaz seja responsabilizado pelo ato cometido, bem como fique proibido de se aproximar.<\/p>\n<div class=\"mc-column content-text active-extra-styles \" style=\"text-align: justify;\" data-block-type=\"unstyled\" data-block-weight=\"46\" data-block-id=\"8\">\n<p class=\"content-text__container \" data-track-category=\"Link no Texto\" data-track-links=\"\">J\u00e1 o indiciado negou a agress\u00e3o e disse que pegou o av\u00f4 pelo bra\u00e7o e o colocou no vaso. Segundo o Boletim de Ocorr\u00eancia, o rapaz disse ser usu\u00e1rio de maconha e viver de \u201cbicos\u201d e ainda confirmou que a m\u00e3e n\u00e3o o queria na resid\u00eancia.<\/p>\n<\/div>\n<div class=\"mc-column content-text active-extra-styles \" style=\"text-align: justify;\" data-block-type=\"unstyled\" data-block-weight=\"17\" data-block-id=\"9\">\n<p class=\"content-text__container \" data-track-category=\"Link no Texto\" data-track-links=\"\">Policiais militares foram acionados para o atendimento da ocorr\u00eancia e conduziram o jovem preso \u00e0 Delegacia Participativa.<\/p>\n<\/div>\n<div class=\"mc-column content-text active-extra-styles \" style=\"text-align: justify;\" data-block-type=\"unstyled\" data-block-weight=\"25\" data-block-id=\"10\">\n<p class=\"content-text__container \" data-track-category=\"Link no Texto\" data-track-links=\"\">A Pol\u00edcia Civil decretou a pris\u00e3o em flagrante do indiciado pelo crime de viol\u00eancia dom\u00e9stica, previsto no par\u00e1grafo 9\u00ba, do artigo 129, do C\u00f3digo Penal.<\/p>\n<\/div>\n<div class=\"mc-column content-text active-extra-styles \" style=\"text-align: justify;\" data-block-type=\"unstyled\" data-block-weight=\"48\" data-block-id=\"11\">\n<p class=\"content-text__container \" data-track-category=\"Link no Texto\" data-track-links=\"\">Por entender que, ao menos neste momento, a segrega\u00e7\u00e3o cautelar do indiciado \u00e9 necess\u00e1ria \u00e0 garantia da ordem p\u00fablica, representada pela salvaguarda da vida e da integridade f\u00edsica da v\u00edtima, a Pol\u00edcia Civil deixou de arbitrar-lhe fian\u00e7a e pediu \u00e0 Justi\u00e7a a convers\u00e3o do flagrante em pris\u00e3o preventiva.<\/p>\n<\/div>\n<div class=\"mc-column content-text active-extra-styles \" data-block-type=\"unstyled\" data-block-weight=\"60\" data-block-id=\"12\">\n<p class=\"content-text__container \" style=\"text-align: justify;\" data-track-category=\"Link no Texto\" data-track-links=\"\">Caso o Poder Judici\u00e1rio entenda n\u00e3o ser necess\u00e1ria a pris\u00e3o cautelar do envolvido, a Pol\u00edcia Civil ainda representou \u00e0 Justi\u00e7a, em car\u00e1ter subsidi\u00e1rio, pela decreta\u00e7\u00e3o de medica cautelar para proibir o indiciado de se aproximar, acessar ou frequentar a resid\u00eancia da fam\u00edlia e para impedir que o jovem mantenha contato por qualquer meio com o av\u00f4 e com a m\u00e3e.<\/p>\n<p style=\"text-align: justify;\" data-track-category=\"Link no Texto\" data-track-links=\"\">Fonte: G1<\/p>\n<\/div>\n<\/div>\n<\/div>\n","protected":false},"excerpt":{"rendered":"<p>M\u00e3e do rapaz disse \u00e0 Pol\u00edcia Civil que o jovem praticou a agress\u00e3o para fazer o idoso urinar sentado para n\u00e3o sujar o banheiro da resid\u00eancia, na Vila Ang\u00e9lica, em Presidente Prudente. Um rapaz de 20 anos foi preso em flagrante, na manh\u00e3 desta quarta-feira (15), ap\u00f3s agredir o seu pr\u00f3prio av\u00f4, de 88 anos, [&hellip;]<\/p>\n","protected":false},"author":1,"featured_media":16426,"comment_status":"closed","ping_status":"open","sticky":false,"template":"","format":"standard","meta":{"footnotes":""},"categories":[110,2],"tags":[],"class_list":["post-16425","post","type-post","status-publish","format-standard","has-post-thumbnail","hentry","category-noticiasdestaque","category-policial"],"_links":{"self":[{"href":"https:\/\/jorgezanoni.com.br\/2019\/wp-json\/wp\/v2\/posts\/16425","targetHints":{"allow":["GET"]}}],"collection":[{"href":"https:\/\/jorgezanoni.com.br\/2019\/wp-json\/wp\/v2\/posts"}],"about":[{"href":"https:\/\/jorgezanoni.com.br\/2019\/wp-json\/wp\/v2\/types\/post"}],"author":[{"embeddable":true,"href":"https:\/\/jorgezanoni.com.br\/2019\/wp-json\/wp\/v2\/users\/1"}],"replies":[{"embeddable":true,"href":"https:\/\/jorgezanoni.com.br\/2019\/wp-json\/wp\/v2\/comments?post=16425"}],"version-history":[{"count":0,"href":"https:\/\/jorgezanoni.com.br\/2019\/wp-json\/wp\/v2\/posts\/16425\/revisions"}],"wp:featuredmedia":[{"embeddable":true,"href":"https:\/\/jorgezanoni.com.br\/2019\/wp-json\/wp\/v2\/media\/16426"}],"wp:attachment":[{"href":"https:\/\/jorgezanoni.com.br\/2019\/wp-json\/wp\/v2\/media?parent=16425"}],"wp:term":[{"taxonomy":"category","embeddable":true,"href":"https:\/\/jorgezanoni.com.br\/2019\/wp-json\/wp\/v2\/categories?post=16425"},{"taxonomy":"post_tag","embeddable":true,"href":"https:\/\/jorgezanoni.com.br\/2019\/wp-json\/wp\/v2\/tags?post=16425"}],"curies":[{"name":"wp","href":"https:\/\/api.w.org\/{rel}","templated":true}]}}