{"id":16414,"date":"2020-01-15T20:55:35","date_gmt":"2020-01-15T20:55:35","guid":{"rendered":"https:\/\/jorgezanoni.com.br\/2019\/?p=16414"},"modified":"2020-01-15T20:55:35","modified_gmt":"2020-01-15T20:55:35","slug":"nova-cpi-investigara-empenhos-de-viagens-do-executivo-com-vereadores-de-pacaembu","status":"publish","type":"post","link":"https:\/\/jorgezanoni.com.br\/2019\/nova-cpi-investigara-empenhos-de-viagens-do-executivo-com-vereadores-de-pacaembu\/","title":{"rendered":"Nova CPI investigar\u00e1 empenhos de viagens do Executivo com vereadores de Pacaembu"},"content":{"rendered":"<div>\n<p style=\"text-align: justify;\">Na manh\u00e3 desta quarta-feira, 15, o vereador Adelmir Ferrari (Boquinha), do DEM, protocolou um novo pedido de abertura de CPI (Comiss\u00e3o Parlamentar de Inqu\u00e9rito) na C\u00e2mara de Pacaembu. Segundo o apurado pelo vereador, h\u00e1 ind\u00edcios de superfaturamento em notas de viagens do Executivo, al\u00e9m de gastos injustific\u00e1veis e desproporcionais.<\/p>\n<p style=\"text-align: justify;\">Segundo o requerimento de abertura da CPI, diversas viagens do Executivo \u00e0 S\u00e3o Paulo-SP e Bras\u00edlia-DF, tiveram gastos muito acima dos pre\u00e7os convencionais com alimenta\u00e7\u00e3o e di\u00e1rias de hotel.<\/p>\n<p style=\"text-align: justify;\">Al\u00e9m disso, compras injustific\u00e1veis de queijos meia-cura, salames, brinquedos e rem\u00e9dios de uso pessoal constavam nas notas fiscais da prefeitura em viagens do prefeito Maciel Colpas (PSDB).<\/p>\n<p style=\"text-align: justify;\">O requerimento de abertura identifica a suposta presen\u00e7a dos vereadores acompanhando o prefeito em algumas viagens, inclusive com provas de mat\u00e9rias jornal\u00edsticas. Por isso, ao final, o vereador requerente solicitou o impedimento dos vereadores citados na den\u00fancia para aprecia\u00e7\u00e3o do feito, por quest\u00e3o de suspei\u00e7\u00e3o.<\/p>\n<p style=\"text-align: justify;\">Segundo o documento, os vereadores Messias (PSDB), Cido Frias (PSDB), Marquinhos Lourencetti (PP), e Pessan (MDB), estiveram nestas viagens acompanhando o prefeito, e portanto, devem ser impedidos de votar.<\/p>\n<p style=\"text-align: justify;\">Em uma destas viagens com alguns vereadores, segundo o requerimento, foi identificado um gasto de cerca de R$345,50 com consumo de frigobar, al\u00e9m de outras despesas ordenadas pela Prefeitura Municipal, que supostamente teriam custeado a estadia dos vereadores Cido Frias (PSBD), Marquinhos (PP), e Pessan (MDB), em Bras\u00edlia-DF, acompanhando o prefeito Maciel, no Hotel Planalto Bittar.<\/p>\n<p style=\"text-align: justify;\">Em S\u00e3o Paulo-SP, segundo apurado pelo vereador, em apenas uma viagem, os gastos com hospedagem no Hotel King, em mar\u00e7o de 2018, chegaram ao valor de R$2.495,00, para apenas 4 di\u00e1rias no hotel. Uma suposta diferen\u00e7a apontada em cerca de R$1.935,00, com o pre\u00e7o m\u00e9dio sugerido pelo mesmo hotel.<\/p>\n<p style=\"text-align: justify;\">O requerimento de abertura da investiga\u00e7\u00e3o foi apoiado pelos vereadores Luiz Steque (PSB), Jo\u00e3o Parra (PV) e Ilso Mazali (MDB), que solicitaram oficialmente a abertura da CPI para apura\u00e7\u00e3o dos fatos.<\/p>\n<p style=\"text-align: justify;\">Ao Fala Pacaembu, o vereador Boquinha afirmou que a investiga\u00e7\u00e3o trar\u00e1 transpar\u00eancia para essas e outras viagens que ainda ser\u00e3o analisadas, e que \u201cn\u00e3o podemos tolerar abusos e descaso com dinheiro p\u00fablico\u201d.<\/p>\n<p style=\"text-align: justify;\">O pr\u00f3ximo passo \u00e9 o sorteio dos membros que far\u00e3o parte da Comiss\u00e3o Processante, que averiguar\u00e1 o feito, e o colocar\u00e1 em vota\u00e7\u00e3o no plen\u00e1rio da C\u00e2mara.<\/p>\n<p>Fonte: Thiago Redondaro\/falapacaembu.com.br<\/p>\n<\/div>\n<div class=\"row\">\n<div class=\"col-xs-12 col-ms-12 col-md-12 col-lg-12\">\n<h4 style=\"text-align: justify;\"><\/h4>\n<\/div>\n<\/div>\n","protected":false},"excerpt":{"rendered":"<p>Na manh\u00e3 desta quarta-feira, 15, o vereador Adelmir Ferrari (Boquinha), do DEM, protocolou um novo pedido de abertura de CPI (Comiss\u00e3o Parlamentar de Inqu\u00e9rito) na C\u00e2mara de Pacaembu. Segundo o apurado pelo vereador, h\u00e1 ind\u00edcios de superfaturamento em notas de viagens do Executivo, al\u00e9m de gastos injustific\u00e1veis e desproporcionais. Segundo o requerimento de abertura da [&hellip;]<\/p>\n","protected":false},"author":1,"featured_media":16415,"comment_status":"closed","ping_status":"open","sticky":false,"template":"","format":"standard","meta":{"footnotes":""},"categories":[179,191],"tags":[],"class_list":["post-16414","post","type-post","status-publish","format-standard","has-post-thumbnail","hentry","category-cidadeseregiao","category-pacaembu"],"_links":{"self":[{"href":"https:\/\/jorgezanoni.com.br\/2019\/wp-json\/wp\/v2\/posts\/16414","targetHints":{"allow":["GET"]}}],"collection":[{"href":"https:\/\/jorgezanoni.com.br\/2019\/wp-json\/wp\/v2\/posts"}],"about":[{"href":"https:\/\/jorgezanoni.com.br\/2019\/wp-json\/wp\/v2\/types\/post"}],"author":[{"embeddable":true,"href":"https:\/\/jorgezanoni.com.br\/2019\/wp-json\/wp\/v2\/users\/1"}],"replies":[{"embeddable":true,"href":"https:\/\/jorgezanoni.com.br\/2019\/wp-json\/wp\/v2\/comments?post=16414"}],"version-history":[{"count":0,"href":"https:\/\/jorgezanoni.com.br\/2019\/wp-json\/wp\/v2\/posts\/16414\/revisions"}],"wp:featuredmedia":[{"embeddable":true,"href":"https:\/\/jorgezanoni.com.br\/2019\/wp-json\/wp\/v2\/media\/16415"}],"wp:attachment":[{"href":"https:\/\/jorgezanoni.com.br\/2019\/wp-json\/wp\/v2\/media?parent=16414"}],"wp:term":[{"taxonomy":"category","embeddable":true,"href":"https:\/\/jorgezanoni.com.br\/2019\/wp-json\/wp\/v2\/categories?post=16414"},{"taxonomy":"post_tag","embeddable":true,"href":"https:\/\/jorgezanoni.com.br\/2019\/wp-json\/wp\/v2\/tags?post=16414"}],"curies":[{"name":"wp","href":"https:\/\/api.w.org\/{rel}","templated":true}]}}