{"id":16405,"date":"2020-01-15T20:29:14","date_gmt":"2020-01-15T20:29:14","guid":{"rendered":"https:\/\/jorgezanoni.com.br\/2019\/?p=16405"},"modified":"2020-01-15T20:29:14","modified_gmt":"2020-01-15T20:29:14","slug":"caso-emanuelle-vizinho-suspeito-de-matar-menina-a-facadas-e-encontrado-morto-em-presidio","status":"publish","type":"post","link":"https:\/\/jorgezanoni.com.br\/2019\/caso-emanuelle-vizinho-suspeito-de-matar-menina-a-facadas-e-encontrado-morto-em-presidio\/","title":{"rendered":"Caso Emanuelle: vizinho suspeito de matar menina a facadas \u00e9 encontrado morto em pres\u00eddio"},"content":{"rendered":"<h2 class=\"content-head__subtitle\" style=\"text-align: justify;\"><strong>Aguinaldo Guilherme Assun\u00e7\u00e3o estava no presidio de Cerqueira C\u00e9sar (SP) desde a tarde de ter\u00e7a-feira (14), quando teve a pris\u00e3o preventiva decretada. Ele era vizinho da fam\u00edlia de Emanuelle e confessou que matou a menina por vingan\u00e7a em Chavantes.<\/strong><\/h2>\n<div class=\"mc-column content-text active-extra-styles \" data-block-type=\"unstyled\" data-block-weight=\"43\" data-block-id=\"2\">\n<p class=\"content-text__container \" style=\"text-align: justify;\" data-track-category=\"Link no Texto\" data-track-links=\"\">O suspeito de\u00a0<a href=\"https:\/\/g1.globo.com\/sp\/bauru-marilia\/noticia\/2020\/01\/14\/caso-emanuelle-vizinho-diz-a-policia-que-matou-menina-a-facadas-por-vinganca-contra-a-mae-dela.ghtml\">matar com 13 facadas a menina Emanuelle Pestana de Castro<\/a>, de 8 anos, em Chavantes (SP), foi encontrado morto na manh\u00e3 desta quarta-feira (15) dentro da cela onde estava preso, no Centro de Deten\u00e7\u00e3o Provis\u00f3ria (CDP) de Cerqueira C\u00e9sar (SP).<\/p>\n<\/div>\n<div class=\"wall protected-content\">\n<div class=\"mc-column content-text active-extra-styles \" data-block-type=\"unstyled\" data-block-weight=\"41\" data-block-id=\"3\">\n<p class=\"content-text__container \" style=\"text-align: justify;\" data-track-category=\"Link no Texto\" data-track-links=\"\"><a href=\"https:\/\/g1.globo.com\/sp\/bauru-marilia\/noticia\/2020\/01\/11\/menina-desaparece-enquanto-brincava-em-praca-perto-de-casa-em-chavantes.ghtml\">Emanuelle estava desaparecida desde sexta-feira (10)<\/a>, quando saiu para brincar no parquinho de uma pra\u00e7a do bairro Cohab, em Chavantes. O\u00a0<a href=\"https:\/\/g1.globo.com\/sp\/bauru-marilia\/noticia\/2020\/01\/13\/menina-de-8-anos-que-sumiu-apos-brincar-em-praca-e-achada-morta-na-area-rural-de-chavantes.ghtml\">corpo da menina foi encontrado na noite de segunda-feira (13)<\/a>\u00a0pr\u00f3ximo a um c\u00f3rrego em uma \u00e1rea rural da cidade.<\/p>\n<div class=\"mc-column content-text active-extra-styles \" style=\"text-align: justify;\" data-block-type=\"unstyled\" data-block-weight=\"40\" data-block-id=\"5\">\n<p class=\"content-text__container \" data-track-category=\"Link no Texto\" data-track-links=\"\">Segundo o boletim de ocorr\u00eancia, o funcion\u00e1rio do CDP fazia a contagem de presos na cela quando verificou que Aguinaldo Guilherme Assun\u00e7\u00e3o, de 49 anos, estava com um len\u00e7ol enrolado no corpo. A morte do preso foi confirmada pela enfermaria.<\/p>\n<\/div>\n<div class=\"mc-column content-text active-extra-styles \" data-block-type=\"unstyled\" data-block-weight=\"20\" data-block-id=\"7\">\n<p class=\"content-text__container \" style=\"text-align: justify;\" data-track-category=\"Link no Texto\" data-track-links=\"\">Ainda de acordo com o registro da Pol\u00edcia Civil, Aguinaldo estava sozinho na cela no momento em que foi encontrado.<\/p>\n<div class=\"mc-column content-text active-extra-styles \" style=\"text-align: justify;\" data-block-type=\"unstyled\" data-block-weight=\"40\" data-block-id=\"9\">\n<p class=\"content-text__container \" data-track-category=\"Link no Texto\" data-track-links=\"\">O suspeito estava preso no local desde a tarde de ter\u00e7a-feira (14), quando passou por audi\u00eancia de cust\u00f3dia e teve a\u00a0<a href=\"https:\/\/g1.globo.com\/sp\/bauru-marilia\/noticia\/2020\/01\/14\/caso-emanuelle-suspeito-de-matar-menina-com-mais-de-10-facadas-tem-prisao-preventiva-decretada.ghtml\">pris\u00e3o preventiva decretada<\/a>. Ele confessou ter matado Emanuelle a facadas e indicou \u00e0 pol\u00edcia onde estava o corpo.<\/p>\n<\/div>\n<div class=\"mc-column content-text active-extra-styles \" style=\"text-align: justify;\" data-block-type=\"unstyled\" data-block-weight=\"55\" data-block-id=\"10\">\n<p class=\"content-text__container \" data-track-category=\"Link no Texto\" data-track-links=\"\">De acordo com a pol\u00edcia, a morte de Aguinaldo pode atrapalhar as investiga\u00e7\u00f5es, pois a pol\u00edcia poderia colher novas informa\u00e7\u00f5es do suspeito. A pol\u00edcia diz que tem certeza que Aguinaldo \u00e9 o culpado pela morte de Emanuelle porque ele confessou. Al\u00e9m disso, a pol\u00edcia informou que, em casos desse tipo, o criminoso geralmente age sozinho.<\/p>\n<\/div>\n<div class=\"mc-column content-text active-extra-styles \" style=\"text-align: justify;\" data-block-type=\"unstyled\" data-block-weight=\"22\" data-block-id=\"11\">\n<p class=\"content-text__container \" data-track-category=\"Link no Texto\" data-track-links=\"\">Segundo o delegado Ant\u00f4nio Jos\u00e9 Fernandes Vieira, Aguinaldo j\u00e1 havia sido\u00a0<a href=\"https:\/\/g1.globo.com\/sp\/bauru-marilia\/noticia\/2020\/01\/15\/caso-emanuelle-homem-preso-por-matar-menina-a-facadas-foi-condenado-pelo-homicidio-do-irmao-em-1988.ghtml\">condenado e cumpriu pena em 1988 por ter assassinado o irm\u00e3o<\/a>.<\/p>\n<\/div>\n<div class=\"mc-column content-text active-extra-styles\" style=\"text-align: justify;\" data-block-type=\"raw\" data-block-weight=\"1\" data-block-id=\"12\">\n<div class=\"content-intertitle\">\n<h2>Crime<\/h2>\n<\/div>\n<\/div>\n<div class=\"mc-column content-text active-extra-styles \" style=\"text-align: justify;\" data-block-type=\"unstyled\" data-block-weight=\"40\" data-block-id=\"13\">\n<p class=\"content-text__container \" data-track-category=\"Link no Texto\" data-track-links=\"\">O corpo de Emanuelle Pestana de Castro<a href=\"https:\/\/g1.globo.com\/sp\/bauru-marilia\/noticia\/2020\/01\/13\/menina-de-8-anos-que-sumiu-apos-brincar-em-praca-e-achada-morta-na-area-rural-de-chavantes.ghtml\">\u00a0foi encontrado na noite de segunda-feira\u00a0<\/a>em uma \u00e1rea de mata na Fazenda Santana Nova, perto de um c\u00f3rrego, depois que o suspeito Aguinaldo Guilherme Assun\u00e7\u00e3o, 49 anos, confessou que matou a menina.<\/p>\n<div class=\"mc-column content-text active-extra-styles \" data-block-type=\"unstyled\" data-block-weight=\"38\" data-block-id=\"16\">\n<p class=\"content-text__container \" data-track-category=\"Link no Texto\" data-track-links=\"\">O suspeito relatou, durante depoimento \u00e0 pol\u00edcia, que<a href=\"https:\/\/g1.globo.com\/sp\/bauru-marilia\/noticia\/2020\/01\/14\/caso-emanuelle-vizinho-diz-a-policia-que-matou-menina-a-facadas-por-vinganca-contra-a-mae-dela.ghtml\">\u00a0<\/a><a href=\"https:\/\/g1.globo.com\/sp\/bauru-marilia\/noticia\/2020\/01\/14\/caso-emanuelle-vizinho-diz-a-policia-que-matou-menina-a-facadas-por-vinganca-contra-a-mae-dela.ghtml\">assassinou a menina por vingan\u00e7a contra a m\u00e3e dela<\/a>. Segundo depoimento, a mulher n\u00e3o deixava a menina brincar com o enteado dele. No entanto, essa vers\u00e3o \u00e9 questionada pela pol\u00edcia.<\/p>\n<\/div>\n<div class=\"mc-column content-text active-extra-styles \" data-block-type=\"unstyled\" data-block-weight=\"16\" data-block-id=\"17\">\n<p class=\"content-text__container \" data-track-category=\"Link no Texto\" data-track-links=\"\">Emanuelle\u00a0<a href=\"https:\/\/g1.globo.com\/sp\/bauru-marilia\/noticia\/2020\/01\/14\/caso-emanuelle-menina-encontrada-morta-apos-desaparecer-enquanto-brincava-em-praca-e-velada-em-chavantes.ghtml\">foi velada por parentes e amigos na ter\u00e7a-feira e enterrada<\/a>\u00a0no Cemit\u00e9rio Municipal de Chavantes.<\/p>\n<div class=\"mc-column content-text active-extra-styles \" data-block-type=\"unstyled\" data-block-weight=\"44\" data-block-id=\"19\">\n<p class=\"content-text__container \" data-track-category=\"Link no Texto\" data-track-links=\"\">Antes de ser velado, o corpo de Emanuelle passou por aut\u00f3psia na manh\u00e3 de ter\u00e7a-feira e o exame necrosc\u00f3pico apontou que a\u00a0<a href=\"https:\/\/g1.globo.com\/sp\/bauru-marilia\/noticia\/2020\/01\/14\/caso-emanuelle-menina-achada-morta-apos-desaparecer-enquanto-brincava-em-praca-levou-13-facadas-aponta-exame.ghtml\">menina levou oito facadas nas costas e cinco no peito<\/a>. Segundo o delegado seccional, o laudo contesta a vers\u00e3o apresentada pelo suspeito.<\/p>\n<\/div>\n<div class=\"mc-column content-text active-extra-styles \" data-block-type=\"unstyled\" data-block-weight=\"41\" data-block-id=\"20\">\n<p class=\"content-text__container \" data-track-category=\"Link no Texto\" data-track-links=\"\">\u201cEle alegava que tinha dado uma facada na costas e, na sequ\u00eancia, tr\u00eas no t\u00f3rax. O<a href=\"https:\/\/g1.globo.com\/sp\/bauru-marilia\/noticia\/2020\/01\/14\/caso-emanuelle-menina-achada-morta-apos-desaparecer-enquanto-brincava-em-praca-levou-13-facadas-aponta-exame.ghtml\">\u00a0exame necrosc\u00f3pico revelou que foram 13 facadas<\/a>: oito nas costas e cinco no peito. Destas, seis s\u00e3o mais relevantes, foram mais profundas\u201d, destaca o delegado.<\/p>\n<div class=\"mc-column content-text active-extra-styles \" data-block-type=\"unstyled\" data-block-weight=\"40\" data-block-id=\"23\">\n<p class=\"content-text__container \" data-track-category=\"Link no Texto\" data-track-links=\"\">O laudo tamb\u00e9m apontou que o h\u00edmen da menina n\u00e3o foi rompido, o que indica que n\u00e3o houve penetra\u00e7\u00e3o. Por\u00e9m, outros tipos de abuso sexual ainda n\u00e3o foram descartados pela pol\u00edcia e novos exames ser\u00e3o feitos para continuar a investiga\u00e7\u00e3o.<\/p>\n<\/div>\n<div class=\"mc-column content-text active-extra-styles \" data-block-type=\"unstyled\" data-block-weight=\"47\" data-block-id=\"24\">\n<p class=\"content-text__container \" data-track-category=\"Link no Texto\" data-track-links=\"\">Ainda de acordo com o delegado, o exame tamb\u00e9m procurou verificar se a menina tentou reagir aos golpes analisando vest\u00edgios de pele do suspeito embaixo das unhas da v\u00edtima. No entanto, o delegado afirmou que &#8220;foi muito dif\u00edcil ter uma rea\u00e7\u00e3o pelas facadas terem sido nas costas\u201d.<\/p>\n<h2><strong>C\u00e2meras de seguran\u00e7a<\/strong><\/h2>\n<p><img loading=\"lazy\" decoding=\"async\" class=\"alignnone size-full wp-image-16406\" src=\"https:\/\/jorgezanoni.com.br\/2019\/wp-content\/uploads\/2020\/01\/ema1.jpg\" alt=\"\" width=\"640\" height=\"442\" srcset=\"https:\/\/jorgezanoni.com.br\/2019\/wp-content\/uploads\/2020\/01\/ema1.jpg 640w, https:\/\/jorgezanoni.com.br\/2019\/wp-content\/uploads\/2020\/01\/ema1-300x207.jpg 300w, https:\/\/jorgezanoni.com.br\/2019\/wp-content\/uploads\/2020\/01\/ema1-100x70.jpg 100w, https:\/\/jorgezanoni.com.br\/2019\/wp-content\/uploads\/2020\/01\/ema1-218x150.jpg 218w, https:\/\/jorgezanoni.com.br\/2019\/wp-content\/uploads\/2020\/01\/ema1-608x420.jpg 608w\" sizes=\"auto, (max-width: 640px) 100vw, 640px\" \/><\/p>\n<p>Novas imagens mostram menina a caminho de pra\u00e7a momentos antes de desaparecer em Chavantes \u2014 Foto: C\u00e2meras de Seguran\u00e7a<\/p>\n<div class=\"mc-column content-text active-extra-styles \" data-block-type=\"unstyled\" data-block-weight=\"27\" data-block-id=\"27\">\n<p class=\"content-text__container \" data-track-category=\"Link no Texto\" data-track-links=\"\">A pol\u00edcia chegou ao suspeito depois de analisar as imagens das c\u00e2meras de seguran\u00e7a pr\u00f3ximas \u00e0 pra\u00e7a do bairro Cohab, onde Emanuelle brincava na tarde de sexta-feira.<\/p>\n<\/div>\n<div class=\"mc-column content-text active-extra-styles \" data-block-type=\"unstyled\" data-block-weight=\"56\" data-block-id=\"28\">\n<p class=\"content-text__container \" data-track-category=\"Link no Texto\" data-track-links=\"\">A pol\u00edcia verificou que\u00a0<a href=\"https:\/\/g1.globo.com\/sp\/bauru-marilia\/noticia\/2020\/01\/14\/caso-emanuelle-video-mostra-abordagem-de-suspeito-antes-de-menina-sumir-e-ser-achada-morta.ghtml\">Aguinaldo aparecia duas vezes no v\u00eddeo<\/a>. O que chamou a aten\u00e7\u00e3o da pol\u00edcia \u00e9 que entre uma apari\u00e7\u00e3o e outra, registradas no mesmo dia, ele est\u00e1 com roupas diferentes. Em um primeiro momento, o homem aparece de camiseta branca e a p\u00e9, e passa ao lado da garota, que caminha pelo bairro.<\/p>\n<p data-track-category=\"Link no Texto\" data-track-links=\"\"><a href=\"https:\/\/g1.globo.com\/sp\/bauru-marilia\/noticia\/2020\/01\/14\/caso-emanuelle-video-mostra-abordagem-de-suspeito-antes-de-menina-sumir-e-ser-achada-morta.ghtml\">Depois, em outra c\u00e2mera de seguran\u00e7a<\/a>, o suspeito \u00e9 visto perto da pra\u00e7a de camiseta vermelha e em uma bicicleta. Ele vai na dire\u00e7\u00e3o da crian\u00e7a, que aparece no canto direito de vestido branco, e faz abordagem. Em seguida, ele sai com a bicicleta e a menina \u00e9 vista atravessando a via.<\/p>\n<div class=\"mc-column content-text active-extra-styles \" data-block-type=\"unstyled\" data-block-weight=\"37\" data-block-id=\"33\">\n<p class=\"content-text__container \" data-track-category=\"Link no Texto\" data-track-links=\"\">Aguinaldo j\u00e1 havia prestado depoimento \u00e0 pol\u00edcia e\u00a0<a href=\"https:\/\/g1.globo.com\/sp\/bauru-marilia\/noticia\/2020\/01\/13\/novas-imagens-mostram-menina-a-caminho-de-praca-momentos-antes-de-desaparecer-no-interior-de-sp.ghtml\">negado saber de qualquer informa\u00e7\u00e3o\u00a0<\/a>sobre o desaparecimento da crian\u00e7a. Contudo, ele acabou confessando o crime \u00e0 pol\u00edcia, depois de confrontado com as imagens das c\u00e2meras de seguran\u00e7a.<\/p>\n<\/div>\n<div class=\"mc-column content-text active-extra-styles \" data-block-type=\"unstyled\" data-block-weight=\"34\" data-block-id=\"34\">\n<p class=\"content-text__container \" data-track-category=\"Link no Texto\" data-track-links=\"\">&#8220;Ele falava que tinha mantido apenas um contato, mas isso foi desmentido pelo estudo das c\u00e2meras que mostra um outro contato, inclusive com roupas diferentes, o que era estranho&#8221;, afirma o delegado Vieira.<\/p>\n<p data-track-category=\"Link no Texto\" data-track-links=\"\"><a href=\"https:\/\/g1.globo.com\/sp\/bauru-marilia\/noticia\/2020\/01\/12\/camera-de-seguranca-mostra-menina-em-praca-momentos-antes-de-desaparecer-em-chavantes.ghtml\">Imagens em que a menina aparece brincando na pra\u00e7a<\/a>\u00a0e a caminho do\u00a0<a href=\"https:\/\/g1.globo.com\/sp\/bauru-marilia\/noticia\/2020\/01\/13\/novas-imagens-mostram-menina-a-caminho-de-praca-momentos-antes-de-desaparecer-no-interior-de-sp.ghtml\">parquinho em Chavantes<\/a>\u00a0tamb\u00e9m foram analisadas pela pol\u00edcia.<\/p>\n<div class=\"mc-column content-text active-extra-styles\" data-block-type=\"raw\" data-block-weight=\"1\" data-block-id=\"39\">\n<div class=\"content-intertitle\">\n<h2><strong>Buscas<\/strong><\/h2>\n<\/div>\n<\/div>\n<div class=\"mc-column content-text active-extra-styles \" data-block-type=\"unstyled\" data-block-weight=\"44\" data-block-id=\"40\">\n<p class=\"content-text__container \" data-track-category=\"Link no Texto\" data-track-links=\"\">Enquanto ficou desaparecida, a\u00a0<a href=\"https:\/\/g1.globo.com\/sp\/bauru-marilia\/noticia\/2020\/01\/11\/menina-desaparece-enquanto-brincava-em-praca-perto-de-casa-em-chavantes.ghtml\">comunidade de Chavantes se mobilizou em busca<\/a>\u00a0de pistas pela menina de 8 anos. Parentes, vizinhos, policiais, equipes do Canil da PM e at\u00e9 um grupo de volunt\u00e1rios de Mar\u00edlia especializado nesse tipo de trabalho se mobilizaram em encontrar Emanuelle.<\/p>\n<p data-track-category=\"Link no Texto\" data-track-links=\"\"><img loading=\"lazy\" decoding=\"async\" class=\"alignnone size-full wp-image-16407\" src=\"https:\/\/jorgezanoni.com.br\/2019\/wp-content\/uploads\/2020\/01\/ema2.jpg\" alt=\"\" width=\"640\" height=\"441\" srcset=\"https:\/\/jorgezanoni.com.br\/2019\/wp-content\/uploads\/2020\/01\/ema2.jpg 640w, https:\/\/jorgezanoni.com.br\/2019\/wp-content\/uploads\/2020\/01\/ema2-300x207.jpg 300w, https:\/\/jorgezanoni.com.br\/2019\/wp-content\/uploads\/2020\/01\/ema2-100x70.jpg 100w, https:\/\/jorgezanoni.com.br\/2019\/wp-content\/uploads\/2020\/01\/ema2-218x150.jpg 218w, https:\/\/jorgezanoni.com.br\/2019\/wp-content\/uploads\/2020\/01\/ema2-610x420.jpg 610w\" sizes=\"auto, (max-width: 640px) 100vw, 640px\" \/><\/p>\n<div class=\"row medium-uncollapsed content-media content-photo\" data-block-type=\"backstage-photo\" data-block-id=\"41\">\n<div class=\"mc-column content-media__container\">\n<p class=\"content-media__description \">C\u00e3o farejador ajudou nas buscas por Emanuelle em Chavantes \u2014 Foto: TV TEM\/Reprodu\u00e7\u00e3o<\/p>\n<\/div>\n<\/div>\n<div class=\"mc-column content-text active-extra-styles \" data-block-type=\"unstyled\" data-block-weight=\"28\" data-block-id=\"42\">\n<p class=\"content-text__container \" data-track-category=\"Link no Texto\" data-track-links=\"\">A\u00a0<a href=\"https:\/\/g1.globo.com\/sp\/bauru-marilia\/noticia\/2020\/01\/12\/camera-de-seguranca-mostra-menina-em-praca-momentos-antes-de-desaparecer-em-chavantes.ghtml\">garota desapareceu enquanto brincava em um parquinho<\/a>, no bairro Cohab. Ela n\u00e3o foi mais vista por volta das 17h, quando uma amiga que a acompanhava foi embora.<\/p>\n<\/div>\n<div class=\"mc-column content-text active-extra-styles \" data-block-type=\"unstyled\" data-block-weight=\"28\" data-block-id=\"43\">\n<p class=\"content-text__container \" data-track-category=\"Link no Texto\" data-track-links=\"\">A\u00a0<a href=\"https:\/\/g1.globo.com\/sp\/bauru-marilia\/noticia\/2020\/01\/13\/policia-civil-analisa-imagens-e-ouve-testemunhas-em-busca-da-menina-de-8-anos-que-sumiu-em-praca.ghtml\">Pol\u00edcia Civil chegou a ouvir v\u00e1rias pessoas<\/a>\u00a0que tiveram contato com a menina, inclusive as crian\u00e7as que brincaram com ela no parquinho no dia do seu desaparecimento.<\/p>\n<div class=\"mc-column content-text active-extra-styles \" data-block-type=\"unstyled\" data-block-weight=\"30\" data-block-id=\"46\">\n<p class=\"content-text__container \" data-track-category=\"Link no Texto\" data-track-links=\"\">De acordo com Josimara Roberta Assun\u00e7\u00e3o, vizinha da fam\u00edlia, a m\u00e3e ia at\u00e9 o local para verificar como a filha estava. Por volta das 17h, ela n\u00e3o foi mais vista.<\/p>\n<\/div>\n<div class=\"mc-column content-text active-extra-styles \" data-block-type=\"unstyled\" data-block-weight=\"51\" data-block-id=\"47\">\n<p class=\"content-text__container \" data-track-category=\"Link no Texto\" data-track-links=\"\">&#8220;Na hora que foi umas quatro e pouco [da tarde], a m\u00e3e veio aqui [na pra\u00e7a] e ela estava brincando. Quando foi umas cinco, ela veio e a Emanuelle falou: &#8216;vai descendo que eu j\u00e1 vou&#8217;. A m\u00e3e foi, mas na hora que voltou, Emanuelle j\u00e1 n\u00e3o estava aqui&#8221;, conta Josimara.<\/p>\n<p data-track-category=\"Link no Texto\" data-track-links=\"\"><img loading=\"lazy\" decoding=\"async\" class=\"alignnone size-full wp-image-16408\" src=\"https:\/\/jorgezanoni.com.br\/2019\/wp-content\/uploads\/2020\/01\/ema4.jpg\" alt=\"\" width=\"640\" height=\"370\" srcset=\"https:\/\/jorgezanoni.com.br\/2019\/wp-content\/uploads\/2020\/01\/ema4.jpg 640w, https:\/\/jorgezanoni.com.br\/2019\/wp-content\/uploads\/2020\/01\/ema4-300x173.jpg 300w\" sizes=\"auto, (max-width: 640px) 100vw, 640px\" \/><\/p>\n<p data-track-category=\"Link no Texto\" data-track-links=\"\">O desaparecimento de Emanuelle mobilizou a pol\u00edcia, volunt\u00e1rios e moradores de Chavantes \u2014 Foto: Reprodu\u00e7\u00e3o\/TV TEM<\/p>\n<p data-track-category=\"Link no Texto\" data-track-links=\"\">Fonte: https:\/\/g1.globo.com\/sp\/bauru-marilia\/noticia\/2020\/01\/15\/caso-emanuelle-vizinho-suspeito-de-matar-menina-a-facadas-e-encontrado-morto-em-presidio.ghtml<\/p>\n<p data-track-category=\"Link no Texto\" data-track-links=\"\">\n<\/div>\n<\/div>\n<p data-track-category=\"Link no Texto\" data-track-links=\"\">\n<\/div>\n<\/div>\n<\/div>\n<\/div>\n<\/div>\n<\/div>\n<\/div>\n<p style=\"text-align: justify;\" data-track-category=\"Link no Texto\" data-track-links=\"\">\n<\/div>\n<\/div>\n<\/div>\n","protected":false},"excerpt":{"rendered":"<p>Aguinaldo Guilherme Assun\u00e7\u00e3o estava no presidio de Cerqueira C\u00e9sar (SP) desde a tarde de ter\u00e7a-feira (14), quando teve a pris\u00e3o preventiva decretada. Ele era vizinho da fam\u00edlia de Emanuelle e confessou que matou a menina por vingan\u00e7a em Chavantes. O suspeito de\u00a0matar com 13 facadas a menina Emanuelle Pestana de Castro, de 8 anos, em [&hellip;]<\/p>\n","protected":false},"author":1,"featured_media":16409,"comment_status":"closed","ping_status":"open","sticky":false,"template":"","format":"standard","meta":{"footnotes":""},"categories":[110,2],"tags":[],"class_list":["post-16405","post","type-post","status-publish","format-standard","has-post-thumbnail","hentry","category-noticiasdestaque","category-policial"],"_links":{"self":[{"href":"https:\/\/jorgezanoni.com.br\/2019\/wp-json\/wp\/v2\/posts\/16405","targetHints":{"allow":["GET"]}}],"collection":[{"href":"https:\/\/jorgezanoni.com.br\/2019\/wp-json\/wp\/v2\/posts"}],"about":[{"href":"https:\/\/jorgezanoni.com.br\/2019\/wp-json\/wp\/v2\/types\/post"}],"author":[{"embeddable":true,"href":"https:\/\/jorgezanoni.com.br\/2019\/wp-json\/wp\/v2\/users\/1"}],"replies":[{"embeddable":true,"href":"https:\/\/jorgezanoni.com.br\/2019\/wp-json\/wp\/v2\/comments?post=16405"}],"version-history":[{"count":0,"href":"https:\/\/jorgezanoni.com.br\/2019\/wp-json\/wp\/v2\/posts\/16405\/revisions"}],"wp:featuredmedia":[{"embeddable":true,"href":"https:\/\/jorgezanoni.com.br\/2019\/wp-json\/wp\/v2\/media\/16409"}],"wp:attachment":[{"href":"https:\/\/jorgezanoni.com.br\/2019\/wp-json\/wp\/v2\/media?parent=16405"}],"wp:term":[{"taxonomy":"category","embeddable":true,"href":"https:\/\/jorgezanoni.com.br\/2019\/wp-json\/wp\/v2\/categories?post=16405"},{"taxonomy":"post_tag","embeddable":true,"href":"https:\/\/jorgezanoni.com.br\/2019\/wp-json\/wp\/v2\/tags?post=16405"}],"curies":[{"name":"wp","href":"https:\/\/api.w.org\/{rel}","templated":true}]}}