{"id":16361,"date":"2020-01-15T01:16:59","date_gmt":"2020-01-15T01:16:59","guid":{"rendered":"https:\/\/jorgezanoni.com.br\/2019\/?p=16361"},"modified":"2020-01-15T01:16:59","modified_gmt":"2020-01-15T01:16:59","slug":"homem-e-encontrado-morto-dentro-de-residencia-em-florida-paulista","status":"publish","type":"post","link":"https:\/\/jorgezanoni.com.br\/2019\/homem-e-encontrado-morto-dentro-de-residencia-em-florida-paulista\/","title":{"rendered":"Homem \u00e9 encontrado morto dentro de resid\u00eancia em Fl\u00f3rida Paulista"},"content":{"rendered":"<p style=\"text-align: justify;\">Um homem de 67 anos de idade foi encontrado morto em uma resid\u00eancia em Fl\u00f3rida Paulista.<\/p>\n<p>De acordo com a Pol\u00edcia Militar, o fato ocorreu no in\u00edcio da tarde desta ter\u00e7a-feira (14).<\/p>\n<p style=\"text-align: justify;\">O irm\u00e3o do floridense chegou na resid\u00eancia ap\u00f3s estranhar a aus\u00eancia do homem e ao adentrar o im\u00f3vel deparou-se com o mesmo desfalecido.<\/p>\n<p>A Pol\u00edcia Militar foi acionada, por\u00e9m, o homem j\u00e1 n\u00e3o apresentava mais sinais vitais.<\/p>\n<p>Ele foi levado para a Santa Casa onde o m\u00e9dico plantonista atestou o \u00f3bito liberando o corpo para vel\u00f3rio e sepultamento.<\/p>\n<p>Ainda de acordo com a Pol\u00edcia Militar, pelo estado em que estava o corpo, acredita-se que a morte do homem tenha ocorrido nas primeiras horas da manh\u00e3 de hoje.<\/p>\n<p>Nossa reportagem tamb\u00e9m apurou que o corpo n\u00e3o possu\u00eda sinais de viol\u00eancia, o que pode indicar segundo as autoridades, que o mesmo teve morte natural.<\/p>\n<p style=\"text-align: justify;\">Foto: Diego Fernandes Silva \/ Folha Regional<\/p>\n","protected":false},"excerpt":{"rendered":"<p>Um homem de 67 anos de idade foi encontrado morto em uma resid\u00eancia em Fl\u00f3rida Paulista. De acordo com a Pol\u00edcia Militar, o fato ocorreu no in\u00edcio da tarde desta ter\u00e7a-feira (14). O irm\u00e3o do floridense chegou na resid\u00eancia ap\u00f3s estranhar a aus\u00eancia do homem e ao adentrar o im\u00f3vel deparou-se com o mesmo desfalecido. [&hellip;]<\/p>\n","protected":false},"author":1,"featured_media":16362,"comment_status":"closed","ping_status":"open","sticky":false,"template":"","format":"standard","meta":{"footnotes":""},"categories":[2],"tags":[],"class_list":["post-16361","post","type-post","status-publish","format-standard","has-post-thumbnail","hentry","category-policial"],"_links":{"self":[{"href":"https:\/\/jorgezanoni.com.br\/2019\/wp-json\/wp\/v2\/posts\/16361","targetHints":{"allow":["GET"]}}],"collection":[{"href":"https:\/\/jorgezanoni.com.br\/2019\/wp-json\/wp\/v2\/posts"}],"about":[{"href":"https:\/\/jorgezanoni.com.br\/2019\/wp-json\/wp\/v2\/types\/post"}],"author":[{"embeddable":true,"href":"https:\/\/jorgezanoni.com.br\/2019\/wp-json\/wp\/v2\/users\/1"}],"replies":[{"embeddable":true,"href":"https:\/\/jorgezanoni.com.br\/2019\/wp-json\/wp\/v2\/comments?post=16361"}],"version-history":[{"count":0,"href":"https:\/\/jorgezanoni.com.br\/2019\/wp-json\/wp\/v2\/posts\/16361\/revisions"}],"wp:featuredmedia":[{"embeddable":true,"href":"https:\/\/jorgezanoni.com.br\/2019\/wp-json\/wp\/v2\/media\/16362"}],"wp:attachment":[{"href":"https:\/\/jorgezanoni.com.br\/2019\/wp-json\/wp\/v2\/media?parent=16361"}],"wp:term":[{"taxonomy":"category","embeddable":true,"href":"https:\/\/jorgezanoni.com.br\/2019\/wp-json\/wp\/v2\/categories?post=16361"},{"taxonomy":"post_tag","embeddable":true,"href":"https:\/\/jorgezanoni.com.br\/2019\/wp-json\/wp\/v2\/tags?post=16361"}],"curies":[{"name":"wp","href":"https:\/\/api.w.org\/{rel}","templated":true}]}}