{"id":16358,"date":"2020-01-15T01:01:40","date_gmt":"2020-01-15T01:01:40","guid":{"rendered":"https:\/\/jorgezanoni.com.br\/2019\/?p=16358"},"modified":"2020-01-15T01:48:01","modified_gmt":"2020-01-15T01:48:01","slug":"luzes-foram-vistas-no-ceu-de-castilho-na-noite-desta-terca-feira-14","status":"publish","type":"post","link":"https:\/\/jorgezanoni.com.br\/2019\/luzes-foram-vistas-no-ceu-de-castilho-na-noite-desta-terca-feira-14\/","title":{"rendered":"Luzes foram vistas no C\u00e9u de Castilho na noite desta ter\u00e7a-feira (14)"},"content":{"rendered":"<p style=\"text-align: justify;\">VARIAS LUZES S\u00c3O VISTAS NO C\u00c9U DE CASTILHO NESTA NOITE DE TER\u00c7A FEIRA 14\/01 POR VOLTA DAS 20:40, SEGUNDO V\u00c1RIOS RELATOS OS OBJETOS TAMB\u00c9M FORAM VISTOS EM MUITAS CIDADES DA REGI\u00c3O, INCLUSIVE ARA\u00c7ATUBA. (Donnega Imagens)<\/p>\n<p style=\"text-align: justify;\">O Site JZ tamb\u00e9m recebeu algumas mensagens via Whatsapp de Internautas que viram essas luzes passando por Dracena. Afirmaram ser 12 ou 13 a quantidade. Alguns dizem ser avi\u00f5es, at\u00e9 o momento desta mat\u00e9ria n\u00e3o chegou nenhuma imagem oficial. Consultamos o Site Flight Radar que tamb\u00e9m nada indicou.<\/p>\n<p style=\"text-align: justify;\">Jorge Zanoni<\/p>\n<p>DEPOIMENTO DE INTERNAUTA:<\/p>\n<p style=\"text-align: justify;\">Oi eu vi essas luzes aqui em Bastos\/SP eram v\u00e1rias uma andando atr\u00e1s da outra. At\u00e9 perguntei se algu\u00e9m mais tinha visto, e em seguida vi uma postagem que vc fez sobre elas.<\/p>\n","protected":false},"excerpt":{"rendered":"<p>VARIAS LUZES S\u00c3O VISTAS NO C\u00c9U DE CASTILHO NESTA NOITE DE TER\u00c7A FEIRA 14\/01 POR VOLTA DAS 20:40, SEGUNDO V\u00c1RIOS RELATOS OS OBJETOS TAMB\u00c9M FORAM VISTOS EM MUITAS CIDADES DA REGI\u00c3O, INCLUSIVE ARA\u00c7ATUBA. (Donnega Imagens) O Site JZ tamb\u00e9m recebeu algumas mensagens via Whatsapp de Internautas que viram essas luzes passando por Dracena. Afirmaram ser [&hellip;]<\/p>\n","protected":false},"author":1,"featured_media":16359,"comment_status":"closed","ping_status":"open","sticky":false,"template":"","format":"standard","meta":{"footnotes":""},"categories":[114,110],"tags":[],"class_list":["post-16358","post","type-post","status-publish","format-standard","has-post-thumbnail","hentry","category-geralecomercio","category-noticiasdestaque"],"_links":{"self":[{"href":"https:\/\/jorgezanoni.com.br\/2019\/wp-json\/wp\/v2\/posts\/16358","targetHints":{"allow":["GET"]}}],"collection":[{"href":"https:\/\/jorgezanoni.com.br\/2019\/wp-json\/wp\/v2\/posts"}],"about":[{"href":"https:\/\/jorgezanoni.com.br\/2019\/wp-json\/wp\/v2\/types\/post"}],"author":[{"embeddable":true,"href":"https:\/\/jorgezanoni.com.br\/2019\/wp-json\/wp\/v2\/users\/1"}],"replies":[{"embeddable":true,"href":"https:\/\/jorgezanoni.com.br\/2019\/wp-json\/wp\/v2\/comments?post=16358"}],"version-history":[{"count":0,"href":"https:\/\/jorgezanoni.com.br\/2019\/wp-json\/wp\/v2\/posts\/16358\/revisions"}],"wp:featuredmedia":[{"embeddable":true,"href":"https:\/\/jorgezanoni.com.br\/2019\/wp-json\/wp\/v2\/media\/16359"}],"wp:attachment":[{"href":"https:\/\/jorgezanoni.com.br\/2019\/wp-json\/wp\/v2\/media?parent=16358"}],"wp:term":[{"taxonomy":"category","embeddable":true,"href":"https:\/\/jorgezanoni.com.br\/2019\/wp-json\/wp\/v2\/categories?post=16358"},{"taxonomy":"post_tag","embeddable":true,"href":"https:\/\/jorgezanoni.com.br\/2019\/wp-json\/wp\/v2\/tags?post=16358"}],"curies":[{"name":"wp","href":"https:\/\/api.w.org\/{rel}","templated":true}]}}