{"id":16326,"date":"2020-01-14T16:58:26","date_gmt":"2020-01-14T16:58:26","guid":{"rendered":"https:\/\/jorgezanoni.com.br\/2019\/?p=16326"},"modified":"2020-01-14T16:58:26","modified_gmt":"2020-01-14T16:58:26","slug":"secretaria-municipal-de-saude-faz-alerta-de-conscientizacao-da-hanseniase-no-janeiro-roxo","status":"publish","type":"post","link":"https:\/\/jorgezanoni.com.br\/2019\/secretaria-municipal-de-saude-faz-alerta-de-conscientizacao-da-hanseniase-no-janeiro-roxo\/","title":{"rendered":"Secretaria Municipal de Sa\u00fade faz alerta de conscientiza\u00e7\u00e3o da Hansen\u00edase no \u201cJaneiro Roxo\u201d"},"content":{"rendered":"<p style=\"text-align: justify;\">A Prefeitura de Dracena, por meio da Secretaria de Sa\u00fade e Higiene P\u00fablica, informa que janeiro \u00e9 o m\u00eas de conscientiza\u00e7\u00e3o sobre a Hansen\u00edase, chamado de o Janeiro Roxo.<\/p>\n<p style=\"text-align: justify;\">A Hansen\u00edase \u00e9 uma doen\u00e7a que se instala principalmente em nervos e pele. Ela \u00e9 transmitida por vias a\u00e9reas (respira\u00e7\u00e3o) de uma pessoa doente e sem tratamento, pode atingir homens, mulheres, adultos e crian\u00e7as.<\/p>\n<p style=\"text-align: justify;\">Se n\u00e3o tratada ou tratada tardiamente pode causar deformidades nas m\u00e3os, p\u00e9s ou olhos.<\/p>\n<p style=\"text-align: justify;\">Por isso fique atento aos sinais:<\/p>\n<p style=\"text-align: justify;\">Verifique em todo o corpo se existem manchas esbranqui\u00e7adas, caro\u00e7os avermelhados ou castanhos. Caso haja toque nelas e verifique se est\u00e3o dormentes ou se a sensibilidade \u00e9 diferente.<\/p>\n<p style=\"text-align: justify;\">Se voc\u00ea perceber algum destes sinais, desconfie, pode ser Hansen\u00edase. Procure a unidade de sa\u00fade mais pr\u00f3xima de sua casa, o tratamento \u00e9 gratuito.<\/p>\n<p>Fonte: Diretoria de Comunica\u00e7\u00e3o<\/p>\n","protected":false},"excerpt":{"rendered":"<p>A Prefeitura de Dracena, por meio da Secretaria de Sa\u00fade e Higiene P\u00fablica, informa que janeiro \u00e9 o m\u00eas de conscientiza\u00e7\u00e3o sobre a Hansen\u00edase, chamado de o Janeiro Roxo. A Hansen\u00edase \u00e9 uma doen\u00e7a que se instala principalmente em nervos e pele. Ela \u00e9 transmitida por vias a\u00e9reas (respira\u00e7\u00e3o) de uma pessoa doente e sem [&hellip;]<\/p>\n","protected":false},"author":1,"featured_media":16327,"comment_status":"closed","ping_status":"open","sticky":false,"template":"","format":"standard","meta":{"footnotes":""},"categories":[122],"tags":[],"class_list":["post-16326","post","type-post","status-publish","format-standard","has-post-thumbnail","hentry","category-saudeeducacaoeconcurso"],"_links":{"self":[{"href":"https:\/\/jorgezanoni.com.br\/2019\/wp-json\/wp\/v2\/posts\/16326","targetHints":{"allow":["GET"]}}],"collection":[{"href":"https:\/\/jorgezanoni.com.br\/2019\/wp-json\/wp\/v2\/posts"}],"about":[{"href":"https:\/\/jorgezanoni.com.br\/2019\/wp-json\/wp\/v2\/types\/post"}],"author":[{"embeddable":true,"href":"https:\/\/jorgezanoni.com.br\/2019\/wp-json\/wp\/v2\/users\/1"}],"replies":[{"embeddable":true,"href":"https:\/\/jorgezanoni.com.br\/2019\/wp-json\/wp\/v2\/comments?post=16326"}],"version-history":[{"count":0,"href":"https:\/\/jorgezanoni.com.br\/2019\/wp-json\/wp\/v2\/posts\/16326\/revisions"}],"wp:featuredmedia":[{"embeddable":true,"href":"https:\/\/jorgezanoni.com.br\/2019\/wp-json\/wp\/v2\/media\/16327"}],"wp:attachment":[{"href":"https:\/\/jorgezanoni.com.br\/2019\/wp-json\/wp\/v2\/media?parent=16326"}],"wp:term":[{"taxonomy":"category","embeddable":true,"href":"https:\/\/jorgezanoni.com.br\/2019\/wp-json\/wp\/v2\/categories?post=16326"},{"taxonomy":"post_tag","embeddable":true,"href":"https:\/\/jorgezanoni.com.br\/2019\/wp-json\/wp\/v2\/tags?post=16326"}],"curies":[{"name":"wp","href":"https:\/\/api.w.org\/{rel}","templated":true}]}}