{"id":16323,"date":"2020-01-14T16:46:02","date_gmt":"2020-01-14T16:46:02","guid":{"rendered":"https:\/\/jorgezanoni.com.br\/2019\/?p=16323"},"modified":"2020-01-14T16:46:02","modified_gmt":"2020-01-14T16:46:02","slug":"prefeitura-de-dracena-abre-vagas-de-estagio-para-estudantes-de-nivel-superior","status":"publish","type":"post","link":"https:\/\/jorgezanoni.com.br\/2019\/prefeitura-de-dracena-abre-vagas-de-estagio-para-estudantes-de-nivel-superior\/","title":{"rendered":"Prefeitura de Dracena abre vagas de est\u00e1gio para estudantes de n\u00edvel superior"},"content":{"rendered":"<p style=\"text-align: justify;\">Est\u00e3o abertas as inscri\u00e7\u00f5es para 12 (doze) vagas de est\u00e1gio na Secretaria de Educa\u00e7\u00e3o do munic\u00edpio de Dracena. As vagas s\u00e3o direcionadas para os estudantes do ensino superior dos cursos de Letras, Artes, Educa\u00e7\u00e3o F\u00edsica, Matem\u00e1tica ou Pedagogia. A carga hor\u00e1rio di\u00e1ria \u00e9 de 6 (seis) horas e o valor da bolsa est\u00e1gio \u00e9 de R$ 619,67.<\/p>\n<p style=\"text-align: justify;\">Para se inscrever o estudante dever\u00e1 acessar o site\u00a0<a href=\"https:\/\/l.facebook.com\/l.php?u=http%3A%2F%2Fwww.icae.org.br%2F%3Ffbclid%3DIwAR2MjwXXTC61TJbUf3vdRw39iwC1fCm7ovjYCSDtXZunr50u5sgwW484zK0&amp;h=AT0FH1QbtD3bVxGU6iZL_ToAblzXK7glvwStBvzZF3vIs_U7rDNeSXk1PSK5jAM9CIpj4KDOiPPZRgjwPIbaeR5MNyuOVZ8fNwJhKoiBfYeWaxf9OqaqXNUSFHEgomZGzToEtDPu__XWCOjk9mhbfl-yLA6Wgeh9IDWWLhj3IEE7sBFFyEjLSCy3EJ-HVS1XINF5rlgN-aKBxWTB_3Fd15sdk6DpO9qKHpFAIwY9fnZkpLDvabmCm7uo1eWUvDGsO4qrdsoqhYuU620qhoGEc8NduMKwx-Rd1W6EotFMESorKqOfFv26sMSjmzrSi53u83IaeBN-Ebq2kiKOEk_MUBAt0E-61RlxiEOAc1bLBd4bUlZTPCSJCsMC2EAD7LEZqDwAf1Bd7B_H738P9--1A2__TP_sinxPGOBfLKBs1lBvp2CH1QAAjhlnVuUSaTeBLGwgTU_VdjVbTPYrGg_2JFiM8UPeDBs9EayIONPsw8DQStex_NkboTAGuoDgzAWuFmPklVRVl9-Hpm9O051bo7FbERTyQEHXzKvG9BaMD-67q_QXgWi6WFHjHHK0InHhme3aK14paHJRlB0yHAaZXOR9WWtpIGWbD_nh4EBOwsAeGiPb6fGeCFOeNoDgff7kaOwr7Q\" target=\"_blank\" rel=\"noopener noreferrer\">www.icae.org.br<\/a>, efetuar o cadastro como \u201cEstudante\u201d, anexar os documentos solicitados e escolher a vaga desejada.<\/p>\n<table>\n<tbody>\n<tr>\n<td width=\"185\"><strong>LOCAL DO EST\u00c1GIO<\/strong><\/td>\n<td width=\"67\"><strong>VAGAS<\/strong><\/td>\n<td width=\"180\"><strong>PARA ESTUDANTES DO CURSO<\/strong><\/td>\n<td width=\"85\"><strong>CARGA HOR\u00c1RIA<\/strong><\/td>\n<td width=\"132\"><strong>VALOR BOLSA EST\u00c1GIO<\/strong><\/td>\n<\/tr>\n<tr>\n<td width=\"185\">Secretaria de Educa\u00e7\u00e3o<\/td>\n<td width=\"67\">12<\/td>\n<td width=\"180\">Letras, Artes, Educa\u00e7\u00e3o F\u00edsica, Matem\u00e1tica ou Pedagogia<\/td>\n<td width=\"85\">06 horas di\u00e1rias<\/td>\n<td width=\"132\">R$ 619,67<\/td>\n<\/tr>\n<\/tbody>\n<\/table>\n<p style=\"text-align: justify;\"><strong><u>\u00a0<\/u><\/strong><\/p>\n<p style=\"text-align: justify;\"><strong><u>REQUISITOS<\/u><\/strong><u>:<\/u><\/p>\n<p style=\"text-align: justify;\">1 \u2013 Residir no munic\u00edpio de Dracena, matriculados e com freq\u00fc\u00eancia regular em curso de educa\u00e7\u00e3o superior, educa\u00e7\u00e3o profissional, ensino m\u00e9dio, educa\u00e7\u00e3o especial e nos anos finais do ensino fundamental, na modalidade profissional da educa\u00e7\u00e3o de jovens e adultos.<\/p>\n<p style=\"text-align: justify;\">2 \u2013 Idade m\u00ednima de 16 ANOS completos.<\/p>\n<p style=\"text-align: justify;\">3 \u2013 Para se inscrever o estudante dever\u00e1 acessar o site\u00a0<a href=\"http:\/\/www.icae.org.br\/\" target=\"_blank\" rel=\"noopener noreferrer\">www.icae.org.br<\/a>, efetuar o cadastro como \u201cEstudante\u201d, anexar os documentos solicitados e escolher a vaga desejada.<\/p>\n<p>Fonte: Diretoria de Comunica\u00e7\u00e3o<\/p>\n","protected":false},"excerpt":{"rendered":"<p>Est\u00e3o abertas as inscri\u00e7\u00f5es para 12 (doze) vagas de est\u00e1gio na Secretaria de Educa\u00e7\u00e3o do munic\u00edpio de Dracena. As vagas s\u00e3o direcionadas para os estudantes do ensino superior dos cursos de Letras, Artes, Educa\u00e7\u00e3o F\u00edsica, Matem\u00e1tica ou Pedagogia. A carga hor\u00e1rio di\u00e1ria \u00e9 de 6 (seis) horas e o valor da bolsa est\u00e1gio \u00e9 de [&hellip;]<\/p>\n","protected":false},"author":1,"featured_media":16324,"comment_status":"closed","ping_status":"open","sticky":false,"template":"","format":"standard","meta":{"footnotes":""},"categories":[122],"tags":[],"class_list":["post-16323","post","type-post","status-publish","format-standard","has-post-thumbnail","hentry","category-saudeeducacaoeconcurso"],"_links":{"self":[{"href":"https:\/\/jorgezanoni.com.br\/2019\/wp-json\/wp\/v2\/posts\/16323","targetHints":{"allow":["GET"]}}],"collection":[{"href":"https:\/\/jorgezanoni.com.br\/2019\/wp-json\/wp\/v2\/posts"}],"about":[{"href":"https:\/\/jorgezanoni.com.br\/2019\/wp-json\/wp\/v2\/types\/post"}],"author":[{"embeddable":true,"href":"https:\/\/jorgezanoni.com.br\/2019\/wp-json\/wp\/v2\/users\/1"}],"replies":[{"embeddable":true,"href":"https:\/\/jorgezanoni.com.br\/2019\/wp-json\/wp\/v2\/comments?post=16323"}],"version-history":[{"count":0,"href":"https:\/\/jorgezanoni.com.br\/2019\/wp-json\/wp\/v2\/posts\/16323\/revisions"}],"wp:featuredmedia":[{"embeddable":true,"href":"https:\/\/jorgezanoni.com.br\/2019\/wp-json\/wp\/v2\/media\/16324"}],"wp:attachment":[{"href":"https:\/\/jorgezanoni.com.br\/2019\/wp-json\/wp\/v2\/media?parent=16323"}],"wp:term":[{"taxonomy":"category","embeddable":true,"href":"https:\/\/jorgezanoni.com.br\/2019\/wp-json\/wp\/v2\/categories?post=16323"},{"taxonomy":"post_tag","embeddable":true,"href":"https:\/\/jorgezanoni.com.br\/2019\/wp-json\/wp\/v2\/tags?post=16323"}],"curies":[{"name":"wp","href":"https:\/\/api.w.org\/{rel}","templated":true}]}}