{"id":16308,"date":"2020-01-14T15:31:22","date_gmt":"2020-01-14T15:31:22","guid":{"rendered":"https:\/\/jorgezanoni.com.br\/2019\/?p=16308"},"modified":"2020-01-14T15:31:22","modified_gmt":"2020-01-14T15:31:22","slug":"dengue-13-primeiros-dias-do-ano-ja-somam-25-casos-da-doenca-em-dracena","status":"publish","type":"post","link":"https:\/\/jorgezanoni.com.br\/2019\/dengue-13-primeiros-dias-do-ano-ja-somam-25-casos-da-doenca-em-dracena\/","title":{"rendered":"Dengue: 13 primeiros dias do ano j\u00e1 somam 25 casos da doen\u00e7a em Dracena"},"content":{"rendered":"<h2 class=\"jeg_post_subtitle\" style=\"text-align: justify;\"><strong>No Brasil, 2019 registrou o segundo maior n\u00famero de mortes pela doen\u00e7a desde 1998.<\/strong><\/h2>\n<p style=\"text-align: justify;\">Nestes primeiros 13 dias de 2020, a Vigil\u00e2ncia Epidemiol\u00f3gica (VE) local j\u00e1 registrou 25 casos de dengue, sendo todos aut\u00f3ctones contra\u00eddos na cidade. A informa\u00e7\u00e3o \u00e9 da chefe de Informa\u00e7\u00e3o, Educa\u00e7\u00e3o e Comunica\u00e7\u00e3o,\u00a0Aline\u00a0Andrade, da VE. Ela alerta a popula\u00e7\u00e3o a ficar atenta aos cuidados preventivos para evitar a prolifera\u00e7\u00e3o do mosquito Aedes aegypti.<\/p>\n<p style=\"text-align: justify;\">Segundo Aline, durante as visitas as casas, agentes da Vigil\u00e2ncia est\u00e3o encontrando grande quantidade de larvas do mosquito. \u201cTemos equipes trabalhando at\u00e9 aos s\u00e1bados. \u00c9 importante que os moradores fiquem atentos, porque 95% das larvas do Aedes aegypti est\u00e3o sendo encontradas nas resid\u00eancias\u201d, comenta.<\/p>\n<p style=\"text-align: justify;\">\u00c9 importante que todos fa\u00e7am a sua parte quanto a se livrar da procria\u00e7\u00e3o do mosquito, e neste in\u00edcio de ano os cuidados devem estar redobrados devido \u00e0 quantidade de chuva que vem caindo, o que facilita a vida do Aedes Aegypti. Ent\u00e3o nada de deixar \u00e1gua parada.<\/p>\n<p style=\"text-align: justify;\">No ano passado, a VE registrou em Dracena 996 casos de dengue.<\/p>\n<p style=\"text-align: justify;\"><strong>Dengue: 2019 foi o segundo maior em mortes \u00a0<\/strong><\/p>\n<p style=\"text-align: justify;\">Mat\u00e9ria publicada pela Folha de S. Paulo na semana que passou trouxe informa\u00e7\u00e3o que 2019 registrou o segundo maior n\u00famero de mortes pela doen\u00e7a desde 1998, ano de in\u00edcio da s\u00e9rie hist\u00f3rica.<\/p>\n<p style=\"text-align: justify;\">Segundo o Minist\u00e9rio da Sa\u00fade, at\u00e9 o dia 7 de dezembro (2919), haviam morrido de dengue 754 pessoas no Brasil.<\/p>\n<p style=\"text-align: justify;\">Segundo a Folha, na pr\u00e1tica, o total fica abaixo apenas do registrado em 2015, quando houve uma das piores epidemias da doen\u00e7a, com 986 mortes.<\/p>\n<p style=\"text-align: justify;\"><img loading=\"lazy\" decoding=\"async\" class=\"alignnone size-full wp-image-16309\" src=\"https:\/\/jorgezanoni.com.br\/2019\/wp-content\/uploads\/2020\/01\/dengue.jpg\" alt=\"\" width=\"581\" height=\"375\" srcset=\"https:\/\/jorgezanoni.com.br\/2019\/wp-content\/uploads\/2020\/01\/dengue.jpg 581w, https:\/\/jorgezanoni.com.br\/2019\/wp-content\/uploads\/2020\/01\/dengue-300x194.jpg 300w\" sizes=\"auto, (max-width: 581px) 100vw, 581px\" \/><\/p>\n<p style=\"text-align: justify;\">Nas resid\u00eancias \u00e9 onde est\u00e1 se encontrando a maior parte das larvas do mosquito da dengue (Cedida\/VE)<\/p>\n<p style=\"text-align: justify;\">Fonte: Portal Regional<\/p>\n<p style=\"text-align: justify;\">\n","protected":false},"excerpt":{"rendered":"<p>No Brasil, 2019 registrou o segundo maior n\u00famero de mortes pela doen\u00e7a desde 1998. Nestes primeiros 13 dias de 2020, a Vigil\u00e2ncia Epidemiol\u00f3gica (VE) local j\u00e1 registrou 25 casos de dengue, sendo todos aut\u00f3ctones contra\u00eddos na cidade. A informa\u00e7\u00e3o \u00e9 da chefe de Informa\u00e7\u00e3o, Educa\u00e7\u00e3o e Comunica\u00e7\u00e3o,\u00a0Aline\u00a0Andrade, da VE. Ela alerta a popula\u00e7\u00e3o a ficar [&hellip;]<\/p>\n","protected":false},"author":1,"featured_media":16309,"comment_status":"closed","ping_status":"open","sticky":false,"template":"","format":"standard","meta":{"footnotes":""},"categories":[110,122],"tags":[],"class_list":["post-16308","post","type-post","status-publish","format-standard","has-post-thumbnail","hentry","category-noticiasdestaque","category-saudeeducacaoeconcurso"],"_links":{"self":[{"href":"https:\/\/jorgezanoni.com.br\/2019\/wp-json\/wp\/v2\/posts\/16308","targetHints":{"allow":["GET"]}}],"collection":[{"href":"https:\/\/jorgezanoni.com.br\/2019\/wp-json\/wp\/v2\/posts"}],"about":[{"href":"https:\/\/jorgezanoni.com.br\/2019\/wp-json\/wp\/v2\/types\/post"}],"author":[{"embeddable":true,"href":"https:\/\/jorgezanoni.com.br\/2019\/wp-json\/wp\/v2\/users\/1"}],"replies":[{"embeddable":true,"href":"https:\/\/jorgezanoni.com.br\/2019\/wp-json\/wp\/v2\/comments?post=16308"}],"version-history":[{"count":0,"href":"https:\/\/jorgezanoni.com.br\/2019\/wp-json\/wp\/v2\/posts\/16308\/revisions"}],"wp:featuredmedia":[{"embeddable":true,"href":"https:\/\/jorgezanoni.com.br\/2019\/wp-json\/wp\/v2\/media\/16309"}],"wp:attachment":[{"href":"https:\/\/jorgezanoni.com.br\/2019\/wp-json\/wp\/v2\/media?parent=16308"}],"wp:term":[{"taxonomy":"category","embeddable":true,"href":"https:\/\/jorgezanoni.com.br\/2019\/wp-json\/wp\/v2\/categories?post=16308"},{"taxonomy":"post_tag","embeddable":true,"href":"https:\/\/jorgezanoni.com.br\/2019\/wp-json\/wp\/v2\/tags?post=16308"}],"curies":[{"name":"wp","href":"https:\/\/api.w.org\/{rel}","templated":true}]}}