{"id":16286,"date":"2020-01-14T13:49:16","date_gmt":"2020-01-14T13:49:16","guid":{"rendered":"https:\/\/jorgezanoni.com.br\/2019\/?p=16286"},"modified":"2020-01-14T13:49:16","modified_gmt":"2020-01-14T13:49:16","slug":"caso-emanuelle-vizinho-diz-a-policia-que-matou-menina-a-facadas-por-vinganca-contra-a-mae-dela","status":"publish","type":"post","link":"https:\/\/jorgezanoni.com.br\/2019\/caso-emanuelle-vizinho-diz-a-policia-que-matou-menina-a-facadas-por-vinganca-contra-a-mae-dela\/","title":{"rendered":"Caso Emanuelle: vizinho diz \u00e0 pol\u00edcia que matou menina a facadas por vingan\u00e7a contra a m\u00e3e dela"},"content":{"rendered":"<h2 class=\"content-head__subtitle\" style=\"text-align: justify;\"><strong>Menina de 8 anos foi achada morta \u00e0s margens de um c\u00f3rrego em Chavantes (SP). Suspeito \u00e9 vizinho da fam\u00edlia e confessou o crime, que foi motivado, segundo relato do homem \u00e0 pol\u00edcia, porque a mulher n\u00e3o deixava Emanuelle brincar com o enteado dele.<\/strong><\/h2>\n<div class=\"mc-column content-text active-extra-styles \" data-block-type=\"unstyled\" data-block-weight=\"30\" data-block-id=\"2\">\n<p class=\"content-text__container \" style=\"text-align: justify;\" data-track-category=\"Link no Texto\" data-track-links=\"\">A menina de 8 anos que foi encontrada morta depois de\u00a0<a href=\"https:\/\/g1.globo.com\/sp\/bauru-marilia\/noticia\/2020\/01\/11\/menina-desaparece-enquanto-brincava-em-praca-perto-de-casa-em-chavantes.ghtml\">desaparecer enquanto brincava em uma pra\u00e7a<\/a>\u00a0em Chavantes (SP), na sexta-feira (10), foi assassinada a facadas, informou a pol\u00edcia.<\/p>\n<\/div>\n<div class=\"wall protected-content\">\n<div class=\"mc-column content-text active-extra-styles \" data-block-type=\"unstyled\" data-block-weight=\"44\" data-block-id=\"3\">\n<p class=\"content-text__container \" style=\"text-align: justify;\" data-track-category=\"Link no Texto\" data-track-links=\"\">O corpo de Emanuelle Pestana de Castro\u00a0<a href=\"https:\/\/g1.globo.com\/sp\/bauru-marilia\/noticia\/2020\/01\/13\/menina-de-8-anos-que-sumiu-apos-brincar-em-praca-e-achada-morta-na-area-rural-de-chavantes.ghtml\">foi encontrado na noite desta segunda-feira (13)<\/a>, por volta das 23h, em uma \u00e1rea de mata na Fazenda Santana Nova. O suspeito disse, durante depoimento \u00e0 pol\u00edcia, que matou a menina por vingan\u00e7a contra a m\u00e3e dela.<\/p>\n<p style=\"text-align: justify;\" data-track-category=\"Link no Texto\" data-track-links=\"\">Equipes da Pol\u00edcia Civil e Pol\u00edcia Militar foram acionadas depois que o suspeito, Agnaldo Guilherme Assun\u00e7\u00e3o, de 49 anos, vizinho da fam\u00edlia da menina, confessou que matou Emanuelle a facadas e indicou onde estava o corpo.<\/p>\n<div class=\"mc-column content-text active-extra-styles \" style=\"text-align: justify;\" data-block-type=\"unstyled\" data-block-weight=\"19\" data-block-id=\"8\">\n<p class=\"content-text__container \" data-track-category=\"Link no Texto\" data-track-links=\"\">Ap\u00f3s a confiss\u00e3o, as equipes foram at\u00e9 o local e encontraram a menina morta ao lado de um c\u00f3rrego.<\/p>\n<\/div>\n<div class=\"mc-column content-text active-extra-styles \" style=\"text-align: justify;\" data-block-type=\"unstyled\" data-block-weight=\"23\" data-block-id=\"9\">\n<p class=\"content-text__container \" data-track-category=\"Link no Texto\" data-track-links=\"\">A per\u00edcia identificou marcas de faca pelo corpo, uma nas costas e tr\u00eas no peito. Agnaldo foi preso e levado para a cadeia.<\/p>\n<\/div>\n<div class=\"mc-column content-text active-extra-styles \" data-block-type=\"unstyled\" data-block-weight=\"27\" data-block-id=\"10\">\n<p class=\"content-text__container \" style=\"text-align: justify;\" data-track-category=\"Link no Texto\" data-track-links=\"\">O suspeito contou \u00e0 pol\u00edcia que matou Emanuelle por vingan\u00e7a contra a m\u00e3e dela, j\u00e1 que a mulher n\u00e3o deixava a menina brincar com o enteado dele.<\/p>\n<p style=\"text-align: justify;\" data-track-category=\"Link no Texto\" data-track-links=\"\"><img loading=\"lazy\" decoding=\"async\" class=\"alignnone size-full wp-image-16287\" src=\"https:\/\/jorgezanoni.com.br\/2019\/wp-content\/uploads\/2020\/01\/agnaldo.jpg\" alt=\"\" width=\"640\" height=\"387\" srcset=\"https:\/\/jorgezanoni.com.br\/2019\/wp-content\/uploads\/2020\/01\/agnaldo.jpg 640w, https:\/\/jorgezanoni.com.br\/2019\/wp-content\/uploads\/2020\/01\/agnaldo-300x181.jpg 300w\" sizes=\"auto, (max-width: 640px) 100vw, 640px\" \/>Agnaldo \u00e9 vizinho de Emanuelle e confessou que matou a menina a facadas em Chavantes \u2014 Foto: Reprodu\u00e7\u00e3o\/TV TEM<\/p>\n<div class=\"mc-column content-text active-extra-styles \" style=\"text-align: justify;\" data-block-type=\"unstyled\" data-block-weight=\"28\" data-block-id=\"12\">\n<p class=\"content-text__container \" data-track-category=\"Link no Texto\" data-track-links=\"\">O corpo de Emanuelle foi encaminhado para o Instituto M\u00e9dico Legal (IML). Exame de corpo de delito deve apontar a causa da morte e se houve abuso sexual.<\/p>\n<\/div>\n<div class=\"mc-column content-text active-extra-styles\" data-block-type=\"raw\" data-block-weight=\"3\" data-block-id=\"13\">\n<div class=\"content-intertitle\">\n<h2 style=\"text-align: justify;\">C\u00e2meras de seguran\u00e7a<\/h2>\n<div class=\"mc-column content-text active-extra-styles \" style=\"text-align: justify;\" data-block-type=\"unstyled\" data-block-weight=\"27\" data-block-id=\"16\">\n<p class=\"content-text__container \" data-track-category=\"Link no Texto\" data-track-links=\"\">A pol\u00edcia levantou imagens do circuito de monitoramento ao redor da pra\u00e7a onde Emanuelle brincava quando desapareceu e verificou que o suspeito aparecia duas vezes no v\u00eddeo.<\/p>\n<\/div>\n<div class=\"mc-column content-text active-extra-styles \" data-block-type=\"unstyled\" data-block-weight=\"41\" data-block-id=\"17\">\n<p class=\"content-text__container \" style=\"text-align: justify;\" data-track-category=\"Link no Texto\" data-track-links=\"\">O que chamou a aten\u00e7\u00e3o da pol\u00edcia \u00e9 que, no mesmo dia, ele aparece cada vez com uma roupa diferente. Em um primeiro momento, de camiseta branca e a p\u00e9. J\u00e1 em um segundo momento, de camiseta vermelha e de bicicleta.<\/p>\n<p style=\"text-align: justify;\" data-track-category=\"Link no Texto\" data-track-links=\"\"><img loading=\"lazy\" decoding=\"async\" class=\"alignnone size-full wp-image-16288\" src=\"https:\/\/jorgezanoni.com.br\/2019\/wp-content\/uploads\/2020\/01\/agnaldo2.jpg\" alt=\"\" width=\"640\" height=\"398\" srcset=\"https:\/\/jorgezanoni.com.br\/2019\/wp-content\/uploads\/2020\/01\/agnaldo2.jpg 640w, https:\/\/jorgezanoni.com.br\/2019\/wp-content\/uploads\/2020\/01\/agnaldo2-300x187.jpg 300w, https:\/\/jorgezanoni.com.br\/2019\/wp-content\/uploads\/2020\/01\/agnaldo2-356x220.jpg 356w\" sizes=\"auto, (max-width: 640px) 100vw, 640px\" \/>Emanuelle foi encontrada morta na noite de segunda-feira (13) na zona rural de Chavantes \u2014 Foto: Reprodu\u00e7\u00e3o\/TV TEM<\/p>\n<div class=\"mc-column content-text active-extra-styles \" style=\"text-align: justify;\" data-block-type=\"unstyled\" data-block-weight=\"45\" data-block-id=\"19\">\n<p class=\"content-text__container \" data-track-category=\"Link no Texto\" data-track-links=\"\">Ap\u00f3s ser identificado, Agnaldo Guilherme Assun\u00e7\u00e3o foi interrogado nesta segunda-feira e havia negado saber de qualquer informa\u00e7\u00e3o sobre o desaparecimento da crian\u00e7a. Contudo, acabou confessando \u00e0 pol\u00edcia o crime. Ele foi preso em flagrante e deve ser indiciado por homic\u00eddio qualificado e oculta\u00e7\u00e3o de cad\u00e1ver.<\/p>\n<\/div>\n<div class=\"content-ads content-ads--reveal\" style=\"text-align: justify;\" data-block-type=\"ads\" data-block-id=\"20\"><\/div>\n<div class=\"mc-column content-text active-extra-styles \" style=\"text-align: justify;\" data-block-type=\"unstyled\" data-block-weight=\"24\" data-block-id=\"21\">\n<p class=\"content-text__container \" data-track-category=\"Link no Texto\" data-track-links=\"\">Imagens de c\u00e2meras de seguran\u00e7a divulgadas nesta segunda-feira mostram o momento em que Emanuelle vai na dire\u00e7\u00e3o da pra\u00e7a onde sumiu, no bairro Cohab.<\/p>\n<\/div>\n<div class=\"mc-column content-text active-extra-styles \" style=\"text-align: justify;\" data-block-type=\"unstyled\" data-block-weight=\"40\" data-block-id=\"22\">\n<p class=\"content-text__container \" data-track-category=\"Link no Texto\" data-track-links=\"\">Logo ap\u00f3s brincar em um parquinho, a menina n\u00e3o foi mais vista por volta das 17h, quando a amiga que a acompanhava foi embora. Segundo a fam\u00edlia, a m\u00e3e ia verificar como a filha estava no local, mas n\u00e3o encontrou.<\/p>\n<p data-track-category=\"Link no Texto\" data-track-links=\"\"><img loading=\"lazy\" decoding=\"async\" class=\"alignnone size-full wp-image-16289\" src=\"https:\/\/jorgezanoni.com.br\/2019\/wp-content\/uploads\/2020\/01\/emanuele23.jpg\" alt=\"\" width=\"640\" height=\"442\" srcset=\"https:\/\/jorgezanoni.com.br\/2019\/wp-content\/uploads\/2020\/01\/emanuele23.jpg 640w, https:\/\/jorgezanoni.com.br\/2019\/wp-content\/uploads\/2020\/01\/emanuele23-300x207.jpg 300w, https:\/\/jorgezanoni.com.br\/2019\/wp-content\/uploads\/2020\/01\/emanuele23-100x70.jpg 100w, https:\/\/jorgezanoni.com.br\/2019\/wp-content\/uploads\/2020\/01\/emanuele23-218x150.jpg 218w, https:\/\/jorgezanoni.com.br\/2019\/wp-content\/uploads\/2020\/01\/emanuele23-608x420.jpg 608w\" sizes=\"auto, (max-width: 640px) 100vw, 640px\" \/><\/p>\n<p data-track-category=\"Link no Texto\" data-track-links=\"\">Novas imagens mostram menina a caminho de pra\u00e7a momentos antes de desaparecer no interior de SP \u2014 Foto: Divulga\u00e7\u00e3o\/C\u00e2meras de Seguran\u00e7a<\/p>\n<div class=\"mc-column content-text active-extra-styles \" data-block-type=\"unstyled\" data-block-weight=\"20\" data-block-id=\"24\">\n<p class=\"content-text__container \" data-track-category=\"Link no Texto\" data-track-links=\"\">Desde ent\u00e3o, familiares, vizinhos, policiais, canil e at\u00e9 uma equipe de volunt\u00e1rios de Mar\u00edlia se mobilizaram nas buscas pela crian\u00e7a.<\/p>\n<\/div>\n<div class=\"mc-column content-text active-extra-styles \" data-block-type=\"unstyled\" data-block-weight=\"34\" data-block-id=\"25\">\n<p class=\"content-text__container \" data-track-category=\"Link no Texto\" data-track-links=\"\"><a href=\"https:\/\/g1.globo.com\/sp\/bauru-marilia\/noticia\/2020\/01\/12\/camera-de-seguranca-mostra-menina-em-praca-momentos-antes-de-desaparecer-em-chavantes.ghtml\">J\u00e1 em outras imagens de c\u00e2meras de seguran\u00e7a<\/a>, Emanuelle aparece na pra\u00e7a brincando. Volunt\u00e1rios do SICOE, equipe de Mar\u00edlia especializada neste tipo de ocorr\u00eancia, tamb\u00e9m foram at\u00e9 o local para ajudar nas buscas.<\/p>\n<p data-track-category=\"Link no Texto\" data-track-links=\"\"><img loading=\"lazy\" decoding=\"async\" class=\"alignnone size-full wp-image-16290\" src=\"https:\/\/jorgezanoni.com.br\/2019\/wp-content\/uploads\/2020\/01\/ema.jpg\" alt=\"\" width=\"640\" height=\"370\" srcset=\"https:\/\/jorgezanoni.com.br\/2019\/wp-content\/uploads\/2020\/01\/ema.jpg 640w, https:\/\/jorgezanoni.com.br\/2019\/wp-content\/uploads\/2020\/01\/ema-300x173.jpg 300w\" sizes=\"auto, (max-width: 640px) 100vw, 640px\" \/> <img loading=\"lazy\" decoding=\"async\" class=\"alignnone size-full wp-image-16291\" src=\"https:\/\/jorgezanoni.com.br\/2019\/wp-content\/uploads\/2020\/01\/ema-1.jpg\" alt=\"\" width=\"640\" height=\"370\" srcset=\"https:\/\/jorgezanoni.com.br\/2019\/wp-content\/uploads\/2020\/01\/ema-1.jpg 640w, https:\/\/jorgezanoni.com.br\/2019\/wp-content\/uploads\/2020\/01\/ema-1-300x173.jpg 300w\" sizes=\"auto, (max-width: 640px) 100vw, 640px\" \/>C\u00e2mera de seguran\u00e7a mostra menina em pra\u00e7a momentos antes de desaparecer em Chavantes \u2014 Foto: C\u00e2mera de seguran\u00e7a\/Reprodu\u00e7\u00e3o<\/p>\n<p data-track-category=\"Link no Texto\" data-track-links=\"\">Fonte: https:\/\/g1.globo.com\/sp\/bauru-marilia\/noticia\/2020\/01\/14\/caso-emanuelle-vizinho-diz-a-policia-que-matou-menina-a-facadas-por-vinganca-contra-a-mae-dela.ghtml<\/p>\n<p data-track-category=\"Link no Texto\" data-track-links=\"\">\n<\/div>\n<\/div>\n<div class=\"row medium-uncollapsed content-media content-photo\" data-block-type=\"backstage-photo\" data-block-id=\"23\">\n<div class=\"mc-column content-media__container\">\n<div class=\"progressive-img can-open-lightbox\" style=\"text-align: justify;\" data-min-size=\"1008x695\" data-min-size-url=\"https:\/\/s2.glbimg.com\/GOQgPk3wqmxi_noKQ_5zI3vAGMw=\/0x0:442x305\/1008x0\/smart\/filters:strip_icc()\/i.s3.glbimg.com\/v1\/AUTH_59edd422c0c84a879bd37670ae4f538a\/internal_photos\/bs\/2020\/n\/h\/z4gu2PQfAwiIV6lNA6GA\/emanuele23.jpg\" data-max-size=\"1600x1104\" data-max-size-url=\"https:\/\/s2.glbimg.com\/UXgwtuNusrLnw9mG8IWxcO5UWik=\/0x0:442x305\/1600x0\/smart\/filters:strip_icc()\/i.s3.glbimg.com\/v1\/AUTH_59edd422c0c84a879bd37670ae4f538a\/internal_photos\/bs\/2020\/n\/h\/z4gu2PQfAwiIV6lNA6GA\/emanuele23.jpg\" data-media-index=\"3\"><\/div>\n<\/div>\n<\/div>\n<\/div>\n<p>&nbsp;<\/p>\n<\/div>\n<\/div>\n<\/div>\n<p data-track-category=\"Link no Texto\" data-track-links=\"\">\n<\/div>\n<\/div>\n","protected":false},"excerpt":{"rendered":"<p>Menina de 8 anos foi achada morta \u00e0s margens de um c\u00f3rrego em Chavantes (SP). Suspeito \u00e9 vizinho da fam\u00edlia e confessou o crime, que foi motivado, segundo relato do homem \u00e0 pol\u00edcia, porque a mulher n\u00e3o deixava Emanuelle brincar com o enteado dele. A menina de 8 anos que foi encontrada morta depois de\u00a0desaparecer [&hellip;]<\/p>\n","protected":false},"author":1,"featured_media":16292,"comment_status":"closed","ping_status":"open","sticky":false,"template":"","format":"standard","meta":{"footnotes":""},"categories":[110,2],"tags":[],"class_list":["post-16286","post","type-post","status-publish","format-standard","has-post-thumbnail","hentry","category-noticiasdestaque","category-policial"],"_links":{"self":[{"href":"https:\/\/jorgezanoni.com.br\/2019\/wp-json\/wp\/v2\/posts\/16286","targetHints":{"allow":["GET"]}}],"collection":[{"href":"https:\/\/jorgezanoni.com.br\/2019\/wp-json\/wp\/v2\/posts"}],"about":[{"href":"https:\/\/jorgezanoni.com.br\/2019\/wp-json\/wp\/v2\/types\/post"}],"author":[{"embeddable":true,"href":"https:\/\/jorgezanoni.com.br\/2019\/wp-json\/wp\/v2\/users\/1"}],"replies":[{"embeddable":true,"href":"https:\/\/jorgezanoni.com.br\/2019\/wp-json\/wp\/v2\/comments?post=16286"}],"version-history":[{"count":0,"href":"https:\/\/jorgezanoni.com.br\/2019\/wp-json\/wp\/v2\/posts\/16286\/revisions"}],"wp:featuredmedia":[{"embeddable":true,"href":"https:\/\/jorgezanoni.com.br\/2019\/wp-json\/wp\/v2\/media\/16292"}],"wp:attachment":[{"href":"https:\/\/jorgezanoni.com.br\/2019\/wp-json\/wp\/v2\/media?parent=16286"}],"wp:term":[{"taxonomy":"category","embeddable":true,"href":"https:\/\/jorgezanoni.com.br\/2019\/wp-json\/wp\/v2\/categories?post=16286"},{"taxonomy":"post_tag","embeddable":true,"href":"https:\/\/jorgezanoni.com.br\/2019\/wp-json\/wp\/v2\/tags?post=16286"}],"curies":[{"name":"wp","href":"https:\/\/api.w.org\/{rel}","templated":true}]}}